{"id":140134,"date":"2025-05-30T21:20:14","date_gmt":"2025-05-30T21:20:14","guid":{"rendered":"https:\/\/www.europesays.com\/fr\/140134\/"},"modified":"2025-05-30T21:20:14","modified_gmt":"2025-05-30T21:20:14","slug":"canoe-kayak-une-selective-de-prestige-sur-le-bassin-des-remparts-a-strasbourg","status":"publish","type":"post","link":"https:\/\/www.europesays.com\/fr\/140134\/","title":{"rendered":"Cano\u00eb-kayak. Une s\u00e9lective de prestige sur le bassin des Remparts \u00e0 Strasbourg"},"content":{"rendered":"<p>Cela fait plusieurs ann\u00e9es que Strasbourg Eaux-Vives d\u00e9sirait \u00ab\u00a0organiser une manifestation de cette envergure\u00a0\u00bb, glisse Marc Amir-Tahmasseb.<\/p>\n<p>\u00ab\u00a0On fait partie du Top 5 fran\u00e7ais, encha\u00eene le nouveau pr\u00e9sident du club. L\u2019id\u00e9e, c\u2019est d\u2019exploiter ce bassin o\u00f9 l\u2019on s\u2019entra\u00eene tous les jours et faire de l\u2019\u00e9v\u00e9nement un beau moyen de promotion pour notre association, aupr\u00e8s du public et des collectivit\u00e9s.\u00a0\u00bb<\/p>\n<p>Si le club accueille pr\u00e8s de 6\u00a0000 pratiquants \u00e0 l\u2019ann\u00e9e&#8230;<\/p>\n","protected":false},"excerpt":{"rendered":"Cela fait plusieurs ann\u00e9es que Strasbourg Eaux-Vives d\u00e9sirait \u00ab\u00a0organiser une manifestation de cette envergure\u00a0\u00bb, glisse Marc Amir-Tahmasseb. \u00ab\u00a0On&hellip;\n","protected":false},"author":2,"featured_media":140135,"comment_status":"","ping_status":"","sticky":false,"template":"","format":"standard","meta":{"footnotes":""},"categories":[2820],"tags":[1111,11,2389,2649,16814,2880,1777,674,107,1011,27,775,12,25,517,15103,640,2879],"class_list":{"0":"post-140134","1":"post","2":"type-post","3":"status-publish","4":"format-standard","5":"has-post-thumbnail","7":"category-strasbourg","8":"tag-actu","9":"tag-actualites","10":"tag-alsace","11":"tag-bas-rhin","12":"tag-canoe-kayak","13":"tag-edition-strasbourg","14":"tag-eu","15":"tag-europe","16":"tag-fil-info","17":"tag-fr","18":"tag-france","19":"tag-grand-est","20":"tag-news","21":"tag-republique-francaise","22":"tag-sport","23":"tag-sports-nautiques","24":"tag-strasbourg","25":"tag-strasbourg-ville"},"share_on_mastodon":{"url":"https:\/\/pubeurope.com\/@fr\/114598879114767183","error":""},"_links":{"self":[{"href":"https:\/\/www.europesays.com\/fr\/wp-json\/wp\/v2\/posts\/140134","targetHints":{"allow":["GET"]}}],"collection":[{"href":"https:\/\/www.europesays.com\/fr\/wp-json\/wp\/v2\/posts"}],"about":[{"href":"https:\/\/www.europesays.com\/fr\/wp-json\/wp\/v2\/types\/post"}],"author":[{"embeddable":true,"href":"https:\/\/www.europesays.com\/fr\/wp-json\/wp\/v2\/users\/2"}],"replies":[{"embeddable":true,"href":"https:\/\/www.europesays.com\/fr\/wp-json\/wp\/v2\/comments?post=140134"}],"version-history":[{"count":0,"href":"https:\/\/www.europesays.com\/fr\/wp-json\/wp\/v2\/posts\/140134\/revisions"}],"wp:featuredmedia":[{"embeddable":true,"href":"https:\/\/www.europesays.com\/fr\/wp-json\/wp\/v2\/media\/140135"}],"wp:attachment":[{"href":"https:\/\/www.europesays.com\/fr\/wp-json\/wp\/v2\/media?parent=140134"}],"wp:term":[{"taxonomy":"category","embeddable":true,"href":"https:\/\/www.europesays.com\/fr\/wp-json\/wp\/v2\/categories?post=140134"},{"taxonomy":"post_tag","embeddable":true,"href":"https:\/\/www.europesays.com\/fr\/wp-json\/wp\/v2\/tags?post=140134"}],"curies":[{"name":"wp","href":"https:\/\/api.w.org\/{rel}","templated":true}]}}