{"id":140148,"date":"2025-05-30T21:27:09","date_gmt":"2025-05-30T21:27:09","guid":{"rendered":"https:\/\/www.europesays.com\/fr\/140148\/"},"modified":"2025-05-30T21:27:09","modified_gmt":"2025-05-30T21:27:09","slug":"toulouse-cet-evenement-trentenaire-permet-de-decouvrir-120-langues-et-cultures-differentes","status":"publish","type":"post","link":"https:\/\/www.europesays.com\/fr\/140148\/","title":{"rendered":"Toulouse. Cet \u00e9v\u00e9nement trentenaire permet de d\u00e9couvrir 120 langues et cultures diff\u00e9rentes"},"content":{"rendered":"<p>            Par<br \/>\n        <strong><br \/>\n            <a href=\"https:\/\/actu.fr\/auteur\/ancelin-emeryhenriot\" title=\"Consulter tous les articles de Ancelin Emery-Henriot\" rel=\"nofollow noopener\" target=\"_blank\">Ancelin Emery-Henriot<\/a><br \/>\n        <\/strong><\/p>\n<p>        Publi\u00e9 le<\/p>\n<p>            30 mai 2025 \u00e0 22h09        <\/p>\n<p>L\u2019euphorie du 30e anniversaire est retomb\u00e9e. Celle du <strong>Forom de langues et cultures<\/strong> devrait, elle, bien perdurer. L\u2019\u00e9v\u00e9nement annuel est de retour \u00e0 <a href=\"https:\/\/actu.fr\/toulouse\/\" rel=\"nofollow noopener\" target=\"_blank\">Toulouse<\/a> pour une <strong>32\u1d49 \u00e9dition<\/strong>. Cette ann\u00e9e, rendez-vous le dimanche 1er juin 2025 sur la place Saint-Sernin.<\/p>\n<p>Promouvoir toutes les langues\u00a0<\/p>\n<p class=\" wall-content\">Et la doctrine de l\u2019\u00e9v\u00e9nement ne change pas. Elle peut se r\u00e9sumer \u00e0 une id\u00e9e : \u201cPr\u00e9senter <strong>le plus de langues<\/strong> possible, toutes sur un <strong>pied d\u2019\u00e9galit\u00e9<\/strong>, en m\u00e9langeant sur la place publique un forum de type animation populaire et des conversations de haut niveau accessibles au plus large public\u201d, indique l\u2019organisation dans un communiqu\u00e9. \u201cPas de <strong>sous-langues<\/strong>, pas de sous-hommes : c\u2019est la premi\u00e8re chose \u00e0 comprendre\u201d, pr\u00e9cise <strong>Claude Sicre<\/strong>, concepteur du forum.<\/p>\n<p class=\" wall-content\">Plus encore, l\u2019objectif est de <strong>ne pas se limiter<\/strong> au langage : \u201cLa pr\u00e9sentation des langues s\u2019\u00e9largit \u00e0 celle de <strong>la culture<\/strong>, des arts, de l\u2019histoire et de la g\u00e9ographie des peuples parlant ces langues.\u201d Encore une fois, celui qui est aussi chanteur du groupe Fabulous Trobadors va plus loin : \u201cOn l\u2019appelle forom des langues et des cultures parce que si l\u2019on peut identifier une langue, <strong>on ne sait pas<\/strong> o\u00f9 commence et o\u00f9 s\u2019arr\u00eate une culture\u2026\u201d<\/p>\n<p>La programmation<\/p>\n<p class=\" wall-content\">Outre les traditionnels stands, plusieurs <strong>\u00e9v\u00e9nements sp\u00e9ciaux<\/strong> animeront la journ\u00e9e :\u00a0<\/p>\n<p>Vid\u00e9os : en ce moment sur Actu<\/p>\n<ul class=\" wall-content\">\n<li><strong>12h30<\/strong>: Inauguration<\/li>\n<li><strong>14h30<\/strong> : Conversation sur Jean Jaur\u00e8s et les langues du monde, avec R\u00e9my Pech, Ulrike Brummert, Michel Feltin-Palas, Benjamin Assi\u00e9<\/li>\n<li><strong>16h<\/strong>\u00a0: D\u00e9bat sur les langues de l\u2019immigration avec des repr\u00e9sentants associatifs et institutionnels.<\/li>\n<\/ul>\n<p class=\" wall-content\">Pr\u00e9cisons que le forum aura lieu de 10h \u00e0 19h.<\/p>\n<p><strong>Infos Pratiques<\/strong><br \/>Forom des Langues, Place Saint-Sernin \u00e0 Toulouse.<br \/>Entr\u00e9e libre et gratuite<\/p>\n<p class=\" wall-content\">Suivez toute l\u2019actualit\u00e9 de vos villes et m\u00e9dias favoris en vous inscrivant \u00e0 <a href=\"https:\/\/moncompte.actu.fr\" title=\"D\u00e9couvez Mon Actu\" rel=\"nofollow noopener\" data-trk=\"{&quot;cta&quot;:{&quot;action&quot;:&quot;https:\\\/\\\/moncompte.actu.fr&quot;,&quot;category&quot;:&quot;mon compte&quot;,&quot;from&quot;:&quot;article footer&quot;,&quot;name&quot;:&quot;Mon actu&quot;,&quot;type&quot;:&quot;cta&quot;}}\" target=\"_blank\">Mon Actu<\/a>.<\/p>\n","protected":false},"excerpt":{"rendered":"Par Ancelin Emery-Henriot Publi\u00e9 le 30 mai 2025 \u00e0 22h09 L\u2019euphorie du 30e anniversaire est retomb\u00e9e. Celle du&hellip;\n","protected":false},"author":2,"featured_media":140149,"comment_status":"","ping_status":"","sticky":false,"template":"","format":"standard","meta":{"footnotes":""},"categories":[2816],"tags":[1111,11,1777,674,1011,27,1652,12,2680,25,1341,2312],"class_list":{"0":"post-140148","1":"post","2":"type-post","3":"status-publish","4":"format-standard","5":"has-post-thumbnail","7":"category-toulouse","8":"tag-actu","9":"tag-actualites","10":"tag-eu","11":"tag-europe","12":"tag-fr","13":"tag-france","14":"tag-loisirs-culture","15":"tag-news","16":"tag-occitanie","17":"tag-republique-francaise","18":"tag-sortir-a-toulouse","19":"tag-toulouse"},"share_on_mastodon":{"url":"https:\/\/pubeurope.com\/@fr\/114598906659209004","error":""},"_links":{"self":[{"href":"https:\/\/www.europesays.com\/fr\/wp-json\/wp\/v2\/posts\/140148","targetHints":{"allow":["GET"]}}],"collection":[{"href":"https:\/\/www.europesays.com\/fr\/wp-json\/wp\/v2\/posts"}],"about":[{"href":"https:\/\/www.europesays.com\/fr\/wp-json\/wp\/v2\/types\/post"}],"author":[{"embeddable":true,"href":"https:\/\/www.europesays.com\/fr\/wp-json\/wp\/v2\/users\/2"}],"replies":[{"embeddable":true,"href":"https:\/\/www.europesays.com\/fr\/wp-json\/wp\/v2\/comments?post=140148"}],"version-history":[{"count":0,"href":"https:\/\/www.europesays.com\/fr\/wp-json\/wp\/v2\/posts\/140148\/revisions"}],"wp:featuredmedia":[{"embeddable":true,"href":"https:\/\/www.europesays.com\/fr\/wp-json\/wp\/v2\/media\/140149"}],"wp:attachment":[{"href":"https:\/\/www.europesays.com\/fr\/wp-json\/wp\/v2\/media?parent=140148"}],"wp:term":[{"taxonomy":"category","embeddable":true,"href":"https:\/\/www.europesays.com\/fr\/wp-json\/wp\/v2\/categories?post=140148"},{"taxonomy":"post_tag","embeddable":true,"href":"https:\/\/www.europesays.com\/fr\/wp-json\/wp\/v2\/tags?post=140148"}],"curies":[{"name":"wp","href":"https:\/\/api.w.org\/{rel}","templated":true}]}}