{"id":140152,"date":"2025-05-30T21:30:21","date_gmt":"2025-05-30T21:30:21","guid":{"rendered":"https:\/\/www.europesays.com\/fr\/140152\/"},"modified":"2025-05-30T21:30:21","modified_gmt":"2025-05-30T21:30:21","slug":"dedicace-avec-andrea_drw_-a-la-fnac-lille","status":"publish","type":"post","link":"https:\/\/www.europesays.com\/fr\/140152\/","title":{"rendered":"D\u00e9dicace avec @andrea_drw_ \u00e0 la Fnac Lille !"},"content":{"rendered":"<p>Andrea, illustratrice sur les r\u00e9seaux, sera l\u2019invit\u00e9e de la Fnac Lille pour une s\u00e9ance de d\u00e9dicaces \u00e0 l\u2019occasion de la sortie de son agenda sketchbook (Millesima).<\/p>\n<p>                            Andrea, star de Tiktok\u00a0aux plus de 3 millions d\u2019abonn\u00e9s et sp\u00e9cialite de la cr\u00e9ation des pages de garde,\u00a0sera en d\u00e9dicace \u00e0 la Fnac Lille !<\/p>\n<p>\u2013 8 pages de garde in\u00e9dites avec leur vid\u00e9o-tuto accessibles par QR codes,<br \/>\u2013 de nombreux jeux pour tuer le temps les week-ends, les vacances et les jours f\u00e9ri\u00e9s,<br \/>\u2013 des mandalas \u00e0 colorier<br \/>\u2013 des calendriers mensuels chaque d\u00e9but de mois pour visualiser son emploi du temps.<\/p>\n<p><strong>Andr\u00e9a (@andrea_drw_)<\/strong> est une illustratrice r\u00e9v\u00e9l\u00e9e sur TikTok en 2020. Suivie par des millions de fans sur ses r\u00e9seaux sociaux, elle partage quotidiennement des tutos faciles pour apprendre \u00e0 dessiner.<\/p>\n<p style=\"text-align: center;\">*\u00c9v\u00e9nement gratuit, acc\u00e8s libre dans la limite des places disponibles<\/p>\n<p>        <img decoding=\"async\" src=\"https:\/\/www.europesays.com\/fr\/wp-content\/uploads\/2025\/04\/logo-rse.png\" alt=\"Logo RSE\" loading=\"lazy\" width=\"84\" height=\"116\"\/><\/p>\n<p>\n        La Fnac s\u2019engage activement dans les initiatives de responsabilit\u00e9 soci\u00e9tale des entreprises (RSE).\n    <\/p>\n<p>\n        Aidez-nous en choisissant la mobilit\u00e9 douce en privil\u00e9giant par exemple le v\u00e9lo (pistes cyclables et stationnements \u00e0 disposition), les transports en commun ou le covoiturage pour nous rejoindre. Ainsi, vous contribuez \u00e0 r\u00e9duire les \u00e9missions de gaz \u00e0 effet de serre et \u00e0 am\u00e9liorer notre qualit\u00e9 de l\u2019air. Pour plus d\u2019information, consultez la fiche du magasin.<br \/>Tous nos \u00e9v\u00e8nements sont en acc\u00e8s gratuit, dans la limite des places disponibles.\n    <\/p>\n","protected":false},"excerpt":{"rendered":"Andrea, illustratrice sur les r\u00e9seaux, sera l\u2019invit\u00e9e de la Fnac Lille pour une s\u00e9ance de d\u00e9dicaces \u00e0 l\u2019occasion&hellip;\n","protected":false},"author":2,"featured_media":140153,"comment_status":"","ping_status":"","sticky":false,"template":"","format":"standard","meta":{"footnotes":""},"categories":[2815],"tags":[26757,1111,11,1777,674,1011,27,811,1307,2003,12,25,26758,26759],"class_list":{"0":"post-140152","1":"post","2":"type-post","3":"status-publish","4":"format-standard","5":"has-post-thumbnail","7":"category-lille","8":"tag-andrea_drw_","9":"tag-actu","10":"tag-actualites","11":"tag-eu","12":"tag-europe","13":"tag-fr","14":"tag-france","15":"tag-hauts-de-france","16":"tag-lille","17":"tag-livre","18":"tag-news","19":"tag-republique-francaise","20":"tag-sketches","21":"tag-tiktokeur"},"share_on_mastodon":{"url":"https:\/\/pubeurope.com\/@fr\/114598918442061131","error":""},"_links":{"self":[{"href":"https:\/\/www.europesays.com\/fr\/wp-json\/wp\/v2\/posts\/140152","targetHints":{"allow":["GET"]}}],"collection":[{"href":"https:\/\/www.europesays.com\/fr\/wp-json\/wp\/v2\/posts"}],"about":[{"href":"https:\/\/www.europesays.com\/fr\/wp-json\/wp\/v2\/types\/post"}],"author":[{"embeddable":true,"href":"https:\/\/www.europesays.com\/fr\/wp-json\/wp\/v2\/users\/2"}],"replies":[{"embeddable":true,"href":"https:\/\/www.europesays.com\/fr\/wp-json\/wp\/v2\/comments?post=140152"}],"version-history":[{"count":0,"href":"https:\/\/www.europesays.com\/fr\/wp-json\/wp\/v2\/posts\/140152\/revisions"}],"wp:featuredmedia":[{"embeddable":true,"href":"https:\/\/www.europesays.com\/fr\/wp-json\/wp\/v2\/media\/140153"}],"wp:attachment":[{"href":"https:\/\/www.europesays.com\/fr\/wp-json\/wp\/v2\/media?parent=140152"}],"wp:term":[{"taxonomy":"category","embeddable":true,"href":"https:\/\/www.europesays.com\/fr\/wp-json\/wp\/v2\/categories?post=140152"},{"taxonomy":"post_tag","embeddable":true,"href":"https:\/\/www.europesays.com\/fr\/wp-json\/wp\/v2\/tags?post=140152"}],"curies":[{"name":"wp","href":"https:\/\/api.w.org\/{rel}","templated":true}]}}