{"id":140154,"date":"2025-05-30T21:31:09","date_gmt":"2025-05-30T21:31:09","guid":{"rendered":"https:\/\/www.europesays.com\/fr\/140154\/"},"modified":"2025-05-30T21:31:09","modified_gmt":"2025-05-30T21:31:09","slug":"une-octogenaire-dans-un-etat-critique-apres-un-vol-a-larrache-a-marseille","status":"publish","type":"post","link":"https:\/\/www.europesays.com\/fr\/140154\/","title":{"rendered":"Une octog\u00e9naire dans un \u00e9tat critique apr\u00e8s un vol \u00e0 l&rsquo;arrach\u00e9 \u00e0 Marseille"},"content":{"rendered":"<p>Une octog\u00e9naire a \u00e9t\u00e9 victime d\u2019un vol avec violence jeudi dans le 10e arrondissement, <a href=\"https:\/\/www.laprovence.com\/article\/faits-divers-justice\/2426916927462514\/info-la-provence-un-homme-blesse-de-plusieurs-coups-de-couteau-dans-le-quartier-saint-loup-a-marseille\" target=\"_blank\" rel=\"noopener\">quartier Saint-Loup<\/a>. Elle est hospitalis\u00e9e dans un \u00e9tat inqui\u00e9tant.<\/p>\n<p>Il \u00e9tait un peu plus de midi ce jeudi 29\u00a0mai, lorsqu\u2019une femme de 83\u00a0ans qui empruntait le <a href=\"https:\/\/www.laprovence.com\/article\/edition-ailleurs\/3617743\/le-quartier-qui-avait-perdu-le-sommeil.html\" target=\"_blank\" rel=\"noopener\">chemin des Prud\u2019hommes<\/a>, a \u00e9t\u00e9 agress\u00e9e par un individu qui lui a arrach\u00e9 son sac \u00e0 main avant de prendre la fuite.<\/p>\n<p>Les m\u00e9decins tr\u00e8s r\u00e9serv\u00e9s<\/p>\n<p>Alert\u00e9s par un t\u00e9moin de la sc\u00e8ne, les marins-pompiers se sont aussit\u00f4t port\u00e9s au secours de la victime, bless\u00e9e et choqu\u00e9e, qui aurait fait un <a href=\"https:\/\/www.laprovence.com\/article\/femina-provence\/6948497\/avc-quand-chaque-minute-compte.html\" target=\"_blank\" rel=\"noopener\">AVC<\/a> (accident cardiovasculaire) pendant son transport \u00e0 l\u2019h\u00f4pital.<\/p>\n<p>Hospitalis\u00e9e avec un pronostic vital tr\u00e8s engag\u00e9, son \u00e9tat se serait stabilis\u00e9, mais ce vendredi, les m\u00e9decins \u00e9taient toujours tr\u00e8s r\u00e9serv\u00e9s sur ses chances de r\u00e9tablissement et les \u00e9ventuelles s\u00e9quelles.<\/p>\n","protected":false},"excerpt":{"rendered":"Une octog\u00e9naire a \u00e9t\u00e9 victime d\u2019un vol avec violence jeudi dans le 10e arrondissement, quartier Saint-Loup. Elle est&hellip;\n","protected":false},"author":2,"featured_media":140155,"comment_status":"","ping_status":"","sticky":false,"template":"","format":"standard","meta":{"footnotes":""},"categories":[2814],"tags":[17,1111,11,150,7257,1446,16309,1777,674,274,1011,27,884,12,13935,882,25,96,1175],"class_list":{"0":"post-140154","1":"post","2":"type-post","3":"status-publish","4":"format-standard","5":"has-post-thumbnail","7":"category-marseille","8":"tag-17","9":"tag-actu","10":"tag-actualites","11":"tag-apres","12":"tag-critique","13":"tag-dans","14":"tag-etat","15":"tag-eu","16":"tag-europe","17":"tag-faits-divers-justice","18":"tag-fr","19":"tag-france","20":"tag-marseille","21":"tag-news","22":"tag-octogenaire","23":"tag-provence-alpes-cote-dazur","24":"tag-republique-francaise","25":"tag-une","26":"tag-vol"},"share_on_mastodon":{"url":"https:\/\/pubeurope.com\/@fr\/114598922349780785","error":""},"_links":{"self":[{"href":"https:\/\/www.europesays.com\/fr\/wp-json\/wp\/v2\/posts\/140154","targetHints":{"allow":["GET"]}}],"collection":[{"href":"https:\/\/www.europesays.com\/fr\/wp-json\/wp\/v2\/posts"}],"about":[{"href":"https:\/\/www.europesays.com\/fr\/wp-json\/wp\/v2\/types\/post"}],"author":[{"embeddable":true,"href":"https:\/\/www.europesays.com\/fr\/wp-json\/wp\/v2\/users\/2"}],"replies":[{"embeddable":true,"href":"https:\/\/www.europesays.com\/fr\/wp-json\/wp\/v2\/comments?post=140154"}],"version-history":[{"count":0,"href":"https:\/\/www.europesays.com\/fr\/wp-json\/wp\/v2\/posts\/140154\/revisions"}],"wp:featuredmedia":[{"embeddable":true,"href":"https:\/\/www.europesays.com\/fr\/wp-json\/wp\/v2\/media\/140155"}],"wp:attachment":[{"href":"https:\/\/www.europesays.com\/fr\/wp-json\/wp\/v2\/media?parent=140154"}],"wp:term":[{"taxonomy":"category","embeddable":true,"href":"https:\/\/www.europesays.com\/fr\/wp-json\/wp\/v2\/categories?post=140154"},{"taxonomy":"post_tag","embeddable":true,"href":"https:\/\/www.europesays.com\/fr\/wp-json\/wp\/v2\/tags?post=140154"}],"curies":[{"name":"wp","href":"https:\/\/api.w.org\/{rel}","templated":true}]}}