{"id":140156,"date":"2025-05-30T21:32:08","date_gmt":"2025-05-30T21:32:08","guid":{"rendered":"https:\/\/www.europesays.com\/fr\/140156\/"},"modified":"2025-05-30T21:32:08","modified_gmt":"2025-05-30T21:32:08","slug":"polo-ligue-des-champions-battu-le-cercle-des-nageurs-de-marseille-nira-pas-en-finale","status":"publish","type":"post","link":"https:\/\/www.europesays.com\/fr\/140156\/","title":{"rendered":"polo &#8211; Ligue des champions : battu, le Cercle des nageurs de Marseille n&rsquo;ira pas en finale"},"content":{"rendered":"<p>Les Marseillais n&rsquo;iront pas <a href=\"https:\/\/www.laprovence.com\/article\/sports\/50528146945145\/water-polo-ligue-des-champions-enfin-le-moment-de-verite-pour-le-cnm\" target=\"_blank\" rel=\"noopener\">en finale de la Ligue des champions<\/a>. Pas cette fois. Battus ce vendredi soir par les Hongrois de Ferencvaros (14-11) en demi-finale du Final Four qui se d\u00e9roule \u00e0 Malte, les joueurs du Cercle sont pass\u00e9s tout pr\u00e8s.<\/p>\n<p>Leur d\u00e9faite, ils la doivent \u00e0 leur mauvaise entame de match. Men\u00e9s rapidement 3-0 (5e), ils ont eu un mal fou \u00e0 parvenir \u00e0 passer cette solide et compacte d\u00e9fense hongroise. Ce n&rsquo;est qu&rsquo;\u00e0 la 6e que Prlainovic trouvait enfin l&rsquo;ouverture. Dot\u00e9s d&rsquo;un mental de fer, ils ne l\u00e2chaient pas et refaisaient petit \u00e0 petit leur retard jusqu&rsquo;\u00e0 ce Bodegas \u00e9galise \u00e0 la 26e (10-10). <a href=\"https:\/\/www.laprovence.com\/article\/sports\/1430993442550114\/water-polo-ugo-crousillat-le-seul-poloiste-francais-deja-etoile\" target=\"_blank\" rel=\"noopener\">Tous les espoirs \u00e9taient alors permis<\/a>. Mais les tenants du titre ne l&rsquo;entendaient pas ainsi et reprenaient le contr\u00f4le des op\u00e9rations.<\/p>\n<p>Les Marseillais retrouveront les Espagnols de Barceloneta, dimanche \u00e0 19h30, pour une place sur le podium en guise de lot de consolation.\u00a0<\/p>\n","protected":false},"excerpt":{"rendered":"Les Marseillais n&rsquo;iront pas en finale de la Ligue des champions. Pas cette fois. Battus ce vendredi soir&hellip;\n","protected":false},"author":2,"featured_media":140157,"comment_status":"","ping_status":"","sticky":false,"template":"","format":"standard","meta":{"footnotes":""},"categories":[2814],"tags":[17,1111,11,9339,17553,6828,154,1777,674,1011,27,3022,884,12,882,25,60,7488],"class_list":{"0":"post-140156","1":"post","2":"type-post","3":"status-publish","4":"format-standard","5":"has-post-thumbnail","7":"category-marseille","8":"tag-17","9":"tag-actu","10":"tag-actualites","11":"tag-battu","12":"tag-cercle","13":"tag-champions","14":"tag-des","15":"tag-eu","16":"tag-europe","17":"tag-fr","18":"tag-france","19":"tag-ligue","20":"tag-marseille","21":"tag-news","22":"tag-provence-alpes-cote-dazur","23":"tag-republique-francaise","24":"tag-sports","25":"tag-water-polo"},"share_on_mastodon":{"url":"https:\/\/pubeurope.com\/@fr\/114598926332603293","error":""},"_links":{"self":[{"href":"https:\/\/www.europesays.com\/fr\/wp-json\/wp\/v2\/posts\/140156","targetHints":{"allow":["GET"]}}],"collection":[{"href":"https:\/\/www.europesays.com\/fr\/wp-json\/wp\/v2\/posts"}],"about":[{"href":"https:\/\/www.europesays.com\/fr\/wp-json\/wp\/v2\/types\/post"}],"author":[{"embeddable":true,"href":"https:\/\/www.europesays.com\/fr\/wp-json\/wp\/v2\/users\/2"}],"replies":[{"embeddable":true,"href":"https:\/\/www.europesays.com\/fr\/wp-json\/wp\/v2\/comments?post=140156"}],"version-history":[{"count":0,"href":"https:\/\/www.europesays.com\/fr\/wp-json\/wp\/v2\/posts\/140156\/revisions"}],"wp:featuredmedia":[{"embeddable":true,"href":"https:\/\/www.europesays.com\/fr\/wp-json\/wp\/v2\/media\/140157"}],"wp:attachment":[{"href":"https:\/\/www.europesays.com\/fr\/wp-json\/wp\/v2\/media?parent=140156"}],"wp:term":[{"taxonomy":"category","embeddable":true,"href":"https:\/\/www.europesays.com\/fr\/wp-json\/wp\/v2\/categories?post=140156"},{"taxonomy":"post_tag","embeddable":true,"href":"https:\/\/www.europesays.com\/fr\/wp-json\/wp\/v2\/tags?post=140156"}],"curies":[{"name":"wp","href":"https:\/\/api.w.org\/{rel}","templated":true}]}}