{"id":140158,"date":"2025-05-30T21:33:10","date_gmt":"2025-05-30T21:33:10","guid":{"rendered":"https:\/\/www.europesays.com\/fr\/140158\/"},"modified":"2025-05-30T21:33:10","modified_gmt":"2025-05-30T21:33:10","slug":"grosse-intervention-des-pompiers-au-sud-de-lyon","status":"publish","type":"post","link":"https:\/\/www.europesays.com\/fr\/140158\/","title":{"rendered":"grosse intervention des pompiers au sud de Lyon"},"content":{"rendered":"<p>Ce vendredi 30 mai \u00e0 18h30, les pompiers sont intervenus dans la commune d\u2019Echalas o\u00f9 un d\u00e9but d\u2019incendie s\u2019\u00e9tait d\u00e9clar\u00e9 sur un transformateur \u00e9lectrique de 400 000 volts.<\/p>\n<p>4 heures d&rsquo;intervention<\/p>\n<p>Une vingtaine de sapeurs-pompiers et six v\u00e9hicules ont \u00e9t\u00e9 d\u00e9p\u00each\u00e9s sur les lieux du sinistre, qui n\u2019a heureusement fait aucun bless\u00e9, ni eu aucun impact sur le r\u00e9seau \u00e9lectrique.<\/p>\n<p>Le feu ne s\u2019est pas propag\u00e9 et l\u2019intervention s\u2019est termin\u00e9e aux alentours de 22h30<\/p>\n","protected":false},"excerpt":{"rendered":"Ce vendredi 30 mai \u00e0 18h30, les pompiers sont intervenus dans la commune d\u2019Echalas o\u00f9 un d\u00e9but d\u2019incendie&hellip;\n","protected":false},"author":2,"featured_media":140159,"comment_status":"","ping_status":"","sticky":false,"template":"","format":"standard","meta":{"footnotes":""},"categories":[1889],"tags":[1111,11,2430,26760,3154,1777,674,274,107,1011,27,1310,2428,12,25,2429],"class_list":{"0":"post-140158","1":"post","2":"type-post","3":"status-publish","4":"format-standard","5":"has-post-thumbnail","7":"category-lyon","8":"tag-actu","9":"tag-actualites","10":"tag-auvergne-rhone-alpes","11":"tag-echalas","12":"tag-edition-sud-lyonnais","13":"tag-eu","14":"tag-europe","15":"tag-faits-divers-justice","16":"tag-fil-info","17":"tag-fr","18":"tag-france","19":"tag-incendie","20":"tag-lyon","21":"tag-news","22":"tag-republique-francaise","23":"tag-rhone"},"share_on_mastodon":{"url":"https:\/\/pubeurope.com\/@fr\/114598930264133736","error":""},"_links":{"self":[{"href":"https:\/\/www.europesays.com\/fr\/wp-json\/wp\/v2\/posts\/140158","targetHints":{"allow":["GET"]}}],"collection":[{"href":"https:\/\/www.europesays.com\/fr\/wp-json\/wp\/v2\/posts"}],"about":[{"href":"https:\/\/www.europesays.com\/fr\/wp-json\/wp\/v2\/types\/post"}],"author":[{"embeddable":true,"href":"https:\/\/www.europesays.com\/fr\/wp-json\/wp\/v2\/users\/2"}],"replies":[{"embeddable":true,"href":"https:\/\/www.europesays.com\/fr\/wp-json\/wp\/v2\/comments?post=140158"}],"version-history":[{"count":0,"href":"https:\/\/www.europesays.com\/fr\/wp-json\/wp\/v2\/posts\/140158\/revisions"}],"wp:featuredmedia":[{"embeddable":true,"href":"https:\/\/www.europesays.com\/fr\/wp-json\/wp\/v2\/media\/140159"}],"wp:attachment":[{"href":"https:\/\/www.europesays.com\/fr\/wp-json\/wp\/v2\/media?parent=140158"}],"wp:term":[{"taxonomy":"category","embeddable":true,"href":"https:\/\/www.europesays.com\/fr\/wp-json\/wp\/v2\/categories?post=140158"},{"taxonomy":"post_tag","embeddable":true,"href":"https:\/\/www.europesays.com\/fr\/wp-json\/wp\/v2\/tags?post=140158"}],"curies":[{"name":"wp","href":"https:\/\/api.w.org\/{rel}","templated":true}]}}