{"id":140162,"date":"2025-05-30T21:35:10","date_gmt":"2025-05-30T21:35:10","guid":{"rendered":"https:\/\/www.europesays.com\/fr\/140162\/"},"modified":"2025-05-30T21:35:10","modified_gmt":"2025-05-30T21:35:10","slug":"bap-a-versailles-nos-villes-abritent-une-nature-insoupconnee-fascinante","status":"publish","type":"post","link":"https:\/\/www.europesays.com\/fr\/140162\/","title":{"rendered":"Bap! \u00e0 Versailles : Nos villes abritent une nature insoup\u00e7onn\u00e9e, fascinante"},"content":{"rendered":"<p><img loading=\"lazy\" decoding=\"async\" alt=\"\u00a9 Nicolas Davy \/\u00cele-de-France Nature - Le photographe animalier Nicolas Davy a parcouru durant un an les espaces naturels de l\u2019\u00cele-de-France.\u00a0\" data-zoom-src=\"https:\/\/www.europesays.com\/fr\/wp-content\/uploads\/2025\/05\/initial-xposition-versailles-nicolas-davy.jpg\" data-zoomable=\"\" height=\"702\" src=\"https:\/\/www.europesays.com\/fr\/wp-content\/uploads\/2025\/05\/initial-xposition-versailles-nicolas-davy.jpg\" width=\"1248\"\/>  <\/p>\n<p class=\"article-desc\">\u00a9 Nicolas Davy \/\u00cele-de-France Nature &#8211; Le photographe animalier Nicolas Davy a parcouru durant un an les espaces naturels de l\u2019\u00cele-de-France.\u00a0 <\/p>\n<p>Alors que la troisi\u00e8me <a href=\"https:\/\/mesinfos.fr\/78000-versailles\/les-cinq-expositions-a-voir-a-la-biennale-d-architecture-de-versailles-221857.html\" rel=\"noopener\" target=\"_blank\">Biennale d\u2019architecture et de paysage (Bap!)<\/a> bat son plein \u00e0 Versailles,<strong> \u00cele-de-France Nature<\/strong> pr\u00e9sente, jusqu\u2019au 13 juillet, l\u2019<strong>exposition photographique<\/strong> \u201cQuand la ville dort\u201d de Nicolas Davy. Cette installation en plein air, visible dans le<strong> jardin des \u00c9tangs Gobert<\/strong> et \u00e0 la <strong>Mar\u00e9chalerie <\/strong>de l\u2019<strong>ENSA Versailles<\/strong>, invite le public \u00e0 d\u00e9couvrir la vie nocturne insoup\u00e7onn\u00e9e de la faune francilienne, au c\u0153ur m\u00eame de l\u2019espace urbain. <\/p>\n<p>Nicolas Davy guid\u00e9 par \u00cele-de-France Nature <\/p>\n<p>\u00c0 travers 14 clich\u00e9s grand format, le photographe animalier <strong>Nicolas Davy <\/strong>r\u00e9v\u00e8le la pr\u00e9sence discr\u00e8te mais fascinante de renards, de chevreuils, de blaireaux ou d&rsquo;h\u00e9rons, qui investissent nos villes d\u00e8s la tomb\u00e9e du jour. \u201cPour la r\u00e9alisation de cette exposition, j\u2019ai eu \u00e0 c\u0153ur de saisir des instants authentiques de l\u2019aube au cr\u00e9puscule. Mon intention est simple : montrer que la <strong>nature p\u00e9riurbaine<\/strong> est merveilleuse et inciter \u00e0 red\u00e9couvrir le lien pr\u00e9cieux entre l\u2019urbain et le vivant\u201d, d\u00e9taille l\u2019artiste, qui a sillonn\u00e9 pendant un an les espaces naturels r\u00e9gionaux, guid\u00e9 par les \u00e9quipes de terrain d\u2019<strong>\u00cele-de-France Nature<\/strong>. <\/p>\n<p>L\u2019exposition s\u2019inscrit pleinement dans la th\u00e9matique \u201cLa ville vivante\u201d de cette \u00e9dition de la Bap!, qui interroge la place du vivant face aux d\u00e9fis climatiques et \u00e0 l\u2019urbanisation croissante. \u201cEn <strong>\u00cele-de-France<\/strong>, la vie sauvage s\u2019\u00e9panouit discr\u00e8tement aux portes de la m\u00e9tropole. \u00c0 travers cette exposition, nous avons souhait\u00e9 mettre en lumi\u00e8re la richesse de cette biodiversit\u00e9 essentielle et m\u00e9connue\u201d, souligne <strong>Valentine Arreguy<\/strong>, paysagiste \u00e0 \u00cele-de-France Nature et commissaire de l\u2019exposition.<\/p>\n<p>  Versailles, Ville-nature <\/p>\n<p>La Municipalit\u00e9 de <a href=\"https:\/\/mesinfos.fr\/78000-versailles\/versailles-lidl-et-basic-fit-inaugures-a-la-biosphere-batiment-d-exception-221663.html\" rel=\"noopener\" target=\"_blank\">Versailles<\/a>, qui fait de la <strong>ville-nature<\/strong> son leitmotiv, est un cadre tout trouv\u00e9 pour cette exposition en plein air. Le<strong> jardin des \u00c9tangs Gobert<\/strong>, ancien r\u00e9servoir d\u2019eau transform\u00e9 en espace vert, conjugue patrimoine historique et projet urbain durable. \u201cVersailles est constitu\u00e9e pour moiti\u00e9 d\u2019espaces verts. Tr\u00e8s attentive \u00e0 la pr\u00e9servation de cet environnement et de ce cadre de vie, la Ville est mobilis\u00e9e au quotidien pour la conservation de sa faune et de sa flore\u201d, pr\u00e9cise le maire <a href=\"https:\/\/mesinfos.fr\/78000-versailles\/douce-et-belle-la-ville-selon-francois-de-mazieres-220720.html\" rel=\"noopener\" target=\"_blank\">Fran\u00e7ois de Mazi\u00e8res<\/a>. <\/p>\n<p>Accessible gratuitement, l\u2019<strong>exposition<\/strong> \u201c<strong>Quand la ville dort<\/strong>\u201d s\u2019adresse \u00e0 tous les publics.\u00a0 <\/p>\n<p>Jardin des \u00c9tangs Gobert \u2013 Place des Francine, 78000 Versailles. Tous les jours de 9h \u00e0 21h. Cour de la Mar\u00e9chalerie &#8211; \u00c9NSA Versailles. Du mardi au vendredi, de 10h \u00e0 18h. Samedi et dimanche, de 10h \u00e0 19h.\u00a0 <\/p>\n","protected":false},"excerpt":{"rendered":"\u00a9 Nicolas Davy \/\u00cele-de-France Nature &#8211; Le photographe animalier Nicolas Davy a parcouru durant un an les espaces&hellip;\n","protected":false},"author":2,"featured_media":140163,"comment_status":"","ping_status":"","sticky":false,"template":"","format":"standard","meta":{"footnotes":""},"categories":[1592],"tags":[1111,11,2085,1777,674,1011,27,662,12,626,25],"class_list":{"0":"post-140162","1":"post","2":"type-post","3":"status-publish","4":"format-standard","5":"has-post-thumbnail","7":"category-ile-de-france","8":"tag-actu","9":"tag-actualites","10":"tag-biodiversitu00e9","11":"tag-eu","12":"tag-europe","13":"tag-fr","14":"tag-france","15":"tag-ile-de-france","16":"tag-news","17":"tag-paris","18":"tag-republique-francaise"},"share_on_mastodon":{"url":"https:\/\/pubeurope.com\/@fr\/114598938372994347","error":""},"_links":{"self":[{"href":"https:\/\/www.europesays.com\/fr\/wp-json\/wp\/v2\/posts\/140162","targetHints":{"allow":["GET"]}}],"collection":[{"href":"https:\/\/www.europesays.com\/fr\/wp-json\/wp\/v2\/posts"}],"about":[{"href":"https:\/\/www.europesays.com\/fr\/wp-json\/wp\/v2\/types\/post"}],"author":[{"embeddable":true,"href":"https:\/\/www.europesays.com\/fr\/wp-json\/wp\/v2\/users\/2"}],"replies":[{"embeddable":true,"href":"https:\/\/www.europesays.com\/fr\/wp-json\/wp\/v2\/comments?post=140162"}],"version-history":[{"count":0,"href":"https:\/\/www.europesays.com\/fr\/wp-json\/wp\/v2\/posts\/140162\/revisions"}],"wp:featuredmedia":[{"embeddable":true,"href":"https:\/\/www.europesays.com\/fr\/wp-json\/wp\/v2\/media\/140163"}],"wp:attachment":[{"href":"https:\/\/www.europesays.com\/fr\/wp-json\/wp\/v2\/media?parent=140162"}],"wp:term":[{"taxonomy":"category","embeddable":true,"href":"https:\/\/www.europesays.com\/fr\/wp-json\/wp\/v2\/categories?post=140162"},{"taxonomy":"post_tag","embeddable":true,"href":"https:\/\/www.europesays.com\/fr\/wp-json\/wp\/v2\/tags?post=140162"}],"curies":[{"name":"wp","href":"https:\/\/api.w.org\/{rel}","templated":true}]}}