{"id":140168,"date":"2025-05-30T21:38:16","date_gmt":"2025-05-30T21:38:16","guid":{"rendered":"https:\/\/www.europesays.com\/fr\/140168\/"},"modified":"2025-05-30T21:38:16","modified_gmt":"2025-05-30T21:38:16","slug":"un-neonazi-allemand-expulse-du-territoire-francais-apres-une-manifestation-dultradroite-a-paris","status":"publish","type":"post","link":"https:\/\/www.europesays.com\/fr\/140168\/","title":{"rendered":"Un n\u00e9onazi allemand expuls\u00e9 du territoire fran\u00e7ais apr\u00e8s une manifestation d&rsquo;ultradroite \u00e0 Paris"},"content":{"rendered":"<p>Le jeune homme de 24 ans a \u00e9t\u00e9 expuls\u00e9 apr\u00e8s avoir \u00ab\u00e9t\u00e9 vu faisant un salut nazi\u00bb, a-t-on appris ce vendredi. Une obligation de quitter le territoire fran\u00e7ais (OQTF) avait \u00e9t\u00e9 notifi\u00e9e \u00e0 ce ressortissant allemand le 13 mai par la pr\u00e9fecture de police de Paris.<\/p>\n<p class=\"fig-paragraph\">Un\u00a0<a href=\"http:\/\/www.lefigaro.fr\/international\/allemagne-dans-les-villages-neonazis-la-nostalgie-du-reich-s-est-etablie-en-mode-de-vie-20250222\" data-fig-type=\"Article\" data-gtm-custom-categorie=\"navigation\" data-gtm-custom-action=\"crossclick\" data-gtm-custom-label=\"Contextuel\" data-gtm-event=\"customEventSPE\" data-fig-domain=\"LEFIGARO\" target=\"_blank\" rel=\"noopener\">n\u00e9onazi\u00a0<\/a>allemand de 24 ans qui avait particip\u00e9 \u00e0 une manifestation d&rsquo;un\u00a0<a href=\"http:\/\/www.lefigaro.fr\/faits-divers\/barjols-les-membres-du-groupuscule-d-ultradroite-juges-en-appel-20250113\" data-fig-type=\"NewsFlash\" data-gtm-custom-categorie=\"navigation\" data-gtm-custom-action=\"crossclick\" data-gtm-custom-label=\"Contextuel\" data-gtm-event=\"customEventSPE\" data-fig-domain=\"LEFIGARO\" target=\"_blank\" rel=\"noopener\">groupuscule d&rsquo;ultradroite<\/a>\u00a0\u00e0 Paris le 10 mai dernier a \u00e9t\u00e9 expuls\u00e9 de France apr\u00e8s avoir \u00ab\u00e9t\u00e9 vu faisant un salut nazi\u00bb, a-t-on appris ce vendredi de source judiciaire, confirmant une information de BFMTV. Une obligation de quitter le territoire fran\u00e7ais (<a href=\"http:\/\/www.lefigaro.fr\/faits-divers\/bouches-du-rhone-un-homme-sous-oqtf-suspecte-du-meurtre-de-sa-compagne-20250528\" data-fig-type=\"NewsFlash\" data-gtm-custom-categorie=\"navigation\" data-gtm-custom-action=\"crossclick\" data-gtm-custom-label=\"Contextuel\" data-gtm-event=\"customEventSPE\" data-fig-domain=\"LEFIGARO\" target=\"_blank\" rel=\"noopener\">OQTF<\/a>) avait \u00e9t\u00e9 notifi\u00e9e \u00e0 ce ressortissant allemand le 13 mai par la pr\u00e9fecture de police de Paris.<\/p>\n<p class=\"fig-paragraph\">Plac\u00e9 au centre de r\u00e9tention de Paris-Vincennes, le jeune n\u00e9onazi avait d\u00e9pos\u00e9 un recours devant le tribunal administratif pour demander l&rsquo;annulation de cette OQTF. Une demande d&rsquo;OQTF est rare quand il s&rsquo;agit de ressortissants de l&rsquo;Union europ\u00e9enne.<\/p>\n<p>\u00abVu faisant un salut nazi avec la main lev\u00e9e en claquant les talons\u00bb<\/p>\n<p class=\"fig-paragraph\">Dans son ordonnance, le tribunal administratif a consid\u00e9r\u00e9 que le comportement du jeune n\u00e9onazi \u00abconstitue une menace pour l&rsquo;ordre public\u00bb\u00a0: \u00abIl ressort sans ambigu\u00eft\u00e9 des pi\u00e8ces du dossier que (le jeune Allemand) est venu en France le 9 mai \u00e0 l&rsquo;occasion de la journ\u00e9e de l&rsquo;Europe pour prendre part, samedi 10 mai, \u00e0 une manifestation d&rsquo;extr\u00eame droite parmi des centaines de personnes appartenant \u00e0 la mouvance n\u00e9onazie, habill\u00e9 d&rsquo;une tenue rappelant les jeunesses hitl\u00e9riennes\u00bb et se d\u00e9pla\u00e7ant \u00abavec des drapeaux et autres insignes n\u00e9onazis\u00bb, est-il soulign\u00e9 dans l&rsquo;ordonnance.<\/p>\n<p class=\"fig-paragraph\">\u00abIl a \u00e9t\u00e9 vu faisant un<a href=\"http:\/\/www.lefigaro.fr\/lyon\/drome-un-marocain-en-situation-irreguliere-place-en-detention-apres-un-salut-nazi-devant-une-synagogue-20250403\" data-fig-type=\"NewsFlash\" data-gtm-custom-categorie=\"navigation\" data-gtm-custom-action=\"crossclick\" data-gtm-custom-label=\"Contextuel\" data-gtm-event=\"customEventSPE\" data-fig-domain=\"LEFIGARO\" target=\"_blank\" rel=\"noopener\">\u00a0salut nazi\u00a0<\/a> avec la main lev\u00e9e et en claquant les talons selon un t\u00e9moignage vers\u00e9 au dossier. La vocation de ce rassemblement ne fait d&rsquo;ailleurs aucun doute d\u00e8s lors que le pr\u00e9fet de police avait, par arr\u00eat\u00e9 du 7 mai 2025, interdit ce rassemblement en raison des troubles \u00e0 l&rsquo;ordre public qu&rsquo;il comportait\u00bb, poursuit le tribunal administratif.<\/p>\n<p>\u00abDes faits qui mettent la d\u00e9mocratie en p\u00e9ril\u00bb<\/p>\n<p class=\"fig-paragraph\">\u00abCes faits gravissimes qui mettent en p\u00e9ril la d\u00e9mocratie et comportent un danger \u00e0 la pr\u00e9servation de l&rsquo;ordre public en raison des messages de haine et de propos discriminatoires portant atteinte \u00e0 la dignit\u00e9 des personnes \u00e0 raison notamment de la religion, constituent indubitablement un danger pour l&rsquo;ordre public\u00bb, insiste la juridiction. Le jeune homme a \u00e9cop\u00e9 \u00e9galement d&rsquo;une interdiction de revenir et circuler en France pour une dur\u00e9e de deux ans.<\/p>\n<p class=\"fig-paragraph\">Environ un millier de militants\u00a0<a href=\"http:\/\/www.lefigaro.fr\/faits-divers\/manifestation-d-ultradroite-a-paris-ouverture-d-une-enquete-pour-apologie-de-crime-apres-un-signalement-20250521\" data-fig-type=\"NewsFlash\" data-gtm-custom-categorie=\"navigation\" data-gtm-custom-action=\"crossclick\" data-gtm-custom-label=\"Contextuel\" data-gtm-event=\"customEventSPE\" data-fig-domain=\"LEFIGARO\" target=\"_blank\" rel=\"noopener\">d&rsquo;ultradroite\u00a0<\/a>avaient d\u00e9fil\u00e9 le 10 mai dans la capitale \u00e0 l&rsquo;appel du Comit\u00e9 du 9 mai (C9M) pour comm\u00e9morer la mort d&rsquo;un activiste d&rsquo;extr\u00eame droite, S\u00e9bastien Deyzieu, d\u00e9c\u00e9d\u00e9 accidentellement en 1994. La pr\u00e9fecture de police de Paris avait initialement interdit cette manifestation, avant que le tribunal administratif de Paris ne suspende cette mesure, en justifiant que la m\u00eame manifestation, l&rsquo;ann\u00e9e derni\u00e8re, \u00abn&rsquo;avait donn\u00e9 lieu \u00e0 aucune poursuite de manifestants\u00bb.<\/p>\n","protected":false},"excerpt":{"rendered":"Le jeune homme de 24 ans a \u00e9t\u00e9 expuls\u00e9 apr\u00e8s avoir \u00ab\u00e9t\u00e9 vu faisant un salut nazi\u00bb, a-t-on&hellip;\n","protected":false},"author":2,"featured_media":140169,"comment_status":"","ping_status":"","sticky":false,"template":"","format":"standard","meta":{"footnotes":""},"categories":[1888],"tags":[1111,1928,11,1927,426,427,422,423,1777,674,1076,1011,27,418,424,425,420,421,20509,12,1926,419,626,1925,316,429,25,428],"class_list":{"0":"post-140168","1":"post","2":"type-post","3":"status-publish","4":"format-standard","5":"has-post-thumbnail","7":"category-paris","8":"tag-actu","9":"tag-actu-paris","10":"tag-actualites","11":"tag-actualites-paris","12":"tag-candidat","13":"tag-candidats","14":"tag-depute","15":"tag-deputes","16":"tag-eu","17":"tag-europe","18":"tag-extreme-droite","19":"tag-fr","20":"tag-france","21":"tag-gouvernement","22":"tag-institution","23":"tag-institutions","24":"tag-loi","25":"tag-lois","26":"tag-neonazis","27":"tag-news","28":"tag-news-paris","29":"tag-opposition","30":"tag-paris","31":"tag-paris-news","32":"tag-politique","33":"tag-ps","34":"tag-republique-francaise","35":"tag-ump"},"share_on_mastodon":{"url":"https:\/\/pubeurope.com\/@fr\/114598949900323686","error":""},"_links":{"self":[{"href":"https:\/\/www.europesays.com\/fr\/wp-json\/wp\/v2\/posts\/140168","targetHints":{"allow":["GET"]}}],"collection":[{"href":"https:\/\/www.europesays.com\/fr\/wp-json\/wp\/v2\/posts"}],"about":[{"href":"https:\/\/www.europesays.com\/fr\/wp-json\/wp\/v2\/types\/post"}],"author":[{"embeddable":true,"href":"https:\/\/www.europesays.com\/fr\/wp-json\/wp\/v2\/users\/2"}],"replies":[{"embeddable":true,"href":"https:\/\/www.europesays.com\/fr\/wp-json\/wp\/v2\/comments?post=140168"}],"version-history":[{"count":0,"href":"https:\/\/www.europesays.com\/fr\/wp-json\/wp\/v2\/posts\/140168\/revisions"}],"wp:featuredmedia":[{"embeddable":true,"href":"https:\/\/www.europesays.com\/fr\/wp-json\/wp\/v2\/media\/140169"}],"wp:attachment":[{"href":"https:\/\/www.europesays.com\/fr\/wp-json\/wp\/v2\/media?parent=140168"}],"wp:term":[{"taxonomy":"category","embeddable":true,"href":"https:\/\/www.europesays.com\/fr\/wp-json\/wp\/v2\/categories?post=140168"},{"taxonomy":"post_tag","embeddable":true,"href":"https:\/\/www.europesays.com\/fr\/wp-json\/wp\/v2\/tags?post=140168"}],"curies":[{"name":"wp","href":"https:\/\/api.w.org\/{rel}","templated":true}]}}