{"id":140173,"date":"2025-05-30T21:41:13","date_gmt":"2025-05-30T21:41:13","guid":{"rendered":"https:\/\/www.europesays.com\/fr\/140173\/"},"modified":"2025-05-30T21:41:13","modified_gmt":"2025-05-30T21:41:13","slug":"le-systeme-mondial-favorise-les-inegalites-reduit-les-peuples-en-esclavage","status":"publish","type":"post","link":"https:\/\/www.europesays.com\/fr\/140173\/","title":{"rendered":"le syst\u00e8me mondial favorise les in\u00e9galit\u00e9s, r\u00e9duit les peuples en esclavage"},"content":{"rendered":"<p style=\"text-align:justify;\">AA \/ Istanbul \/ Gokhan Ergocun<\/p>\n<p style=\"text-align:justify;\">Le pr\u00e9sident Recep Tayyip Erdogan a d\u00e9clar\u00e9 vendredi que le syst\u00e8me mondial d\u00e9form\u00e9 aggrave les in\u00e9galit\u00e9s et r\u00e9duit les peuples en esclavage au service du capitalisme, soulignant : \u00ab J\u2019ai r\u00e9p\u00e9t\u00e9 \u00e0 maintes reprises que nous ne pouvions en aucun cas l\u00e9gitimer les int\u00e9r\u00eats ni le syst\u00e8me \u00e9conomique fond\u00e9 sur les int\u00e9r\u00eats. \u00bb<\/p>\n<p style=\"text-align:justify;\">\u00ab De la m\u00eame mani\u00e8re que nous nous sommes oppos\u00e9s \u00e0 l\u2019id\u00e9e selon laquelle \u201cle monde se r\u00e9sume \u00e0 cinq\u201d, je ne reculerai pas dans la lutte pour changer le syst\u00e8me \u00e9conomique fond\u00e9 sur les int\u00e9r\u00eats ; je ne vais pas seulement m\u2019y opposer, je vais aussi m\u2019efforcer de produire et de diffuser des alternatives \u00bb, a affirm\u00e9 Erdogan lors du 2\u1d49 Forum mondial de l\u2019\u00e9conomie islamique, organis\u00e9 par la banque Albaraka \u00e0 Istanbul.<\/p>\n<p style=\"text-align:justify;\">Il a estim\u00e9 qu\u2019adopter une position ferme contre le syst\u00e8me mondial fond\u00e9 sur les int\u00e9r\u00eats \u00e9tait une attitude honorable et digne. Il a ajout\u00e9 : \u00ab Je continuerai de d\u00e9fendre avec conviction une \u00e9conomie fond\u00e9e sur l\u2019absence d\u2019int\u00e9r\u00eats. \u00bb<\/p>\n<p style=\"text-align:justify;\">Le besoin de paradigmes alternatifs dans tous les domaines devient de plus en plus \u00e9vident, a-t-il poursuivi, notamment un paradigme \u00e9conomique centr\u00e9 sur l\u2019humain, juste, compatissant et responsable, en particulier dans le secteur financier.<\/p>\n<p style=\"text-align:justify;\">Erdogan a soulign\u00e9 que le syst\u00e8me \u00e9conomique mondial actuel, avec sa structure probl\u00e9matique ax\u00e9e sur la consommation et la maximisation des profits, rel\u00e8gue les valeurs humaines au second plan, aggrave les in\u00e9galit\u00e9s et favorise une croissance improductive.<\/p>\n<p style=\"text-align:justify;\">Il a fait remarquer que, bien que les musulmans repr\u00e9sentent 25 % de la population mondiale, la finance islamique ne p\u00e8se qu\u2019environ 2 500 milliards de dollars.<\/p>\n<p style=\"text-align:justify;\">L\u2019Organisation de la coop\u00e9ration islamique (OCI), deuxi\u00e8me plus grande organisation apr\u00e8s l\u2019ONU, avec 57 \u00c9tats membres, ne repr\u00e9sente qu\u2019environ 11 % du commerce mondial, a-t-il indiqu\u00e9, notant que 25 % de la population ne contribue qu\u2019\u00e0 9 % de l\u2019\u00e9conomie mondiale.<\/p>\n<p style=\"text-align:justify;\">\u00ab En tant que monde islamique, nous devons maximiser les opportunit\u00e9s de financement, de commerce et de coop\u00e9ration entre nous \u00bb, a-t-il soulign\u00e9.<\/p>\n<p style=\"text-align:justify;\">Les principes de l\u2019\u00e9conomie islamique se distinguent, selon lui, par leur accent mis sur la justice, le partage des risques et la solidarit\u00e9 sociale.<\/p>\n<p style=\"text-align:justify;\">Enfin, il a rappel\u00e9 que le monde traverse une p\u00e9riode difficile, marqu\u00e9e par des guerres commerciales croissantes, des crises g\u00e9opolitiques accrues, ainsi que par des d\u00e9fis tels que la dette mondiale \u00e9lev\u00e9e, le vieillissement de la population et le changement climatique, qui exercent tous une pression sur la croissance \u00e9conomique mondiale.<\/p>\n<p style=\"text-align:justify;\">\u2013 La T\u00fcrkiye agit avec responsabilit\u00e9<\/p>\n<p style=\"text-align:justify;\">Le pr\u00e9sident Erdogan a affirm\u00e9 que la T\u00fcrkiye agit avec responsabilit\u00e9, car elle se situe dans une r\u00e9gion qui a historiquement servi de pont entre les cultures et les peuples.<\/p>\n<p style=\"text-align:justify;\">Il a soulign\u00e9 que les d\u00e9marches entreprises pour faire d\u2019Istanbul un centre mondial offrent des opportunit\u00e9s non seulement aux citoyens turcs, mais aussi \u00e0 l\u2019ensemble du march\u00e9 de la finance islamique.<\/p>\n<p style=\"text-align:justify;\">Erdogan a indiqu\u00e9 que l\u2019Union europ\u00e9enne, principal march\u00e9 d\u2019exportation de la T\u00fcrkiye, n\u2019a enregistr\u00e9 qu\u2019une croissance moyenne de 0,8 % au cours des deux derni\u00e8res ann\u00e9es.<\/p>\n<p style=\"text-align:justify;\">Concernant les efforts de reconstruction apr\u00e8s le s\u00e9isme, il a pr\u00e9cis\u00e9 que la T\u00fcrkiye travaille \u00e0 effacer les traces de cette catastrophe, dont le co\u00fbt \u00e9conomique est estim\u00e9 \u00e0 environ 105 milliards de dollars, ajoutant que pr\u00e8s de 75 milliards ont d\u00e9j\u00e0 \u00e9t\u00e9 d\u00e9pens\u00e9s \u00e0 cet effet.<\/p>\n<p style=\"text-align:justify;\">\u00ab Nous livrons un combat acharn\u00e9 sur de nombreux fronts. Nous tentons de naviguer en s\u00e9curit\u00e9 \u00e0 travers les eaux tumultueuses des guerres commerciales et d\u2019amener le navire turc de 86 millions d\u2019\u00e2mes \u00e0 bon port. Malgr\u00e9 les difficult\u00e9s, nous nous en sortons bien \u00bb, a-t-il d\u00e9clar\u00e9.<\/p>\n<p style=\"text-align:justify;\">\u00c0 propos de la Syrie, qui se stabilise progressivement, Erdogan a pr\u00e9cis\u00e9 que les contacts et la coop\u00e9ration avec les pays de la r\u00e9gion s\u2019intensifient.<\/p>\n<p style=\"text-align:justify;\">\u00ab Nous nous pr\u00e9parons \u00e0 accueillir des pourparlers \u00e0 Istanbul pour mettre fin \u00e0 la guerre entre la Russie et l\u2019Ukraine. En Palestine, nous \u0153uvrons pour mettre un terme \u00e0 la barbarie qui heurte notre conscience. Nous prenons des mesures concr\u00e8tes pour atteindre notre objectif d\u2019\u00e9liminer le terrorisme \u00e0 l\u2019int\u00e9rieur de nos fronti\u00e8res.<\/p>\n<p style=\"text-align:justify;\">Nous sommes tr\u00e8s proches d\u2019\u00e9radiquer un fl\u00e9au qui a co\u00fbt\u00e9 2 000 milliards de dollars \u00e0 notre pays. Je suis convaincu qu\u2019avec une gestion sinc\u00e8re et avis\u00e9e du processus, nous atteindrons notre objectif \u00bb, a-t-il conclu.<\/p>\n<p style=\"text-align:justify;\">* Traduit de l&rsquo;Anglais par Adama Bamba<\/p>\n<p>                            &#13;<br \/>\n                                <a href=\"https:\/\/www.aa.com.tr\/fr\/p\/abonnement\/1001\" target=\"_blank\" style=\"font-size:12px; color:#444; text-decoration:none;\" rel=\"noopener\">&#13;<br \/>\n                                    Seulement une partie des d\u00e9p\u00eaches, que l&rsquo;Agence Anadolu diffuse \u00e0 ses abonn\u00e9s via le Syst\u00e8me de Diffusion interne (HAS), est diffus\u00e9e sur le site de l&rsquo;AA, de mani\u00e8re r\u00e9sum\u00e9e. <b style=\"color:#1897F7\">Contactez-nous s&rsquo;il vous pla\u00eet pour vous abonner.<\/b>&#13;<br \/>\n                                <\/a>&#13;<\/p>\n","protected":false},"excerpt":{"rendered":"AA \/ Istanbul \/ Gokhan Ergocun Le pr\u00e9sident Recep Tayyip Erdogan a d\u00e9clar\u00e9 vendredi que le syst\u00e8me mondial&hellip;\n","protected":false},"author":2,"featured_media":140174,"comment_status":"","ping_status":"","sticky":false,"template":"","format":"standard","meta":{"footnotes":""},"categories":[1591],"tags":[26761,11,1785,1887,5886,12,3497,1885,1886,132],"class_list":{"0":"post-140173","1":"post","2":"type-post","3":"status-publish","4":"format-standard","5":"has-post-thumbnail","7":"category-russie","8":"tag-2e-forum-mondial-de-lconomie-islamique","9":"tag-actualites","10":"tag-anadolu-ajansi","11":"tag-federation-de-russie","12":"tag-istanbul","13":"tag-news","14":"tag-recep-tayyip-erdogan","15":"tag-russia","16":"tag-russian-federation","17":"tag-russie"},"share_on_mastodon":{"url":"https:\/\/pubeurope.com\/@fr\/114598961761337164","error":""},"_links":{"self":[{"href":"https:\/\/www.europesays.com\/fr\/wp-json\/wp\/v2\/posts\/140173","targetHints":{"allow":["GET"]}}],"collection":[{"href":"https:\/\/www.europesays.com\/fr\/wp-json\/wp\/v2\/posts"}],"about":[{"href":"https:\/\/www.europesays.com\/fr\/wp-json\/wp\/v2\/types\/post"}],"author":[{"embeddable":true,"href":"https:\/\/www.europesays.com\/fr\/wp-json\/wp\/v2\/users\/2"}],"replies":[{"embeddable":true,"href":"https:\/\/www.europesays.com\/fr\/wp-json\/wp\/v2\/comments?post=140173"}],"version-history":[{"count":0,"href":"https:\/\/www.europesays.com\/fr\/wp-json\/wp\/v2\/posts\/140173\/revisions"}],"wp:featuredmedia":[{"embeddable":true,"href":"https:\/\/www.europesays.com\/fr\/wp-json\/wp\/v2\/media\/140174"}],"wp:attachment":[{"href":"https:\/\/www.europesays.com\/fr\/wp-json\/wp\/v2\/media?parent=140173"}],"wp:term":[{"taxonomy":"category","embeddable":true,"href":"https:\/\/www.europesays.com\/fr\/wp-json\/wp\/v2\/categories?post=140173"},{"taxonomy":"post_tag","embeddable":true,"href":"https:\/\/www.europesays.com\/fr\/wp-json\/wp\/v2\/tags?post=140173"}],"curies":[{"name":"wp","href":"https:\/\/api.w.org\/{rel}","templated":true}]}}