{"id":14018,"date":"2025-04-10T02:23:11","date_gmt":"2025-04-10T02:23:11","guid":{"rendered":"https:\/\/www.europesays.com\/fr\/14018\/"},"modified":"2025-04-10T02:23:11","modified_gmt":"2025-04-10T02:23:11","slug":"comment-des-pecheurs-de-ouistreham-ont-ete-interpelles","status":"publish","type":"post","link":"https:\/\/www.europesays.com\/fr\/14018\/","title":{"rendered":"comment des p\u00eacheurs de Ouistreham ont \u00e9t\u00e9 interpell\u00e9s"},"content":{"rendered":"<p>            Par<br \/>\n        <strong><br \/>\n            <a href=\"https:\/\/actu.fr\/auteur\/nicolas-claich\" title=\"Consulter tous les articles de Nicolas Claich\" target=\"_blank\" rel=\"noopener\">Nicolas Claich<\/a><br \/>\n        <\/strong><\/p>\n<p>        Publi\u00e9 le<\/p>\n<p>            8 avr. 2025 \u00e0 16h40        <\/p>\n<p>Les enqu\u00eateurs de la police judiciaire de <b>Caen (Calvados)<\/b> les avaient dans le collimateur depuis un an et demi. <b>Trois marins-p\u00eacheurs de Ouistreham<\/b>, ainsi que les compagnes de deux d\u2019entre eux, ont \u00e9t\u00e9 interpell\u00e9s, dans la nuit de jeudi\u00a03 \u00e0 vendredi 4\u00a0avril 2025, au cours d\u2019une <a href=\"https:\/\/actu.fr\/normandie\/ouistreham_14488\/quatre-helicos-100-policiers-une-operation-hors-norme-en-mer-des-interpellations-a-ouistreham_62473086.html\" target=\"_blank\" rel=\"noopener\">vaste op\u00e9ration de police<\/a>.<\/p>\n<p>\u00ab\u2009Les trafiquants ont besoin d\u2019interm\u00e9diaires\u2009\u00bb<\/p>\n<p class=\" wall-content\">Suite aux <a href=\"https:\/\/actu.fr\/normandie\/courseulles-sur-mer_14191\/sur-la-cote-de-nacre-150-kilos-de-cocaine-echoues-sur-la-plage_61641163.html\" target=\"_blank\" rel=\"noopener\">\u00e9chouages de ballots de coca\u00efne<\/a> observ\u00e9s depuis deux ans sur les c\u00f4tes bretonnes et normandes, les policiers caennais ont re\u00e7u des renseignements concernant un chalutier amarr\u00e9 \u00e0 Ouistreham. \u00ab\u2009Son \u00e9quipage \u00e9tait soup\u00e7onn\u00e9 de travailler pour le compte de <b>trafiquants originaires du\u00a0Havre<\/b>, afin de r\u00e9cup\u00e9rer de la <b>coca\u00efne<\/b> pour leur compte, a expliqu\u00e9 Fr\u00e9d\u00e9ric Teillet, le procureur de la R\u00e9publique de Rennes, lors d\u2019une conf\u00e9rence de presse, lundi 7\u00a0avril 2025. Les trafiquants ont besoin d\u2019interm\u00e9diaires. Tout le monde n\u2019est pas capable d\u2019aller au large pour r\u00e9cup\u00e9rer des ballots en pleine mer\u2009\u00bb. Initi\u00e9e par le parquet de Caen, l\u2019enqu\u00eate avait ensuite \u00e9t\u00e9 transmise \u00e0 la JIRS (juridiction interr\u00e9gionale sp\u00e9cialis\u00e9e) de Rennes, comp\u00e9tente en mati\u00e8re de crime organis\u00e9.<\/p>\n<p class=\" wall-content\">Les marins ouistrehamais \u00e9taient suspect\u00e9s d\u2019\u00eatre un maillon d\u2019un trafic utilisant <b>la technique du \u00ab\u2009drop-off\u2009\u00bb<\/b>, l\u2019une des nombreuses (containers, sous-marins, mules dans des avions, par la route depuis l\u2019Afrique du Nord\u2026) employ\u00e9es pour faire venir de la drogue en Europe\u2009: un cargo charg\u00e9 de coca\u00efne part d\u2019<b>Am\u00e9rique du Sud ou des Cara\u00efbes<\/b>, l\u00e2che des ballots de drogue en pleine mer, au large des c\u00f4tes fran\u00e7aises, avant de reprendre sa route vers un port d\u2019Europe du Nord. \u00c9quip\u00e9s de balises GPS, les ballots de drogue sont ensuite r\u00e9cup\u00e9r\u00e9s par <b>un bateau de p\u00eache<\/b>.<\/p>\n<p>Dix-huit mois de surveillance avant de passer \u00e0 l\u2019action<\/p>\n<p class=\" wall-content\">C\u2019est ce qu\u2019il s\u2019est pass\u00e9 d\u00e9but avril. Apr\u00e8s 18\u00a0mois de surveillance, notamment t\u00e9l\u00e9phonique, les enqu\u00eateurs ont compris qu\u2019une livraison se pr\u00e9parait. Elle concernait une quantit\u00e9 de 800 kilos de coca\u00efne, selon les \u00e9coutes.<\/p>\n<p class=\" wall-content\">Quand les Douanes ont inform\u00e9 les enqu\u00eateurs qu\u2019un cargo rempli de drogue avait quitt\u00e9 <b>le port de Paranagua, au Br\u00e9sil<\/b>, r\u00e9put\u00e9 pour \u00eatre le point de d\u00e9part de nombreux trafics, l\u2019op\u00e9ration s\u2019est mise en place. Les d\u00e9placements du cargo et du chalutier suspect ont \u00e9t\u00e9 scrut\u00e9s.<\/p>\n<blockquote class=\"ac-article-quote wall-content\">\n<p>Le transbordement a eu lieu \u00e0 plusieurs milles nautiques \u00e0 l\u2019ouest des \u00eeles anglo-normandes de Guernesey et Jersey. Le cargo, en route pour Amsterdam, a d\u00e9vi\u00e9 sa route.<\/p>\n<p>Fr\u00e9d\u00e9ric Teillet, procureur de la R\u00e9publique de Rennes<\/p><\/blockquote>\n<p>Le chalutier r\u00e9cup\u00e8re les ballots, puis les transf\u00e8re \u00e0 une vedette<\/p>\n<p class=\" wall-content\">Le chalutier ouistrehamais a ensuite ramen\u00e9 les ballots de drogue \u00e0 son bord, avant de reprendre le chemin du port. En baie de Seine, la coca\u00efne a une nouvelle fois chang\u00e9 d\u2019embarcation\u2009: une vedette rapide est venue \u00e0 la rencontre du chalutier pour charger les produits stup\u00e9fiants et les emporter jusqu\u2019\u00e0 <b>Tancarville (Seine-Maritime)<\/b>, son port d\u2019attache.<\/p>\n<p>      <img   decoding=\"async\" loading=\"lazy\" class=\"size-large\" src=\"https:\/\/www.europesays.com\/fr\/wp-content\/uploads\/2025\/04\/0a51f280f4f767e51f280f4f78261fv-960x640.jpg\" alt=\"Les hommes du Raid ont s\u00e9curis\u00e9 l'op\u00e9ration de police en mer de la Manche, dans la nuit de jeudi 3 \u00e0 vendredi 4 avril 2025.\" width=\"960\" height=\"640\"\/><br \/>\n    Les hommes du Raid ont s\u00e9curis\u00e9 l\u2019op\u00e9ration de police en mer de la Manche, dans la nuit de jeudi\u00a03 \u00e0 vendredi 4\u00a0avril 2025. \u00a9si cop<\/p>\n<p class=\" wall-content\">Le cargo, de son c\u00f4t\u00e9, a \u00e9t\u00e9 d\u00e9rout\u00e9 par un patrouilleur des Douanes jusqu\u2019au port de Dunkerque. Les 22 membres de son \u00e9quipage, originaires des Philippines, ont \u00e9t\u00e9 plac\u00e9s en garde \u00e0 vue. Dix-neuf d\u2019entre eux ont \u00e9t\u00e9 mis hors de cause, \u00e0 ce stade de l\u2019enqu\u00eate, mais trois ont \u00e9t\u00e9 mis en examen.<\/p>\n<p>11\u00a0personnes mises en examen<\/p>\n<p class=\" wall-content\">Six autres hommes, dont les trois marins-p\u00eacheurs, ont aussi \u00e9t\u00e9 interpell\u00e9s \u00e0 Ouistreham, Tancarville, et au\u00a0Havre. Ils ont \u00e9t\u00e9 mis en examen, ainsi que les deux conjointes des p\u00eacheurs de Ouistreham. Celles-ci ont \u00e9t\u00e9 plac\u00e9es sous contr\u00f4le judiciaire, tandis que les autres ont \u00e9t\u00e9 incarc\u00e9r\u00e9s. \u00ab\u2009Ils sont n\u00e9s entre\u00a01976 et\u00a01999 et vivent dans le Calvados et en Seine-Maritime, a indiqu\u00e9 Fr\u00e9d\u00e9ric Teillet. L\u2019un d\u2019eux est un ressortissant belge d\u2019origine albanaise\u2009\u00bb. Par ailleurs, le chalutier et la vedette ont \u00e9t\u00e9 saisis par la justice.<\/p>\n<p class=\" wall-content\">Une fois les emballages enlev\u00e9s, la quantit\u00e9 de drogue saisie s\u2019\u00e9l\u00e8ve \u00e0 <b>630 kilos<\/b>, ce qui repr\u00e9sente une valeur \u00e0 la revente d\u2019environ <b>37\u00a0millions d\u2019euros<\/b>. \u00ab\u2009C\u2019est la premi\u00e8re fois qu\u2019on intercepte une livraison avec un tel mode de trafic\u2009\u00bb, s\u2019est f\u00e9licit\u00e9 le procureur de la R\u00e9publique de Rennes.<\/p>\n<p>\u00ab\u2009Aucune impunit\u00e9\u2009\u00bb pour le monde de la mer<\/p>\n<p class=\" wall-content\">Fr\u00e9d\u00e9ric Teillet a mis en garde le monde de la mer face \u00e0 la tentation de \u00ab\u2009l\u2019argent facile\u2009\u00bb.<\/p>\n<blockquote class=\"ac-article-quote wall-content\">\n<p>S\u2019ils participent \u00e0 des trafics, les p\u00eacheurs subiront les m\u00eames peines que les trafiquants. Il n\u2019y aura aucune impunit\u00e9. Sans compter qu\u2019ils peuvent subir les repr\u00e9sailles de criminels sans scrupules\u2009: menaces, enl\u00e8vements, s\u00e9questrations, voire assassinats, comme c\u2019est d\u00e9j\u00e0 arriv\u00e9 au\u00a0Havre.<\/p>\n<p>Fr\u00e9d\u00e9ric Teillet, procureur de la R\u00e9publique de Rennes<\/p><\/blockquote>\n<p class=\" wall-content\">L\u2019importation de produits stup\u00e9fiants est un crime passible de la cour d\u2019Assises. La peine encourue est de <b>30\u00a0ans de r\u00e9clusion criminelle<\/b>.<\/p>\n<p class=\" wall-content\">Suivez toute l\u2019actualit\u00e9 de vos villes et m\u00e9dias favoris en vous inscrivant \u00e0 <a href=\"https:\/\/moncompte.actu.fr\" title=\"D\u00e9couvez Mon Actu\" rel=\"nofollow noopener\" data-trk=\"{&quot;cta&quot;:{&quot;action&quot;:&quot;https:\\\/\\\/moncompte.actu.fr&quot;,&quot;category&quot;:&quot;mon compte&quot;,&quot;from&quot;:&quot;article footer&quot;,&quot;name&quot;:&quot;Mon actu&quot;,&quot;type&quot;:&quot;cta&quot;}}\" target=\"_blank\">Mon Actu<\/a>.<\/p>\n","protected":false},"excerpt":{"rendered":"Par Nicolas Claich Publi\u00e9 le 8 avr. 2025 \u00e0 16h40 Les enqu\u00eateurs de la police judiciaire de Caen&hellip;\n","protected":false},"author":2,"featured_media":14019,"comment_status":"","ping_status":"","sticky":false,"template":"","format":"standard","meta":{"footnotes":""},"categories":[4],"tags":[11,3993,1052,118,1011,27,12,1072,25],"class_list":{"0":"post-14018","1":"post","2":"type-post","3":"status-publish","4":"format-standard","5":"has-post-thumbnail","7":"category-france","8":"tag-actualites","9":"tag-cocaine","10":"tag-drogue","11":"tag-faits-divers","12":"tag-fr","13":"tag-france","14":"tag-news","15":"tag-police","16":"tag-republique-francaise"},"share_on_mastodon":{"url":"https:\/\/pubeurope.com\/@fr\/114311292671960673","error":""},"_links":{"self":[{"href":"https:\/\/www.europesays.com\/fr\/wp-json\/wp\/v2\/posts\/14018","targetHints":{"allow":["GET"]}}],"collection":[{"href":"https:\/\/www.europesays.com\/fr\/wp-json\/wp\/v2\/posts"}],"about":[{"href":"https:\/\/www.europesays.com\/fr\/wp-json\/wp\/v2\/types\/post"}],"author":[{"embeddable":true,"href":"https:\/\/www.europesays.com\/fr\/wp-json\/wp\/v2\/users\/2"}],"replies":[{"embeddable":true,"href":"https:\/\/www.europesays.com\/fr\/wp-json\/wp\/v2\/comments?post=14018"}],"version-history":[{"count":0,"href":"https:\/\/www.europesays.com\/fr\/wp-json\/wp\/v2\/posts\/14018\/revisions"}],"wp:featuredmedia":[{"embeddable":true,"href":"https:\/\/www.europesays.com\/fr\/wp-json\/wp\/v2\/media\/14019"}],"wp:attachment":[{"href":"https:\/\/www.europesays.com\/fr\/wp-json\/wp\/v2\/media?parent=14018"}],"wp:term":[{"taxonomy":"category","embeddable":true,"href":"https:\/\/www.europesays.com\/fr\/wp-json\/wp\/v2\/categories?post=14018"},{"taxonomy":"post_tag","embeddable":true,"href":"https:\/\/www.europesays.com\/fr\/wp-json\/wp\/v2\/tags?post=14018"}],"curies":[{"name":"wp","href":"https:\/\/api.w.org\/{rel}","templated":true}]}}