{"id":140181,"date":"2025-05-30T21:45:13","date_gmt":"2025-05-30T21:45:13","guid":{"rendered":"https:\/\/www.europesays.com\/fr\/140181\/"},"modified":"2025-05-30T21:45:13","modified_gmt":"2025-05-30T21:45:13","slug":"cette-erreur-de-google-maps-a-cree-le-chaos-sur-les-petites-routes-allemandes","status":"publish","type":"post","link":"https:\/\/www.europesays.com\/fr\/140181\/","title":{"rendered":"Cette erreur de Google Maps a cr\u00e9\u00e9 le chaos sur les petites routes allemandes"},"content":{"rendered":"<p>        <img decoding=\"async\" loading=\"lazy\" src=\"https:\/\/www.europesays.com\/fr\/wp-content\/uploads\/2025\/05\/e93d06e_1718999576089-gettyimages-1247376141.jpg\"  width=\"728\" height=\"409\" alt=\"Google Maps a cr\u00e9\u00e9 la pagaille sur les routes allemande le jeudi de l\u2019Ascension, en donnant de fausses informations.\"\/>  <\/p>\n<p>SOPA Images \/ SOPA Images\/LightRocket via Gett<\/p>\n<p>Google Maps a cr\u00e9\u00e9 la pagaille sur les routes allemande le jeudi de l\u2019Ascension, en donnant de fausses informations.<\/p>\n<p class=\"asset asset-text\">ALLEMAGNE &#8211; Les automobilistes allemands ont vu rouge. Jeudi 29\u00a0mai, alors que d\u00e9butait<a href=\"https:\/\/www.huffingtonpost.fr\/france\/article\/bison-fute-voit-noir-pour-le-pont-de-l-ascension-sur-les-routes-et-c-est-la-premiere-fois-cette-annee-clx1_250581.html\" target=\"_blank\" rel=\"noopener\"> le pont de l\u2019Ascension<\/a>, une erreur de l\u2019application <a href=\"https:\/\/www.huffingtonpost.fr\/france\/article\/google-maps-a-disparu-dans-vos-resultats-de-recherche-google-voici-pourquoi-et-comment-y-remedier_230722.html\" target=\"_blank\" rel=\"noopener\">Google Maps<\/a> a caus\u00e9 d\u2019importants embouteillages sur les routes en Allemagne, d\u00e9j\u00e0 tr\u00e8s fr\u00e9quent\u00e9es \u00e0 cette p\u00e9riode.<\/p>\n<p class=\"asset asset-text\">La plateforme indiquait \u00e0 tort que plusieurs autoroutes du pays \u00e9taient ferm\u00e9es, notamment \u00e0 Berlin, Hambourg, Francfort ou D\u00fcsseldorf, rapporte le journal<a href=\"https:\/\/www.spiegel.de\/panorama\/google-maps-falsche-sperrungen-von-autobahnen-sorgen-fuer-verwirrung-a-d232e6db-ef96-4bd5-b242-1c06d2c91e57\" target=\"_blank\" rel=\"noopener\" title=\"Nouvelle fen\u00eatre\"> Der Spiegel<\/a>. Les autres applications de GPS telles que Waze ou Apple Maps n\u2019affichaient pas cette information. De m\u00eame, la radio et les autorit\u00e9s locales ne mentionnaient pas de fermeture.<\/p>\n<p class=\"asset asset-text\">Par cons\u00e9quent, de nombreux automobilistes se sont tourn\u00e9s vers des petites routes, qui se sont rapidement retrouv\u00e9es encombr\u00e9es.<\/p>\n<p>    La Belgique et les Pays-Bas  touch\u00e9s    <\/p>\n<p class=\"asset asset-text\">Interrog\u00e9 par le m\u00e9dia allemand <a href=\"https:\/\/www.bild.de\/news\/inland\/google-maps-zeigt-falsche-sperrungen-fast-alle-bundeslaender-betroffen-68381a6bcc8cef6abc4e8948\" target=\"_blank\" rel=\"noopener\" title=\"Nouvelle fen\u00eatre\">Bild<\/a>, le g\u00e9ant am\u00e9ricain a affirm\u00e9 avoir corrig\u00e9 cette erreur d\u00e8s que ses \u00e9quipes en ont pris connaissance. Une enqu\u00eate interne a \u00e9galement \u00e9t\u00e9 lanc\u00e9e pour identifier la cause de cette erreur. Habituellement, Google Maps tire ses informations \u00ab\u00a0d\u2019une vari\u00e9t\u00e9 de sources\u00a0\u00bb, dont les agences publiques et les utilisateurs, rappelle l\u2019entreprise. \u00ab\u00a0En g\u00e9n\u00e9ral, ces sources fournissent une base solide pour des cartes compl\u00e8tes et \u00e0 jour\u00a0\u00bb, ajoute-t-elle.<\/p>\n<p class=\"asset asset-text\">Selon Bild, certaines r\u00e9gions des Pays-Bas et de la Belgique \u00e9taient \u00e9galement touch\u00e9es par ce probl\u00e8me.<\/p>\n<p class=\"asset asset-text\">Il y a quelques semaines, Google Maps avait d\u00e9j\u00e0 cr\u00e9\u00e9 la confusion aupr\u00e8s des automobilistes allemands en affirmant que plusieurs tunnels de Thuringe \u00e9taient ferm\u00e9s, sans que ce soit le cas.<\/p>\n","protected":false},"excerpt":{"rendered":"SOPA Images \/ SOPA Images\/LightRocket via Gett Google Maps a cr\u00e9\u00e9 la pagaille sur les routes allemande le&hellip;\n","protected":false},"author":2,"featured_media":140182,"comment_status":"","ping_status":"","sticky":false,"template":"","format":"standard","meta":{"footnotes":""},"categories":[1587],"tags":[11,672,1804,3542,1805,1803,1777,674,1801,14470,14,12,1802],"class_list":{"0":"post-140181","1":"post","2":"type-post","3":"status-publish","4":"format-standard","5":"has-post-thumbnail","7":"category-allemagne","8":"tag-actualites","9":"tag-allemagne","10":"tag-bundesrepublik-deutschland","11":"tag-circulation","12":"tag-de","13":"tag-deutschland","14":"tag-eu","15":"tag-europe","16":"tag-germany","17":"tag-google-maps","18":"tag-international","19":"tag-news","20":"tag-republique-federale-dallemagne"},"share_on_mastodon":{"url":"https:\/\/pubeurope.com\/@fr\/114598977413281735","error":""},"_links":{"self":[{"href":"https:\/\/www.europesays.com\/fr\/wp-json\/wp\/v2\/posts\/140181","targetHints":{"allow":["GET"]}}],"collection":[{"href":"https:\/\/www.europesays.com\/fr\/wp-json\/wp\/v2\/posts"}],"about":[{"href":"https:\/\/www.europesays.com\/fr\/wp-json\/wp\/v2\/types\/post"}],"author":[{"embeddable":true,"href":"https:\/\/www.europesays.com\/fr\/wp-json\/wp\/v2\/users\/2"}],"replies":[{"embeddable":true,"href":"https:\/\/www.europesays.com\/fr\/wp-json\/wp\/v2\/comments?post=140181"}],"version-history":[{"count":0,"href":"https:\/\/www.europesays.com\/fr\/wp-json\/wp\/v2\/posts\/140181\/revisions"}],"wp:featuredmedia":[{"embeddable":true,"href":"https:\/\/www.europesays.com\/fr\/wp-json\/wp\/v2\/media\/140182"}],"wp:attachment":[{"href":"https:\/\/www.europesays.com\/fr\/wp-json\/wp\/v2\/media?parent=140181"}],"wp:term":[{"taxonomy":"category","embeddable":true,"href":"https:\/\/www.europesays.com\/fr\/wp-json\/wp\/v2\/categories?post=140181"},{"taxonomy":"post_tag","embeddable":true,"href":"https:\/\/www.europesays.com\/fr\/wp-json\/wp\/v2\/tags?post=140181"}],"curies":[{"name":"wp","href":"https:\/\/api.w.org\/{rel}","templated":true}]}}