{"id":140191,"date":"2025-05-30T21:50:11","date_gmt":"2025-05-30T21:50:11","guid":{"rendered":"https:\/\/www.europesays.com\/fr\/140191\/"},"modified":"2025-05-30T21:50:11","modified_gmt":"2025-05-30T21:50:11","slug":"meme-qualifiee-lequipe-de-france-reste-sans-pitie","status":"publish","type":"post","link":"https:\/\/www.europesays.com\/fr\/140191\/","title":{"rendered":"m\u00eame qualifi\u00e9e, l&rsquo;\u00e9quipe de France reste sans piti\u00e9"},"content":{"rendered":"<p>France &#8211; Suisse<\/p>\n<p>4-0<\/p>\n<p>Laurent Bonadei et ses Bleues avaient promis du spectacle, la promesse a \u00e9t\u00e9 tenue\u200a ! \u00c0 Nancy vendredi, le ton a \u00e9t\u00e9 vite donn\u00e9 par Sandy Baltimore, qui a frapp\u00e9 sur la transversale (4e). Les Bleues avaient tellement envie de briller et d\u2019aller de l\u2019avant qu\u2019elles ont pouss\u00e9 \u00e0 la faute la pauvre gardienne suisse Peng, Clara Mateo en profitant pour ouvrir le score facilement (1-0, 11e).<\/p>\n<p>C\u2019\u00e9tait beau, c\u2019\u00e9tait percutant, c\u2019\u00e9tait plein d\u2019\u00e9nergie. Et pourtant, la qualification pour le Final Four de la Ligue des nations \u00e9tait d\u00e9j\u00e0 dans la poche. Le public nanc\u00e9ien s\u2019est tellement r\u00e9gal\u00e9 qu\u2019il s\u2019est lanc\u00e9 d\u00e8s la 12e minute dans une \u201c\u200aola\u201d\u00bb\u2026 interrompue par les c\u00e9l\u00e9brations pour deux nouveaux buts des Fran\u00e7aises.<\/p>\n<p>Un chef-d\u2019\u0153uvre collectif pour le quatri\u00e8me but<\/p>\n<p>Elisa De Almeida a doubl\u00e9 la mise sur une magnifique reprise (2-0, 16e), avant la r\u00e9alisation du 3-0, sign\u00e9e Baltimore, \u00e0 la suite d\u2019une chevauch\u00e9e fantastique de <a href=\"https:\/\/www.ledauphine.com\/p\/kadidiatou-diani\" target=\"_blank\" rel=\"nofollow noopener\">Kadidiatou Diani<\/a> (3-0, 20e).<\/p>\n<p>Logiquement, les filles de Laurent Bonadei ne pouvaient pas tenir tout le match \u00e0 ce rythme d\u2019enfer. La seconde partie de la premi\u00e8re p\u00e9riode s\u2019est r\u00e9v\u00e9l\u00e9e un peu moins emballante, mais la d\u00e9fense a pu trouver de nouveaux rep\u00e8res, sans <a href=\"https:\/\/www.ledauphine.com\/p\/wendie-renard\" target=\"_blank\" rel=\"nofollow noopener\">Wendie Renard<\/a>, l\u2019une des trois cadres \u00e9cart\u00e9es avec <a href=\"https:\/\/www.ledauphine.com\/p\/eugenie-le-sommer\" target=\"_blank\" rel=\"nofollow noopener\">Eug\u00e9nie Le Sommer<\/a> et <a href=\"https:\/\/www.ledauphine.com\/p\/kenza-dali\" target=\"_blank\" rel=\"nofollow noopener\">Kenza Dali<\/a>.<\/p>\n<p>Sous les yeux du pr\u00e9sident de la Ligue f\u00e9minine <a href=\"https:\/\/www.ledauphine.com\/p\/jean-michel-aulas\" target=\"_blank\" rel=\"nofollow noopener\">Jean-Michel Aulas<\/a>, sous les yeux \u00e9galement de l\u2019ancien boss de l\u2019ASNL Jacques Rousselot revenu \u00e0 Picot, les Bleues ont remis un coup d\u2019acc\u00e9l\u00e9rateur au d\u00e9but de la deuxi\u00e8me p\u00e9riode. Leur sup\u00e9riorit\u00e9, \u00e9vidente, \u00e9crasante, a vite donn\u00e9 un quatri\u00e8me but somptueux dans sa construction, Geyoro venant conclure une action collective de toute beaut\u00e9 (4-0, 55e).<\/p>\n<p>Le score en est rest\u00e9 l\u00e0, \u00e0 4-0, mais les supporters ont pris du plaisir jusqu\u2019au bout, au cours de cette belle soir\u00e9e qui sentait bon l\u2019\u00e9t\u00e9. En juillet, justement, ces Bleues joueront l\u2019Euro 2025 (du 2 au 27). Sur ce qu\u2019on a vu, vendredi soir \u00e0 Marcel-Picot, l\u2019\u00e9quipe de France f\u00e9minine aura de vrais arguments \u00e0 faire valoir pendant la comp\u00e9tition en Suisse. Les Suissesses peuvent en t\u00e9moigner\u2026<\/p>\n","protected":false},"excerpt":{"rendered":"France &#8211; Suisse 4-0 Laurent Bonadei et ses Bleues avaient promis du spectacle, la promesse a \u00e9t\u00e9 tenue\u200a&hellip;\n","protected":false},"author":2,"featured_media":140192,"comment_status":"","ping_status":"","sticky":false,"template":"","format":"standard","meta":{"footnotes":""},"categories":[4],"tags":[11,107,63,1011,27,12,25,517,1947],"class_list":{"0":"post-140191","1":"post","2":"type-post","3":"status-publish","4":"format-standard","5":"has-post-thumbnail","7":"category-france","8":"tag-actualites","9":"tag-fil-info","10":"tag-football","11":"tag-fr","12":"tag-france","13":"tag-news","14":"tag-republique-francaise","15":"tag-sport","16":"tag-sport-national"},"share_on_mastodon":{"url":"https:\/\/pubeurope.com\/@fr\/114598997117323906","error":""},"_links":{"self":[{"href":"https:\/\/www.europesays.com\/fr\/wp-json\/wp\/v2\/posts\/140191","targetHints":{"allow":["GET"]}}],"collection":[{"href":"https:\/\/www.europesays.com\/fr\/wp-json\/wp\/v2\/posts"}],"about":[{"href":"https:\/\/www.europesays.com\/fr\/wp-json\/wp\/v2\/types\/post"}],"author":[{"embeddable":true,"href":"https:\/\/www.europesays.com\/fr\/wp-json\/wp\/v2\/users\/2"}],"replies":[{"embeddable":true,"href":"https:\/\/www.europesays.com\/fr\/wp-json\/wp\/v2\/comments?post=140191"}],"version-history":[{"count":0,"href":"https:\/\/www.europesays.com\/fr\/wp-json\/wp\/v2\/posts\/140191\/revisions"}],"wp:featuredmedia":[{"embeddable":true,"href":"https:\/\/www.europesays.com\/fr\/wp-json\/wp\/v2\/media\/140192"}],"wp:attachment":[{"href":"https:\/\/www.europesays.com\/fr\/wp-json\/wp\/v2\/media?parent=140191"}],"wp:term":[{"taxonomy":"category","embeddable":true,"href":"https:\/\/www.europesays.com\/fr\/wp-json\/wp\/v2\/categories?post=140191"},{"taxonomy":"post_tag","embeddable":true,"href":"https:\/\/www.europesays.com\/fr\/wp-json\/wp\/v2\/tags?post=140191"}],"curies":[{"name":"wp","href":"https:\/\/api.w.org\/{rel}","templated":true}]}}