{"id":14020,"date":"2025-04-10T02:27:22","date_gmt":"2025-04-10T02:27:22","guid":{"rendered":"https:\/\/www.europesays.com\/fr\/14020\/"},"modified":"2025-04-10T02:27:22","modified_gmt":"2025-04-10T02:27:22","slug":"et-si-tintin-avait-ecrit-ses-articles","status":"publish","type":"post","link":"https:\/\/www.europesays.com\/fr\/14020\/","title":{"rendered":"et si Tintin avait \u00e9crit ses articles ?"},"content":{"rendered":"<p>Avis aux tintinophiles\u00a0: la librairie strasbourgeoise \u00ab <a href=\"https:\/\/www.dna.fr\/edition-de-strasbourg\/2016\/08\/13\/ca-va-buller\" target=\"_blank\" rel=\"nofollow noopener\">\u00c7a va buller<\/a> \u00bb accueillera bient\u00f4t l\u2019un des v\u00f4tres. Jeudi 10\u00a0avril de 14\u00a0h \u00e0 16\u00a0h, le journaliste Marc Ouahnon y pr\u00e9sentera son premier livre\u00a0: De notre envoy\u00e9 sp\u00e9cial \u2013 Chroniques retrouv\u00e9es d\u2019un petit journaliste belge.<\/p>\n<p>Ce contenu est bloqu\u00e9 car vous n&rsquo;avez pas accept\u00e9 les cookies et autres traceurs.<\/p>\n<p>En cliquant sur \u00ab J\u2019accepte \u00bb, les cookies et autres traceurs seront d\u00e9pos\u00e9s et vous pourrez visualiser les contenus  (<a href=\"\" class=\"consentModule_policy\" target=\"_blank\" title=\"Consulter la politique de protection des donn\u00e9es du fournisseur\">plus d&rsquo;informations<\/a>).<\/p>\n<p>En cliquant sur \u00ab J\u2019accepte tous les cookies \u00bb, vous autorisez des d\u00e9p\u00f4ts de cookies et autres traceurs pour le stockage de vos donn\u00e9es sur nos sites et applications \u00e0 des fins de personnalisation et de ciblage publicitaire.<\/p>\n<p class=\"consentModule_secondaryText\">Vous gardez la possibilit\u00e9 de retirer votre consentement \u00e0 tout moment en consultant notre <a href=\"https:\/\/www.dna.fr\/protection-des-donnees\" target=\"_blank\" title=\"Consulter notre politique de protection des donn\u00e9es\" rel=\"nofollow noopener\">politique de protection des donn\u00e9es<\/a>. <br \/>&#13;<br \/>\n            <a href=\"https:\/\/www.dna.fr\/culture-loisirs\/2025\/04\/08\/javascript:Didomi.notice.show()\" class=\"consentModule_cmp\" rel=\"nofollow noopener\" target=\"_blank\">G\u00e9rer mes choix<\/a>&#13;\n        <\/p>\n<p>&#13;<br \/>\n                        J&rsquo;accepte&#13;<br \/>\n            J&rsquo;accepte tous les cookies&#13;\n        <\/p>\n<p>  Interview d&rsquo;une palanqu\u00e9e de bachi-bouzouks<\/p>\n<p>Dans cet ouvrage, paru r\u00e9cemment aux \u00e9ditions 1\u00a0000 Sabords, ce collaborateur r\u00e9gulier du magazine G\u00e9o a pu concr\u00e9tiser un r\u00eave de gosse&#8230; \u00c0 savoir se glisser dans la peau du plus c\u00e9l\u00e8bre des journalistes \u00e0 houppette pour r\u00e9diger enfin les articles qu\u2019aurait d\u00fb livrer Tintin \u00e0 son r\u00e9dacteur en chef au fil de ses aventures.<\/p>\n<p>Rencontre exclusive avec le y\u00e9ti, interview d\u2019une palanqu\u00e9e de bachi-bouzouks et autres \u00ab\u00a0j\u2019ai test\u00e9 pour vous\u00a0\u00bb (l\u2019alunissage sur la Lune, par exemple)\u00a0: en voil\u00e0 un qui aurait trust\u00e9 r\u00e9guli\u00e8rement la une avec ses gros titres\u00a0!<\/p>\n","protected":false},"excerpt":{"rendered":"Avis aux tintinophiles\u00a0: la librairie strasbourgeoise \u00ab \u00c7a va buller \u00bb accueillera bient\u00f4t l\u2019un des v\u00f4tres. Jeudi 10\u00a0avril&hellip;\n","protected":false},"author":2,"featured_media":14021,"comment_status":"","ping_status":"","sticky":false,"template":"","format":"standard","meta":{"footnotes":""},"categories":[2820],"tags":[1111,11,2389,2649,1687,2880,1777,674,107,1011,27,775,1757,2410,12,25,640,2879],"class_list":{"0":"post-14020","1":"post","2":"type-post","3":"status-publish","4":"format-standard","5":"has-post-thumbnail","7":"category-strasbourg","8":"tag-actu","9":"tag-actualites","10":"tag-alsace","11":"tag-bas-rhin","12":"tag-culture-loisirs","13":"tag-edition-strasbourg","14":"tag-eu","15":"tag-europe","16":"tag-fil-info","17":"tag-fr","18":"tag-france","19":"tag-grand-est","20":"tag-insolite","21":"tag-livres-bd","22":"tag-news","23":"tag-republique-francaise","24":"tag-strasbourg","25":"tag-strasbourg-ville"},"share_on_mastodon":{"url":"https:\/\/pubeurope.com\/@fr\/114311308524156967","error":""},"_links":{"self":[{"href":"https:\/\/www.europesays.com\/fr\/wp-json\/wp\/v2\/posts\/14020","targetHints":{"allow":["GET"]}}],"collection":[{"href":"https:\/\/www.europesays.com\/fr\/wp-json\/wp\/v2\/posts"}],"about":[{"href":"https:\/\/www.europesays.com\/fr\/wp-json\/wp\/v2\/types\/post"}],"author":[{"embeddable":true,"href":"https:\/\/www.europesays.com\/fr\/wp-json\/wp\/v2\/users\/2"}],"replies":[{"embeddable":true,"href":"https:\/\/www.europesays.com\/fr\/wp-json\/wp\/v2\/comments?post=14020"}],"version-history":[{"count":0,"href":"https:\/\/www.europesays.com\/fr\/wp-json\/wp\/v2\/posts\/14020\/revisions"}],"wp:featuredmedia":[{"embeddable":true,"href":"https:\/\/www.europesays.com\/fr\/wp-json\/wp\/v2\/media\/14021"}],"wp:attachment":[{"href":"https:\/\/www.europesays.com\/fr\/wp-json\/wp\/v2\/media?parent=14020"}],"wp:term":[{"taxonomy":"category","embeddable":true,"href":"https:\/\/www.europesays.com\/fr\/wp-json\/wp\/v2\/categories?post=14020"},{"taxonomy":"post_tag","embeddable":true,"href":"https:\/\/www.europesays.com\/fr\/wp-json\/wp\/v2\/tags?post=14020"}],"curies":[{"name":"wp","href":"https:\/\/api.w.org\/{rel}","templated":true}]}}