{"id":140221,"date":"2025-05-30T22:08:10","date_gmt":"2025-05-30T22:08:10","guid":{"rendered":"https:\/\/www.europesays.com\/fr\/140221\/"},"modified":"2025-05-30T22:08:10","modified_gmt":"2025-05-30T22:08:10","slug":"au-niveau-du-coucher-marina-balance-sur-laspect-charnel-avec-david","status":"publish","type":"post","link":"https:\/\/www.europesays.com\/fr\/140221\/","title":{"rendered":"\u00ab\u00a0Au niveau du coucher\u2026\u00a0\u00bb, Marina balance sur l\u2019aspect charnel avec David"},"content":{"rendered":"<p>Cette ann\u00e9e dans Mari\u00e9s au premier regard, plusieurs couples<br \/>\nn\u2019ont pas r\u00e9ussi \u00e0 franchir le cap de la s\u00e9duction. Impossible<br \/>\nalors de ne pas mentionner Laury et Anthony qui n\u2019ont jamais r\u00e9ussi<br \/>\n\u00e0 se rapprocher apr\u00e8s leur mariage \u00e0 Gibraltar. Et ce, malgr\u00e9 les<br \/>\nnombreux efforts d\u00e9ploy\u00e9s par la jeune femme. Marina, elle, n\u2019est<br \/>\ngu\u00e8re plus chanceuse. Compatible \u00e0 77% avec David, cette derni\u00e8re a<br \/>\nd\u2019embl\u00e9e eu un blocage physique. Alors qu\u2019elle avait indiqu\u00e9 aux<br \/>\nexpertes ne pas appr\u00e9cier les hommes chauves, la jolie brune a eu<br \/>\nle malheur de d\u00e9couvrir le cr\u00e2ne ras\u00e9 du candidat le jour J. Cela<br \/>\nne l\u2019emp\u00eachera pourtant pas de lui dire \u00ab\u00a0oui\u00a0\u00bb.<\/p>\n<p>Mari\u00e9s au premier regard : David et Marina s\u2019envolent pour leur<br \/>\nlune de miel<\/p>\n<p>David et Marina ont eu l\u2019opportunit\u00e9 d\u2019<strong>apprendre \u00e0 se<br \/>\nconna\u00eetre<\/strong> r\u00e9cemment dans Mari\u00e9s au premier regard. Une<br \/>\nchose est s\u00fbre, l\u2019entrepreneur de 43 ans est <a href=\"https:\/\/www.melty.fr\/tele\/maries-au-premier-regard-2025-marina-et-david-passent-la-nuit-ensemble-cest-tres-agreable-2234835.html\" target=\"_blank\" rel=\"noopener\"><br \/>\ntotalement \u00e9pris de sa nouvelle \u00e9pouse<\/a>. \u00ab\u00a0Au r\u00e9veil,<br \/>\n<strong>elle est toujours aussi belle<\/strong>. C\u2019est tr\u00e8s agr\u00e9able<br \/>\nde se r\u00e9veiller dans ces conditions-l\u00e0\u00a0\u00bb, d\u00e9voilait-il<br \/>\nd\u2019ailleurs au lendemain de la nuit de noces.<\/p>\n<p>C\u2019est ensuite <strong>vers le Maroc que le nouveau couple<br \/>\ns\u2019envole<\/strong>. L\u2019occasion somme toute id\u00e9ale pour tenter un<br \/>\npremier rapprochement physique. <strong>Attention spoiler<br \/>\n!<\/strong> Dans le prochain \u00e9pisode diffus\u00e9 lundi 2 juin sur M6,<br \/>\n<strong>un malaise va toutefois s\u2019installer entre David et<br \/>\nMarina<\/strong> qui sont alors partis faire une balade en<br \/>\ndromadaire.<\/p>\n<p>Le silence s\u2019installe entre les deux candidats<\/p>\n<p>Les deux candidats vont ensuite se poser pour boire une coupe de<br \/>\nchampagne, <strong>un moment d\u00e9finitivement propice \u00e0 la<br \/>\ns\u00e9duction<\/strong> comme l\u2019admet David : \u00ab\u00a0J\u2019ai envie de<br \/>\nm\u2019exprimer, de lui dire que <strong>c\u2019est quelqu\u2019un qui me<br \/>\npla\u00eet\u00a0\u00bb<\/strong>. Malheureusement, ce moment intime va laisser<br \/>\nplace au silence entre les deux jeunes mari\u00e9s.<\/p>\n<p><strong>\u00ab\u00a0C\u2019est dommage cette occasion rat\u00e9e\u00a0\u00bb<\/strong>,<br \/>\nd\u00e9plore Marie Tapernoux avant de poursuivre son analyse de la<br \/>\nsituation : \u00ab\u00a0C\u2019est le pi\u00e8ge quand on repousse trop longtemps<br \/>\nune conversation importante, <strong>le stress s\u2019accumule<\/strong>.<br \/>\nOn finit alors par se faire une montagne de quelques phrases. David<br \/>\ninterpr\u00e8te au lieu de demander, et n\u2019a pas de r\u00e9ponses. S\u2019il n\u2019ose<br \/>\npas poser la question, c\u2019est peut-\u00eatre, parce qu\u2019au fond de lui, il<br \/>\nconna\u00eet d\u00e9j\u00e0 la r\u00e9ponse\u00a0\u00bb.<\/p>\n<p>Marina d\u00e9\u00e7ue de sa relation avec David<br \/>\n: \u00ab\u00a0On s\u2019endort\u00a0\u00bb<\/p>\n<p><strong>La situation ne va h\u00e9las pas s\u2019am\u00e9liorer<\/strong>.<br \/>\nMarina s\u2019appr\u00eate en effet \u00e0 d\u00e9voiler <strong>son v\u00e9ritable ressenti<br \/>\n\u00e0 David<\/strong>. \u00ab\u00a0Au d\u00e9but, on apprend \u00e0 se conna\u00eetre. C\u2019est<br \/>\nl\u00e0 o\u00f9 normalement, c\u2019est excitant. On a envie de se faire des<br \/>\nbisous, de se toucher, de se rapprocher. De son c\u00f4t\u00e9, je n\u2019ai rien<br \/>\nsenti de particulier. <strong>Il n\u2019est pas dans un jeu de<br \/>\ns\u00e9duction<\/strong>. Je suis quand m\u00eame <strong>d\u00e9\u00e7ue<\/strong> car<br \/>\nje vois qu\u2019<strong>il n\u2019y a rien<\/strong>. \u00c7a n\u00a0\u00bb\u00e9volue pas\u00a0\u00bb,<br \/>\nd\u00e9voile-t-elle face aux cam\u00e9ras d\u2019M6.<\/p>\n<p>Et de poursuivre sans langue de bois en \u00e9voquant<br \/>\n<strong>l&rsquo;aspect\u00a0charnel<\/strong> : \u00ab\u00a0De base physiquement,<br \/>\nc\u2019est un bel homme, mais <strong>il ne m\u2019attire pas<\/strong>. Mais<br \/>\nl\u00e0, au-del\u00e0 de \u00e7a, <strong>je m\u2019ennuie, c\u2019est plat<\/strong> quoi. \u00c0<br \/>\nchaque fois qu\u2019on se retrouve tous les deux, une fois qu\u2019on s\u2019est<br \/>\n\u00e9chang\u00e9 deux-trois banalit\u00e9s, <strong>il ne se passe plus<br \/>\nrien<\/strong>. On a une similitude \u00e0 ce niveau-l\u00e0, c\u2019est qu\u2019on<br \/>\nn\u2019est pas expansif, <strong>on s\u2019endort quoi<\/strong>. J\u2019ai un<br \/>\npoids, je suis un peu angoiss\u00e9 parce que m\u00eame <strong>au niveau du<br \/>\ncoucher avec David, on se tourne chacun de notre c\u00f4t\u00e9 et on<br \/>\ndort<\/strong>. Je manque un peu d\u2019air, j\u2019ai besoin de mon<br \/>\nespace\u00a0\u00bb. <a href=\"https:\/\/www.melty.fr\/tele\/maries-au-premier-regard-2025-divorce-en-vue-pour-david-et-marina-il-ne-se-passe-plus-rien-2238024.html\" target=\"_blank\" rel=\"noopener\"><br \/>\nSuffisant pour envisager un divorce ?<\/a><\/p>\n","protected":false},"excerpt":{"rendered":"Cette ann\u00e9e dans Mari\u00e9s au premier regard, plusieurs couples n\u2019ont pas r\u00e9ussi \u00e0 franchir le cap de la&hellip;\n","protected":false},"author":2,"featured_media":140222,"comment_status":"","ping_status":"","sticky":false,"template":"","format":"standard","meta":{"footnotes":""},"categories":[8],"tags":[905,58,59,1011,27,4057],"class_list":{"0":"post-140221","1":"post","2":"type-post","3":"status-publish","4":"format-standard","5":"has-post-thumbnail","7":"category-divertissement","8":"tag-a-la-une-melty","9":"tag-divertissement","10":"tag-entertainment","11":"tag-fr","12":"tag-france","13":"tag-maries-au-premier-regard-2025"},"share_on_mastodon":{"url":"https:\/\/pubeurope.com\/@fr\/114599068362355921","error":""},"_links":{"self":[{"href":"https:\/\/www.europesays.com\/fr\/wp-json\/wp\/v2\/posts\/140221","targetHints":{"allow":["GET"]}}],"collection":[{"href":"https:\/\/www.europesays.com\/fr\/wp-json\/wp\/v2\/posts"}],"about":[{"href":"https:\/\/www.europesays.com\/fr\/wp-json\/wp\/v2\/types\/post"}],"author":[{"embeddable":true,"href":"https:\/\/www.europesays.com\/fr\/wp-json\/wp\/v2\/users\/2"}],"replies":[{"embeddable":true,"href":"https:\/\/www.europesays.com\/fr\/wp-json\/wp\/v2\/comments?post=140221"}],"version-history":[{"count":0,"href":"https:\/\/www.europesays.com\/fr\/wp-json\/wp\/v2\/posts\/140221\/revisions"}],"wp:featuredmedia":[{"embeddable":true,"href":"https:\/\/www.europesays.com\/fr\/wp-json\/wp\/v2\/media\/140222"}],"wp:attachment":[{"href":"https:\/\/www.europesays.com\/fr\/wp-json\/wp\/v2\/media?parent=140221"}],"wp:term":[{"taxonomy":"category","embeddable":true,"href":"https:\/\/www.europesays.com\/fr\/wp-json\/wp\/v2\/categories?post=140221"},{"taxonomy":"post_tag","embeddable":true,"href":"https:\/\/www.europesays.com\/fr\/wp-json\/wp\/v2\/tags?post=140221"}],"curies":[{"name":"wp","href":"https:\/\/api.w.org\/{rel}","templated":true}]}}