{"id":140227,"date":"2025-05-30T22:11:09","date_gmt":"2025-05-30T22:11:09","guid":{"rendered":"https:\/\/www.europesays.com\/fr\/140227\/"},"modified":"2025-05-30T22:11:09","modified_gmt":"2025-05-30T22:11:09","slug":"laide-medicale-destinee-a-des-enfants-a-ete-pillee-par-des-individus-armes","status":"publish","type":"post","link":"https:\/\/www.europesays.com\/fr\/140227\/","title":{"rendered":"L\u2019aide m\u00e9dicale destin\u00e9e \u00e0 des enfants a \u00e9t\u00e9 pill\u00e9e par des \u00ab\u00a0individus arm\u00e9s\u00a0\u00bb"},"content":{"rendered":"<p>Vendredi, un groupe d\u2019hommes arm\u00e9s a pris d\u2019assaut un h\u00f4pital de campagne \u00e0 Deir el-Balah, au centre de la bande de <a href=\"https:\/\/www.20minutes.fr\/monde\/gaza\/\" target=\"_blank\" class=\"color-ultramarine c-link\" rel=\"noopener\">Gaza<\/a>, et a d\u00e9rob\u00e9 une \u00ab\u00a0grande quantit\u00e9\u00a0\u00bb de <a href=\"https:\/\/www.20minutes.fr\/dossier\/medicament\" target=\"_blank\" class=\"color-ultramarine c-link\" rel=\"noopener\">mat\u00e9riel m\u00e9dical<\/a>, de m\u00e9dicaments et de suppl\u00e9ments nutritionnels, a annonc\u00e9 le porte-parole de l\u2019<a href=\"https:\/\/www.20minutes.fr\/monde\/onu\/\" target=\"_blank\" class=\"color-ultramarine c-link\" rel=\"noopener\">ONU<\/a>.<\/p>\n<p>\u00ab\u00a0Aujourd\u2019hui, un groupe d\u2019individus arm\u00e9s a pris d\u2019assaut les entrep\u00f4ts d\u2019un h\u00f4pital de campagne de Deir el-Balah, pillant de grandes quantit\u00e9s d\u2019\u00e9quipement m\u00e9dical, de fournitures, de m\u00e9dicaments et de suppl\u00e9ments nutritionnels destin\u00e9s aux enfants qui souffrent de <a href=\"https:\/\/www.20minutes.fr\/dossier\/malnutrition\" target=\"_blank\" class=\"color-ultramarine c-link\" rel=\"noopener\">malnutrition\u00a0<\/a>\u00bb, a pr\u00e9cis\u00e9 St\u00e9phane Dujarric, porte-parole du secr\u00e9taire g\u00e9n\u00e9ral des Nations unies. Ces biens essentiels \u00e9taient arriv\u00e9s la veille par camions via le point de passage de Kerem Shalom, l\u2019un des rares \u00e0 \u00eatre ouverts.<\/p>\n<\/p>\n<p>De plus en plus de pillages<\/p>\n<p>L\u2019ONU s\u2019inqui\u00e8te de la d\u00e9t\u00e9rioration continue des conditions de vie dans l\u2019enclave <a href=\"https:\/\/www.20minutes.fr\/monde\/palestine\/\" target=\"_blank\" class=\"color-ultramarine c-link\" rel=\"noopener\">palestinienne<\/a>, o\u00f9 la s\u00e9curit\u00e9 s\u2019effondre sous la pression des combats et des p\u00e9nuries. \u00ab\u00a0Alors que les conditions sur le terrain continuent \u00e0 se d\u00e9t\u00e9riorer et que l\u2019ordre public et la s\u00e9curit\u00e9 s\u2019effondrent, des pillages continuent \u00e0 \u00eatre rapport\u00e9s\u00a0\u00bb, a-t-il averti.<\/p>\n<p><a href=\"https:\/\/www.20minutes.fr\/monde\/conflit-proche-orient\/\" target=\"_blank\" class=\"c-link c-btn c-btn--primary\" rel=\"noopener\">Notre dossier sur le conflit au Proche-Orient<\/a><\/p>\n<p>Mais l\u2019organisation a distingu\u00e9 ce raid arm\u00e9 d\u2019autres incidents r\u00e9cents, notamment le pillage d\u2019un entrep\u00f4t du Programme alimentaire mondial (PAM) mercredi, \u00e9galement \u00e0 Gaza. L\u00e0, des Palestiniens affam\u00e9s avaient forc\u00e9 l\u2019acc\u00e8s \u00e0 des vivres stock\u00e9s apr\u00e8s plus de deux mois et demi de blocage des livraisons. \u00ab\u00a0Cela semblait \u00eatre beaucoup plus organis\u00e9 et diff\u00e9rent de pillages que nous avons vus ces derniers jours [\u2026] C\u2019\u00e9tait une op\u00e9ration organis\u00e9e\u00a0\u00bb, a soulign\u00e9 St\u00e9phane Dujarric.<\/p>\n","protected":false},"excerpt":{"rendered":"Vendredi, un groupe d\u2019hommes arm\u00e9s a pris d\u2019assaut un h\u00f4pital de campagne \u00e0 Deir el-Balah, au centre de&hellip;\n","protected":false},"author":2,"featured_media":140228,"comment_status":"","ping_status":"","sticky":false,"template":"","format":"standard","meta":{"footnotes":""},"categories":[5],"tags":[47,11,6376,3259,1011,27,665,100,14,225,74,12,3521,7612,28],"class_list":{"0":"post-140227","1":"post","2":"type-post","3":"status-publish","4":"format-standard","5":"has-post-thumbnail","7":"category-international","8":"tag-actualite","9":"tag-actualites","10":"tag-armes","11":"tag-conflit-israelo-palestinien","12":"tag-fr","13":"tag-france","14":"tag-gaza","15":"tag-hopital","16":"tag-international","17":"tag-medicament","18":"tag-monde","19":"tag-news","20":"tag-onu","21":"tag-proche-orient","22":"tag-world"},"share_on_mastodon":{"url":"https:\/\/pubeurope.com\/@fr\/114599079719925932","error":""},"_links":{"self":[{"href":"https:\/\/www.europesays.com\/fr\/wp-json\/wp\/v2\/posts\/140227","targetHints":{"allow":["GET"]}}],"collection":[{"href":"https:\/\/www.europesays.com\/fr\/wp-json\/wp\/v2\/posts"}],"about":[{"href":"https:\/\/www.europesays.com\/fr\/wp-json\/wp\/v2\/types\/post"}],"author":[{"embeddable":true,"href":"https:\/\/www.europesays.com\/fr\/wp-json\/wp\/v2\/users\/2"}],"replies":[{"embeddable":true,"href":"https:\/\/www.europesays.com\/fr\/wp-json\/wp\/v2\/comments?post=140227"}],"version-history":[{"count":0,"href":"https:\/\/www.europesays.com\/fr\/wp-json\/wp\/v2\/posts\/140227\/revisions"}],"wp:featuredmedia":[{"embeddable":true,"href":"https:\/\/www.europesays.com\/fr\/wp-json\/wp\/v2\/media\/140228"}],"wp:attachment":[{"href":"https:\/\/www.europesays.com\/fr\/wp-json\/wp\/v2\/media?parent=140227"}],"wp:term":[{"taxonomy":"category","embeddable":true,"href":"https:\/\/www.europesays.com\/fr\/wp-json\/wp\/v2\/categories?post=140227"},{"taxonomy":"post_tag","embeddable":true,"href":"https:\/\/www.europesays.com\/fr\/wp-json\/wp\/v2\/tags?post=140227"}],"curies":[{"name":"wp","href":"https:\/\/api.w.org\/{rel}","templated":true}]}}