{"id":140235,"date":"2025-05-30T22:15:12","date_gmt":"2025-05-30T22:15:12","guid":{"rendered":"https:\/\/www.europesays.com\/fr\/140235\/"},"modified":"2025-05-30T22:15:12","modified_gmt":"2025-05-30T22:15:12","slug":"circulation-rouverte-entre-villey-saint-etienne-et-liverdun","status":"publish","type":"post","link":"https:\/\/www.europesays.com\/fr\/140235\/","title":{"rendered":"circulation rouverte entre Villey-Saint-Etienne et Liverdun"},"content":{"rendered":"<p>Le chemin communal reliant Villey-Saint-\u00c9tienne \u00e0 Liverdun est r\u00e9ouvert \u00e0 la circulation depuis ce mercredi 28\u00a0mai en milieu d\u2019apr\u00e8s-midi. Six semaines de coupure auront \u00e9t\u00e9 n\u00e9cessaires pour renforcer l\u2019ouvrage de Fresnes avec la r\u00e9alisation d\u2019une dalle en b\u00e9ton et de son \u00e9tanch\u00e9it\u00e9. D\u2019autre part, la remise en \u00e9tat des pierres sur le mur cot\u00e9 Terrouin a \u00e9t\u00e9 effectu\u00e9e avec l\u2019aide d\u2019un pont flottant et la cr\u00e9ation d\u2019un massif en b\u00e9ton le long du mur en pierre pour garantir l\u2019\u00e9tanch\u00e9it\u00e9. Pour franchir l\u2019ouvrage la circulation est altern\u00e9e, la priorit\u00e9 est donn\u00e9e aux automobilistes venant de Villey-Saint-\u00c9tienne vers Liverdun. La largeur de la chauss\u00e9e sur l\u2019ouvrage est de 3,50\u00a0m\u00e8tres. Le montant des travaux s\u2019\u00e9l\u00e8ve \u00e0 environ 95\u00a0000\u00a0\u20ac.<\/p>\n","protected":false},"excerpt":{"rendered":"Le chemin communal reliant Villey-Saint-\u00c9tienne \u00e0 Liverdun est r\u00e9ouvert \u00e0 la circulation depuis ce mercredi 28\u00a0mai en milieu&hellip;\n","protected":false},"author":2,"featured_media":140236,"comment_status":"","ping_status":"","sticky":false,"template":"","format":"standard","meta":{"footnotes":""},"categories":[9653],"tags":[1111,11,2430,11735,1705,1777,674,1011,27,12,25,4001,104,19671],"class_list":{"0":"post-140235","1":"post","2":"type-post","3":"status-publish","4":"format-standard","5":"has-post-thumbnail","7":"category-saint-etienne","8":"tag-actu","9":"tag-actualites","10":"tag-auvergne-rhone-alpes","11":"tag-cc-terres-touloises-54d","12":"tag-edition-toul","13":"tag-eu","14":"tag-europe","15":"tag-fr","16":"tag-france","17":"tag-news","18":"tag-republique-francaise","19":"tag-saint-etienne","20":"tag-societe","21":"tag-villey-saint-etienne"},"share_on_mastodon":{"url":"https:\/\/pubeurope.com\/@fr\/114599095474571099","error":""},"_links":{"self":[{"href":"https:\/\/www.europesays.com\/fr\/wp-json\/wp\/v2\/posts\/140235","targetHints":{"allow":["GET"]}}],"collection":[{"href":"https:\/\/www.europesays.com\/fr\/wp-json\/wp\/v2\/posts"}],"about":[{"href":"https:\/\/www.europesays.com\/fr\/wp-json\/wp\/v2\/types\/post"}],"author":[{"embeddable":true,"href":"https:\/\/www.europesays.com\/fr\/wp-json\/wp\/v2\/users\/2"}],"replies":[{"embeddable":true,"href":"https:\/\/www.europesays.com\/fr\/wp-json\/wp\/v2\/comments?post=140235"}],"version-history":[{"count":0,"href":"https:\/\/www.europesays.com\/fr\/wp-json\/wp\/v2\/posts\/140235\/revisions"}],"wp:featuredmedia":[{"embeddable":true,"href":"https:\/\/www.europesays.com\/fr\/wp-json\/wp\/v2\/media\/140236"}],"wp:attachment":[{"href":"https:\/\/www.europesays.com\/fr\/wp-json\/wp\/v2\/media?parent=140235"}],"wp:term":[{"taxonomy":"category","embeddable":true,"href":"https:\/\/www.europesays.com\/fr\/wp-json\/wp\/v2\/categories?post=140235"},{"taxonomy":"post_tag","embeddable":true,"href":"https:\/\/www.europesays.com\/fr\/wp-json\/wp\/v2\/tags?post=140235"}],"curies":[{"name":"wp","href":"https:\/\/api.w.org\/{rel}","templated":true}]}}