{"id":140248,"date":"2025-05-30T22:25:14","date_gmt":"2025-05-30T22:25:14","guid":{"rendered":"https:\/\/www.europesays.com\/fr\/140248\/"},"modified":"2025-05-30T22:25:14","modified_gmt":"2025-05-30T22:25:14","slug":"montauban-signe-un-exploit-majuscule-a-brive-et-rejoint-grenoble-en-finale","status":"publish","type":"post","link":"https:\/\/www.europesays.com\/fr\/140248\/","title":{"rendered":"Montauban signe un exploit majuscule \u00e0 Brive et rejoint Grenoble en finale"},"content":{"rendered":"<p>Ce vendredi soir sur la pelouse de Brive, Montauban a cr\u00e9\u00e9 la surprise en s\u2019imposant (13-29) et disputera la finale d\u2019accession contre Grenoble \u00e0 Toulouse.<\/p>\n<p class=\"fig-paragraph\">Qui l\u2019e\u00fbt cru\u00a0? Si Provence Rugby n\u2019a pas fait le poids la veille \u00e0\u00a0<a href=\"http:\/\/www.lefigaro.fr\/sports\/rugby\/pro-d2-grenoble-balaie-provence-rugby-et-se-qualifie-pour-sa-troisieme-finale-d-affilee-20250529\" data-fig-type=\"NewsFlash\" data-gtm-custom-categorie=\"navigation\" data-gtm-custom-action=\"crossclick\" data-gtm-custom-label=\"Contextuel\" data-gtm-event=\"customEventSPE\" data-fig-domain=\"LEFIGARO\" target=\"_blank\" rel=\"noopener\">Grenoble<\/a>\u00a0(38-17), Montauban a cr\u00e9\u00e9 la surprise ce vendredi soir face \u00e0 Brive, s\u00e9rieux pr\u00e9tendant \u00e0 la mont\u00e9e en Top 14 (13-29). Plus efficaces, pr\u00e9cis et disciplin\u00e9s, les Montalbanais ont pu compter sur un J\u00e9r\u00f4me Bosviel de gala. Encore une fois.<\/p>\n<p class=\"fig-paragraph\">Les joueurs de S\u00e9bastien Tillous-Borde affronteront Grenoble samedi 7 juin (17h30) \u00e0 Toulouse, pas tr\u00e8s loin de ses bases donc. Pour rappel, Montauban s\u2019\u00e9tait sauv\u00e9 \u00e0 la derni\u00e8re seconde lors du barrage face \u00e0 Narbonne, pensionnaire de Nationale (19-20). Un an plus tard, les Tarnais sont aux portes du Top 14.<\/p>\n","protected":false},"excerpt":{"rendered":"Ce vendredi soir sur la pelouse de Brive, Montauban a cr\u00e9\u00e9 la surprise en s\u2019imposant (13-29) et disputera&hellip;\n","protected":false},"author":2,"featured_media":140249,"comment_status":"","ping_status":"","sticky":false,"template":"","format":"standard","meta":{"footnotes":""},"categories":[9566],"tags":[2306,1111,11,2430,10420,525,2309,1981,2313,1089,451,814,1777,674,1011,27,2731,955,12,2308,2311,25,1980,479,2259,2307,478,2310,2312,513],"class_list":{"0":"post-140248","1":"post","2":"type-post","3":"status-publish","4":"format-standard","5":"has-post-thumbnail","7":"category-grenoble","8":"tag-6-nations","9":"tag-actu","10":"tag-actualites","11":"tag-auvergne-rhone-alpes","12":"tag-ca-brive","13":"tag-calendrier","14":"tag-challenge-europeen","15":"tag-classement","16":"tag-clermont","17":"tag-coupe-deurope","18":"tag-coupe-du-monde","19":"tag-direct","20":"tag-eu","21":"tag-europe","22":"tag-fr","23":"tag-france","24":"tag-grenoble","25":"tag-match","26":"tag-news","27":"tag-pro-d2","28":"tag-racing","29":"tag-republique-francaise","30":"tag-resultats","31":"tag-rugby","32":"tag-score","33":"tag-six-nations","34":"tag-top-14","35":"tag-toulon","36":"tag-toulouse","37":"tag-xv-de-france"},"share_on_mastodon":{"url":"https:\/\/pubeurope.com\/@fr\/114599134857286092","error":""},"_links":{"self":[{"href":"https:\/\/www.europesays.com\/fr\/wp-json\/wp\/v2\/posts\/140248","targetHints":{"allow":["GET"]}}],"collection":[{"href":"https:\/\/www.europesays.com\/fr\/wp-json\/wp\/v2\/posts"}],"about":[{"href":"https:\/\/www.europesays.com\/fr\/wp-json\/wp\/v2\/types\/post"}],"author":[{"embeddable":true,"href":"https:\/\/www.europesays.com\/fr\/wp-json\/wp\/v2\/users\/2"}],"replies":[{"embeddable":true,"href":"https:\/\/www.europesays.com\/fr\/wp-json\/wp\/v2\/comments?post=140248"}],"version-history":[{"count":0,"href":"https:\/\/www.europesays.com\/fr\/wp-json\/wp\/v2\/posts\/140248\/revisions"}],"wp:featuredmedia":[{"embeddable":true,"href":"https:\/\/www.europesays.com\/fr\/wp-json\/wp\/v2\/media\/140249"}],"wp:attachment":[{"href":"https:\/\/www.europesays.com\/fr\/wp-json\/wp\/v2\/media?parent=140248"}],"wp:term":[{"taxonomy":"category","embeddable":true,"href":"https:\/\/www.europesays.com\/fr\/wp-json\/wp\/v2\/categories?post=140248"},{"taxonomy":"post_tag","embeddable":true,"href":"https:\/\/www.europesays.com\/fr\/wp-json\/wp\/v2\/tags?post=140248"}],"curies":[{"name":"wp","href":"https:\/\/api.w.org\/{rel}","templated":true}]}}