{"id":14025,"date":"2025-04-10T02:30:39","date_gmt":"2025-04-10T02:30:39","guid":{"rendered":"https:\/\/www.europesays.com\/fr\/14025\/"},"modified":"2025-04-10T02:30:39","modified_gmt":"2025-04-10T02:30:39","slug":"pour-ses-20-ans-brice-de-nice-etait-de-retour-au-grand-rex-jean-dujardin-ovationne","status":"publish","type":"post","link":"https:\/\/www.europesays.com\/fr\/14025\/","title":{"rendered":"Pour ses 20 ans, Brice de Nice \u00e9tait de retour au Grand Rex, Jean Dujardin ovationn\u00e9"},"content":{"rendered":"<p>\u00c0 l\u2019occasion du vingti\u00e8me anniversaire de la com\u00e9die, le cin\u00e9ma parisien a organis\u00e9 une projection sp\u00e9ciale en salle, dimanche 6 avril.<\/p>\n<p class=\"fig-paragraph\">Pour son anniversaire, il a tout cass\u00e9\u00a0! Afin de c\u00e9l\u00e9brer les 20 ans de Brice de Nice, la SND (Soci\u00e9t\u00e9 Nouvelle de Distribution), a organis\u00e9 dimanche 6 avril 2025, une projection sp\u00e9ciale au cin\u00e9ma le Grand Rex \u00e0 Paris. \u00c0 cette occasion, les acteurs\u00a0<a href=\"http:\/\/www.lefigaro.fr\/cinema\/jean-dujardin-josiane-balasko-anny-duperey-les-hommages-a-bertrand-blier-20250121\" data-fig-type=\"Article\" data-gtm-custom-categorie=\"navigation\" data-gtm-custom-action=\"crossclick\" data-gtm-custom-label=\"Contextuel\" data-gtm-event=\"customEventSPE\" data-fig-domain=\"LEFIGARO\" target=\"_blank\" rel=\"noopener\">Jean Dujardin<\/a>\u00a0et Clovis Cornillac ont assist\u00e9 \u00e0 la s\u00e9ance.<\/p>\n<p class=\"fig-paragraph\">Le compte Instagram du Grand Rex a immortalis\u00e9 ce moment. De nombreuses vid\u00e9os montrent les com\u00e9diens accueillis par des acclamations et des fans coiff\u00e9s d\u2019une perruque blonde. Jean Dujardin, a f\u00eat\u00e9 cet anniversaire en soufflant sur la bougie d\u2019un g\u00e2teau jaune canard et a pos\u00e9 avec la mythique planche de surf du film. Enfin, en guise de clin d\u2019\u0153il, le champion de France de surf 2024, Justin B\u00e9cret est arriv\u00e9 sur sc\u00e8ne avec un v\u00eatement customis\u00e9 \u00e0 son pr\u00e9nom.<\/p>\n<p>Une seconde projection sp\u00e9ciale \u00e0 Nice le 9 avril<\/p>\n<p class=\"fig-paragraph\">Pour rappel, la com\u00e9die raconte l\u2019histoire de Brice, un jeune surfeur ni\u00e7ois presque trentenaire qui se cherche \u00ab un style\u00a0\u00bb en usant de sa repartie. Il m\u00e8ne sa vie en toute insouciance et r\u00e9p\u00e8te sans cesse qu\u2019il r\u00eave de surfer sur une vague g\u00e9ante \u00e0 Nice. Mais un jour, son p\u00e8re qui a des liens avec la mafia, est arr\u00eat\u00e9. Sans maison et sans argent, Brice perd ses amis et comprend qu\u2019il doit aller travailler. Commence alors une s\u00e9rie de gags et d\u2019aventures.<\/p>\n<p class=\"fig-paragraph\">R\u00e9alis\u00e9 par James Huth, le film a triomph\u00e9 au box-office en 2005 accumulant plus de 4 millions d\u2019entr\u00e9es.\u00a0<a href=\"http:\/\/www.lefigaro.fr\/culture\/encheres\/la-perruque-de-brice-de-nice-en-vente-pour-la-bonne-cause-au-profit-de-l-afsa-20220216\" data-fig-type=\"Article\" data-gtm-custom-categorie=\"navigation\" data-gtm-custom-action=\"crossclick\" data-gtm-custom-label=\"Contextuel\" data-gtm-event=\"customEventSPE\" data-fig-domain=\"LEFIGARO\" target=\"_blank\" rel=\"noopener\">Brice de Nice<\/a> \u00a0a aussi lanc\u00e9 la carri\u00e8re de Jean Dujardin sur grand \u00e9cran. Devenue instantan\u00e9ment culte gr\u00e2ce \u00e0 ses r\u00e9pliques comme \u00ab\u00a0J\u2019t\u2019ai cass\u00e9\u00a0\u00bb ou \u00ab\u00a0Salut, \u00e7a farte\u00a0\u00bb, la com\u00e9die a connu une suite en 2015, avec un succ\u00e8s moindre, accumulant \u00ab seulement\u00a0\u00bb deux millions de spectateurs. \u00c0 l\u2019instar du Grand Rex, la ville de Nice compte aussi c\u00e9l\u00e9brer l\u2019anniversaire du film avec une nouvelle projection. La s\u00e9ance se d\u00e9roulera le mardi 9 avril, au cin\u00e9ma Path\u00e9 Lagosti\u00e8re, annonce\u00a0<a href=\"https:\/\/france3-regions.francetvinfo.fr\/provence-alpes-cote-d-azur\/alpes-maritimes\/nice\/le-film-parle-a-tout-le-monde-20-ans-apres-comment-brice-de-nice-a-marque-les-esprits-3133762.html\" target=\"_blank\" rel=\"nofollow noopener\" data-gtm-custom-categorie=\"navigation\" data-gtm-custom-action=\"crossclick\" data-gtm-custom-label=\"Contextuel\" data-gtm-event=\"customEventSPE\">France 3 C\u00f4te d\u2019Azur<\/a>. Selon le magazine\u00a0<a href=\"https:\/\/www.premiere.fr\/Cinema\/News-Cinema\/Salut-ca-farte--Brice-de-Nice-va-ressortir-en-4K-pour-ses-20-ans\" target=\"_blank\" rel=\"nofollow noopener\" data-gtm-custom-categorie=\"navigation\" data-gtm-custom-action=\"crossclick\" data-gtm-custom-label=\"Contextuel\" data-gtm-event=\"customEventSPE\">Premi\u00e8re,\u00a0<\/a>\u00a0Brice de Nice ressortira en 4K, le 9 avril \u00e9galement.<\/p>\n<p>\u00a0\u00bb<br \/>\n        data-script=\u00a0\u00bbhttps:\/\/static.lefigaro.fr\/widget-video\/short-ttl\/video\/index.js\u00a0\u00bb<br \/>\n    &gt;<\/p>\n","protected":false},"excerpt":{"rendered":"\u00c0 l\u2019occasion du vingti\u00e8me anniversaire de la com\u00e9die, le cin\u00e9ma parisien a organis\u00e9 une projection sp\u00e9ciale en salle,&hellip;\n","protected":false},"author":2,"featured_media":14026,"comment_status":"","ping_status":"","sticky":false,"template":"","format":"standard","meta":{"footnotes":""},"categories":[2819],"tags":[1111,11,2084,2083,2080,6169,650,1777,674,2081,1346,1011,27,6170,218,12,2401,882,25,2082],"class_list":{"0":"post-14025","1":"post","2":"type-post","3":"status-publish","4":"format-standard","5":"has-post-thumbnail","7":"category-nice","8":"tag-actu","9":"tag-actualites","10":"tag-affiche","11":"tag-bandes-annonces","12":"tag-box-office","13":"tag-brice-de-nice","14":"tag-cinema","15":"tag-eu","16":"tag-europe","17":"tag-film","18":"tag-films","19":"tag-fr","20":"tag-france","21":"tag-grand-rex","22":"tag-jean-dujardin","23":"tag-news","24":"tag-nice","25":"tag-provence-alpes-cote-dazur","26":"tag-republique-francaise","27":"tag-salles"},"share_on_mastodon":{"url":"https:\/\/pubeurope.com\/@fr\/114311320196681323","error":""},"_links":{"self":[{"href":"https:\/\/www.europesays.com\/fr\/wp-json\/wp\/v2\/posts\/14025","targetHints":{"allow":["GET"]}}],"collection":[{"href":"https:\/\/www.europesays.com\/fr\/wp-json\/wp\/v2\/posts"}],"about":[{"href":"https:\/\/www.europesays.com\/fr\/wp-json\/wp\/v2\/types\/post"}],"author":[{"embeddable":true,"href":"https:\/\/www.europesays.com\/fr\/wp-json\/wp\/v2\/users\/2"}],"replies":[{"embeddable":true,"href":"https:\/\/www.europesays.com\/fr\/wp-json\/wp\/v2\/comments?post=14025"}],"version-history":[{"count":0,"href":"https:\/\/www.europesays.com\/fr\/wp-json\/wp\/v2\/posts\/14025\/revisions"}],"wp:featuredmedia":[{"embeddable":true,"href":"https:\/\/www.europesays.com\/fr\/wp-json\/wp\/v2\/media\/14026"}],"wp:attachment":[{"href":"https:\/\/www.europesays.com\/fr\/wp-json\/wp\/v2\/media?parent=14025"}],"wp:term":[{"taxonomy":"category","embeddable":true,"href":"https:\/\/www.europesays.com\/fr\/wp-json\/wp\/v2\/categories?post=14025"},{"taxonomy":"post_tag","embeddable":true,"href":"https:\/\/www.europesays.com\/fr\/wp-json\/wp\/v2\/tags?post=14025"}],"curies":[{"name":"wp","href":"https:\/\/api.w.org\/{rel}","templated":true}]}}