{"id":140250,"date":"2025-05-30T22:26:13","date_gmt":"2025-05-30T22:26:13","guid":{"rendered":"https:\/\/www.europesays.com\/fr\/140250\/"},"modified":"2025-05-30T22:26:13","modified_gmt":"2025-05-30T22:26:13","slug":"pic-de-chaleur-des-records-de-temperature-battus-en-ille-et-vilaine","status":"publish","type":"post","link":"https:\/\/www.europesays.com\/fr\/140250\/","title":{"rendered":"Pic de chaleur\u00a0: des records de temp\u00e9rature battus en Ille-et-Vilaine"},"content":{"rendered":"<p>Le pic de chaleur annonc\u00e9 a bien eu lieu en Ille-et-Vilaine, vendredi 30\u00a0mai 2025. Quelques records de temp\u00e9rature ont \u00e9t\u00e9 battus pour un mois de mai, notamment dans le sud-est du d\u00e9partement.<\/p>\n<p><strong>Lire aussi\u00a0:<\/strong>\u00a0<a href=\"https:\/\/www.ouest-france.fr\/environnement\/climat\/en-2100-avec-4-c-le-dereglement-signera-t-il-la-fin-du-climat-doux-et-oceanique-en-bretagne-0fea40da-36db-11f0-bf6c-240af7605eff#:~:text=On%20compte%2C%20sur%2020%20ans,du%207%20au%2019%20juillet\" target=\"_self\" rel=\"noopener\">En 2100, avec +\u00a04\u00a0\u00b0C, le d\u00e9r\u00e8glement signera-t-il la fin du climat doux et oc\u00e9anique en Bretagne\u00a0?<\/a><\/p>\n<p>Le record de Rennes n\u2019est pas tomb\u00e9<\/p>\n<p>Les diff\u00e9rentes stations m\u00e9t\u00e9o ont enregistr\u00e9 30,4\u00a0\u00b0C \u00e0 Foug\u00e8res, 30,5\u00a0\u00b0C \u00e0 Redon ou 30,3\u00a0\u00b0C \u00e0 Rennes, o\u00f9 <a href=\"https:\/\/www.ouest-france.fr\/meteo\/rennes-va-froler-les-30-c-ce-vendredi-pas-loin-du-record-historique-de-1953-fd02fee2-3c9a-11f0-88b0-943c4d024772#:~:text=R%C3%A9serv%C3%A9%20aux%20abonn%C3%A9s-,Rennes%20va%20fr%C3%B4ler%20les%2030%20%C2%B0C%20ce%20vendredi%2C%20pas,image%20de%20ces%20derniers%20mois.\" target=\"_self\" rel=\"noopener\">le record historique de temp\u00e9rature<\/a>, de mai\u00a01953 (30,8\u00a0\u00b0C), n\u2019a pas \u00e9t\u00e9 franchi.<\/p>\n<p>\n                Nous avons bloqu\u00e9 l\u2019affichage de ce contenu pour respecter vos choix en mati\u00e8re de cookies.<br \/>En cliquant sur \u00abConsulter\u00bb, vous acceptez le d\u00e9p\u00f4t de cookies par des services de r\u00e9seaux sociaux tels que Twitter.<br \/>\n                Consulter\n            <\/p>\n<blockquote class=\"twitter-tweet\" wp_automatic_readability=\"9.5270655270655\">\n<p lang=\"fr\" dir=\"ltr\">?? Premiers 30\u00b0C de l&rsquo;ann\u00e9e en <a href=\"https:\/\/twitter.com\/hashtag\/Bretagne?src=hash&amp;ref_src=twsrc%5Etfw\" target=\"_blank\" rel=\"noopener\">#Bretagne<\/a> !<\/p>\n<p>Ce vendredi 30 mai 2025, plusieurs stations ont franchi la barre des 30\u00b0C, un seuil remarquable aussi t\u00f4t dans la saison.<br \/>?? Plusieurs records de chaleur pour un mois de mai ont \u00e9t\u00e9 battus??<br \/>??D\u00e9tail des records sur la carte ?? <a href=\"https:\/\/t.co\/uMpBHhseDq\">pic.twitter.com\/uMpBHhseDq<\/a><\/p>\n<p>\u2014 M\u00e9t\u00e9o Bretagne (@MeteoBretagne) <a href=\"https:\/\/twitter.com\/MeteoBretagne\/status\/1928490473510895875?ref_src=twsrc%5Etfw\" target=\"_blank\" rel=\"noopener\">May 30, 2025<\/a><\/p><\/blockquote>\n<p>En revanche, dans le pays de la Roche-aux-F\u00e9es, au sud-est de la capitale bretonne, la commune d\u2019Arbrissel a vu son record de mai\u00a02010 (30,9\u00a0\u00b0C) d\u00e9pass\u00e9 pour atteindre 31,2\u00a0\u00b0C. De m\u00eame \u00e0 La No\u00eb-Blanche, au sud de Bain-de-Bretagne, o\u00f9 la temp\u00e9rature a atteint 31,1\u00a0\u00b0C, le record datant de mai\u00a02017 (30,9\u00a0\u00b0C).<\/p>\n<p>Pour trouver un peu plus de fra\u00eecheur, il fallait se diriger vers les c\u00f4tes de la Manche o\u00f9 les temp\u00e9ratures oscillaient entre 18 et 20\u00a0\u00b0C.<\/p>\n<p>\n                Nous avons bloqu\u00e9 l\u2019affichage de ce contenu pour respecter vos choix en mati\u00e8re de cookies.<br \/>En cliquant sur \u00abConsulter\u00bb, vous acceptez le d\u00e9p\u00f4t de cookies par des services de r\u00e9seaux sociaux tels que Twitter.<br \/>\n                Consulter\n            <\/p>\n<blockquote class=\"twitter-tweet\" wp_automatic_readability=\"15.575931232092\">\n<p lang=\"fr\" dir=\"ltr\"><a href=\"https:\/\/twitter.com\/hashtag\/Chaleurs?src=hash&amp;ref_src=twsrc%5Etfw\" target=\"_blank\" rel=\"noopener\">#Chaleurs<\/a> ???? Nombreux records de chaleur mensuels battus :<br \/>?? 32,3 \u00e0 Nort-sur-Erdre (AR : 32,3 -mai 2017)<br \/>?? 31,9 \u00e0 Machecoul (AR : 31,7 -mai 2017)<br \/>?? 31,3 \u00e0 Blain (AR : 31,2 -mai 2003)<br \/>?? 31,2 \u00e0 Arbrissel (AR : 29,6 -mai 2010)<br \/>?? 31,1 \u00e0 la No\u00e9-Blanche (AR : 30,9 -mai 2017) <a href=\"https:\/\/t.co\/LI2thFI3tr\">pic.twitter.com\/LI2thFI3tr<\/a><\/p>\n<p>\u2014 Temps Breton (@Temps_Breton) <a href=\"https:\/\/twitter.com\/Temps_Breton\/status\/1928486970482667624?ref_src=twsrc%5Etfw\" target=\"_blank\" rel=\"noopener\">May 30, 2025<\/a><\/p><\/blockquote>\n<p><strong>Lire aussi\u00a0:<\/strong>\u00a0<a href=\"https:\/\/rennes.maville.com\/actu\/actudet_-meteo-jusqu-a-35-c-des-orages...-pourquoi-le-week-end-de-l-ascension-s-annonce-estival-_54135-6827352_actu.Htm\" target=\"_self\" rel=\"noopener\">M\u00e9t\u00e9o\u00a0: jusqu\u2019\u00e0 35\u00a0\u00b0C, des orages\u2026 Pourquoi le week-end de l\u2019Ascension s\u2019annonce estival<\/a><\/p>\n<p>Et pour ce week-end\u00a0?<\/p>\n<p>Selon <a href=\"https:\/\/meteofrance.com\/previsions-meteo-france\/bretagne\/5\" target=\"_self\" rel=\"noopener\">M\u00e9t\u00e9o France<\/a>, les temp\u00e9ratures devraient sensiblement baisser avec 23\u00a0\u00b0C attendus \u00e0 Rennes samedi apr\u00e8s-midi, et 21\u00a0\u00b0C dimanche. On devrait m\u00eame redescendre \u00e0 18\u00a0\u00b0C du c\u00f4t\u00e9 de Foug\u00e8res.<\/p>\n<p>Le soleil devrait toujours \u00eatre pr\u00e9sent, m\u00eame si quelques nuages pourraient s\u2019immiscer dans le ciel bretillien.<\/p>\n<p>\u00a0<\/p>\n<p>\u00a0<\/p>\n<p>\t\t<script async src=\"https:\/\/platform.twitter.com\/widgets.js\" charset=\"utf-8\"><\/script><\/p>\n","protected":false},"excerpt":{"rendered":"Le pic de chaleur annonc\u00e9 a bien eu lieu en Ille-et-Vilaine, vendredi 30\u00a0mai 2025. Quelques records de temp\u00e9rature&hellip;\n","protected":false},"author":2,"featured_media":140251,"comment_status":"","ping_status":"","sticky":false,"template":"","format":"standard","meta":{"footnotes":""},"categories":[2821],"tags":[1111,11,26774,829,13208,1777,674,1011,27,848,12,26773,16659,3086,584,25,2648],"class_list":{"0":"post-140250","1":"post","2":"type-post","3":"status-publish","4":"format-standard","5":"has-post-thumbnail","7":"category-rennes","8":"tag-actu","9":"tag-actualites","10":"tag-battus","11":"tag-bretagne","12":"tag-chaleur","13":"tag-eu","14":"tag-europe","15":"tag-fr","16":"tag-france","17":"tag-ille-et-vilaine","18":"tag-news","19":"tag-pic","20":"tag-records","21":"tag-redon","22":"tag-rennes","23":"tag-republique-francaise","24":"tag-temperature"},"share_on_mastodon":{"url":"https:\/\/pubeurope.com\/@fr\/114599138755510368","error":""},"_links":{"self":[{"href":"https:\/\/www.europesays.com\/fr\/wp-json\/wp\/v2\/posts\/140250","targetHints":{"allow":["GET"]}}],"collection":[{"href":"https:\/\/www.europesays.com\/fr\/wp-json\/wp\/v2\/posts"}],"about":[{"href":"https:\/\/www.europesays.com\/fr\/wp-json\/wp\/v2\/types\/post"}],"author":[{"embeddable":true,"href":"https:\/\/www.europesays.com\/fr\/wp-json\/wp\/v2\/users\/2"}],"replies":[{"embeddable":true,"href":"https:\/\/www.europesays.com\/fr\/wp-json\/wp\/v2\/comments?post=140250"}],"version-history":[{"count":0,"href":"https:\/\/www.europesays.com\/fr\/wp-json\/wp\/v2\/posts\/140250\/revisions"}],"wp:featuredmedia":[{"embeddable":true,"href":"https:\/\/www.europesays.com\/fr\/wp-json\/wp\/v2\/media\/140251"}],"wp:attachment":[{"href":"https:\/\/www.europesays.com\/fr\/wp-json\/wp\/v2\/media?parent=140250"}],"wp:term":[{"taxonomy":"category","embeddable":true,"href":"https:\/\/www.europesays.com\/fr\/wp-json\/wp\/v2\/categories?post=140250"},{"taxonomy":"post_tag","embeddable":true,"href":"https:\/\/www.europesays.com\/fr\/wp-json\/wp\/v2\/tags?post=140250"}],"curies":[{"name":"wp","href":"https:\/\/api.w.org\/{rel}","templated":true}]}}