{"id":140260,"date":"2025-05-30T22:31:10","date_gmt":"2025-05-30T22:31:10","guid":{"rendered":"https:\/\/www.europesays.com\/fr\/140260\/"},"modified":"2025-05-30T22:31:10","modified_gmt":"2025-05-30T22:31:10","slug":"mael-gouyette-et-aghate-guillemot-nouveaux-detenteurs-du-record-de-france-du-mile-sur-route","status":"publish","type":"post","link":"https:\/\/www.europesays.com\/fr\/140260\/","title":{"rendered":"Ma\u00ebl Gouyette et Aghate Guillemot nouveaux d\u00e9tenteurs du record de France du Mile sur route"},"content":{"rendered":"<p>Le Meeting Nika\u00efa a investi la place Mass\u00e9na ce soir \u00e0 l&rsquo;occasion du Road Mile (Mile sur route). Les participants devaient effectuer 6 cercles autour du site embl\u00e9matique ni\u00e7ois. \u00c0 la recherche d&rsquo;une premi\u00e8re marque officielle, les organisateurs avaient annonc\u00e9 que des records de France devaient tomber, et ce fut le cas.<\/p>\n<p>Sur le Mile masculin, c&rsquo;est Ma\u00ebl Gouyette qui l&#8217;emporte en 4&rsquo;07\u00a0\u00bb61. Il devance d&rsquo;une courte t\u00eate l&rsquo;Am\u00e9ricain Wes Porter (4&rsquo;08\u00a0\u00bb03) venu sp\u00e9cialement sur la C\u00f4te d&rsquo;Azur pour se tester sur la distance (1 609 m\u00e8tres).<\/p>\n<p>              <img ci-src=\"https:\/\/www.nicematin.com\/athletisme\/DSC_1784-ErsBaKrK.JPG?vh=11820d&amp;ci_seal=166d2032a0\" alt=\"\"\/><br \/>\n        Agathe Guillemot et Ma\u00ebl Gouyette tous deux nouveau recordman et recordwoman de France du Mile sur route  <strong>Photo: Eliott Caron.<\/strong> <\/p>\n<p>Le Fran\u00e7ais qui avait couru la distance en 3&rsquo;56\u00a0\u00bb57 \u00e0 Riga en octobre 2023, un mois apr\u00e8s que le Mile sur route ait \u00e9t\u00e9 reconnu comme discipline officielle par Word Athletics, est le nouveau d\u00e9tenteur du record de France de la discipline, puisque le temps de Riga ne comportait pas les d\u00e9tails n\u00e9cessaires (parcours homologu\u00e9 et tests antidopages) afin que le record soit enregistr\u00e9.<\/p>\n<p>Ma\u00ebl Gouyette bat de surcro\u00eet un Am\u00e9ricain qui avait couru la distance en 3&rsquo;54\u00a0\u00bb58, le 14 f\u00e9vrier dernier \u00e0 Boston.<\/p>\n<p>              <img ci-src=\"https:\/\/www.nicematin.com\/athletisme\/DSC_1729-b9h07b0h.JPG?vh=805464&amp;ci_seal=e35984e28c\" alt=\"\"\/><br \/>\n        Gracie Morris gagnante du Mile f\u00e9minin  <strong>Photo: Eliott Caron.<\/strong> <\/p>\n<p>Du c\u00f4t\u00e9 des femmes, m\u00eame sc\u00e9nario. Bien que B\u00e9r\u00e9nice Cleyet-Merle ait couru le Mile sur route en 4&rsquo;34\u00a0\u00bb41 \u00e0 Riga en 2023, en m\u00eame temps que Ma\u00ebl Gouyette, c&rsquo;est Aghate Guillemot, arriv\u00e9e en deuxi\u00e8me position du Mile de ce soir, qui s&#8217;empare de ce nouveau record en 4&rsquo;43\u00a0\u00bb49. Sur la plus haute marche du podium, l&rsquo;on retrouve Gracie Morris (4&rsquo;35\u00a0\u00bb39), tandis que l&rsquo;Antiboise Alessia Zarbo n&rsquo;a pas pu faire mieux qu&rsquo;une troisi\u00e8me place en 4&rsquo;52\u00a0\u00bb15.<\/p>\n<p>Yvan Le Fur bat lui le record de France U23 en 4&rsquo;51\u00a0\u00bb62, en terminant \u00e0 la troisi\u00e8me place du Mile masculin. Des performances qui resteront donc grav\u00e9es dans le marbre.<\/p>\n","protected":false},"excerpt":{"rendered":"Le Meeting Nika\u00efa a investi la place Mass\u00e9na ce soir \u00e0 l&rsquo;occasion du Road Mile (Mile sur route).&hellip;\n","protected":false},"author":2,"featured_media":140261,"comment_status":"","ping_status":"","sticky":false,"template":"","format":"standard","meta":{"footnotes":""},"categories":[2819],"tags":[1111,11,4132,1777,674,1011,27,12,2401,882,25,60],"class_list":{"0":"post-140260","1":"post","2":"type-post","3":"status-publish","4":"format-standard","5":"has-post-thumbnail","7":"category-nice","8":"tag-actu","9":"tag-actualites","10":"tag-athletisme","11":"tag-eu","12":"tag-europe","13":"tag-fr","14":"tag-france","15":"tag-news","16":"tag-nice","17":"tag-provence-alpes-cote-dazur","18":"tag-republique-francaise","19":"tag-sports"},"share_on_mastodon":{"url":"https:\/\/pubeurope.com\/@fr\/114599158553996177","error":""},"_links":{"self":[{"href":"https:\/\/www.europesays.com\/fr\/wp-json\/wp\/v2\/posts\/140260","targetHints":{"allow":["GET"]}}],"collection":[{"href":"https:\/\/www.europesays.com\/fr\/wp-json\/wp\/v2\/posts"}],"about":[{"href":"https:\/\/www.europesays.com\/fr\/wp-json\/wp\/v2\/types\/post"}],"author":[{"embeddable":true,"href":"https:\/\/www.europesays.com\/fr\/wp-json\/wp\/v2\/users\/2"}],"replies":[{"embeddable":true,"href":"https:\/\/www.europesays.com\/fr\/wp-json\/wp\/v2\/comments?post=140260"}],"version-history":[{"count":0,"href":"https:\/\/www.europesays.com\/fr\/wp-json\/wp\/v2\/posts\/140260\/revisions"}],"wp:featuredmedia":[{"embeddable":true,"href":"https:\/\/www.europesays.com\/fr\/wp-json\/wp\/v2\/media\/140261"}],"wp:attachment":[{"href":"https:\/\/www.europesays.com\/fr\/wp-json\/wp\/v2\/media?parent=140260"}],"wp:term":[{"taxonomy":"category","embeddable":true,"href":"https:\/\/www.europesays.com\/fr\/wp-json\/wp\/v2\/categories?post=140260"},{"taxonomy":"post_tag","embeddable":true,"href":"https:\/\/www.europesays.com\/fr\/wp-json\/wp\/v2\/tags?post=140260"}],"curies":[{"name":"wp","href":"https:\/\/api.w.org\/{rel}","templated":true}]}}