{"id":140268,"date":"2025-05-30T22:35:14","date_gmt":"2025-05-30T22:35:14","guid":{"rendered":"https:\/\/www.europesays.com\/fr\/140268\/"},"modified":"2025-05-30T22:35:14","modified_gmt":"2025-05-30T22:35:14","slug":"girondins-pour-oliver-kahn-cest-une-course-contre-la-montre","status":"publish","type":"post","link":"https:\/\/www.europesays.com\/fr\/140268\/","title":{"rendered":"Girondins : \u00ab\u00a0Pour Oliver Kahn c&rsquo;est une course contre la montre\u201d"},"content":{"rendered":"<p><img decoding=\"async\" src=\"https:\/\/www.europesays.com\/fr\/wp-content\/uploads\/2025\/04\/671_af6b24ee848547fd28071320578c4e0f.jpg\" alt=\"Girondins : &quot;Pour Oliver Kahn c'est une course contre la montre\u201d\" class=\"img-responsive mt-3\"\/><\/p>\n<p class=\"text-center mb-3\" style=\"font-size: 14px\">\u00a9 Iconsport<\/p>\n<p>\u00c9coutez ses propos ou lisez-les :<\/p>\n<p style=\"text-align: justify;\">\u00a0<\/p>\n<p>\u00a0<\/p>\n<p style=\"text-align: justify;\">Ce lundi 26 mai, <a href=\"https:\/\/www.webgirondins.com\/actualite-girondins-girondins-on-ne-sait-absolument-rien-sur-le-projet-d-oliver-kahn-129259\" target=\"_blank\" rel=\"noopener\">Oliver Kahn<\/a> et ses associ\u00e9s ont propos\u00e9 un plan de cession au tribunal de commerce de Bordeaux dans le but de devancer G\u00e9rard Lopez et de reprendre la direction des Girondins de Bordeaux. Le dossier de l&rsquo;allemand a \u00e9t\u00e9 retenu pour examen, ce qui change la donne, car G\u00e9rard Lopez n&rsquo;est plus seul.<\/p>\n<p><strong>\u201cC\u00f4t\u00e9 Oliver Kahn, soit il va falloir travailler tr\u00e8s rapidement, soit c\u2019est un second coup de th\u00e9\u00e2tre qui se pr\u00e9pare\u201d<\/strong><\/p>\n<p style=\"text-align: justify;\">Laurent Crocis dans le <a href=\"https:\/\/www.youtube.com\/watch?v=wnOVVRm0TYk\" target=\"_blank\" rel=\"noopener\">Talk sur WebGirondins<\/a> : \u201cLe tribunal de commerce a pris une d\u00e9cision intelligente en profitant de ce d\u00e9lai de vote des cr\u00e9anciers, pour donner du temps. Elle est intelligente, pas forc\u00e9ment sur le plan juridique parce que l&rsquo;offre n&rsquo;\u00e9tait pas recevable en l&rsquo;\u00e9tat, mais intelligente sur le plan de l&rsquo;esprit de la loi et du contexte local.<\/p>\n<p style=\"text-align: justify;\">Maintenant, c&rsquo;est une course contre la montre. Le plan de continuation est pr\u00eat, connu et ficel\u00e9. C\u00f4t\u00e9 Oliver Kahn et ses partenaires, soit il va falloir travailler tr\u00e8s rapidement (17 jours), ou alors tout est pr\u00eat et ils nous pr\u00e9parent un second coup de th\u00e9\u00e2tre.<\/p>\n<p style=\"text-align: justify;\">Il faut qu\u2019Oliver Kahn apporte des preuves de fond, notamment pour avoir acc\u00e8s \u00e0 la data room. <a href=\"https:\/\/www.webgirondins.com\/actualite-girondins-midi-dix-dugarry-allume-lopez-dernieres-infos-girondins-de-bordeaux-oliver-kahn-129260\" target=\"_blank\" rel=\"noopener\">G\u00e9rard Lopez<\/a>, pour l&rsquo;instant, est bien camp\u00e9 sur ses positions, son plan de continuation a \u00e9t\u00e9 d\u00e9pos\u00e9, il attend les votes. Et, parmi les 15 classes de la nouvelle \u201cr\u00e9partition des familles de cr\u00e9anciers\u00a0\u00bb, il y en a 5 classes qui le concernent et dont il est certain du vote, puisqu\u2019il ne va pas voter contre lui.\u201d<\/p>\n<p>\u00c0 lire &gt;&gt;\u00a0<strong><a href=\"https:\/\/www.webgirondins.com\/actualite-girondins-girondins-gerard-lopez-sort-en-catimini-du-tribunal-de-commerce-de-bordeaux-et-fuit-les-supporters-129235\" target=\"_blank\" rel=\"noopener\">Girondins : G\u00e9rard Lopez sort en catimini du tribunal de commerce de Bordeaux et fuit les supporters<\/a><\/strong><\/p>\n<p>\u00a0<\/p>\n","protected":false},"excerpt":{"rendered":"\u00a9 Iconsport \u00c9coutez ses propos ou lisez-les : \u00a0 \u00a0 Ce lundi 26 mai, Oliver Kahn et ses&hellip;\n","protected":false},"author":2,"featured_media":28067,"comment_status":"","ping_status":"","sticky":false,"template":"","format":"standard","meta":{"footnotes":""},"categories":[2817],"tags":[1111,11,1997,1444,6466,3956,1446,1459,2263,1777,674,21,1011,27,26775,1987,2957,4654,3955,15422,12,2219,4653,3948,471,8995,25,5234,5238],"class_list":{"0":"post-140268","1":"post","2":"type-post","3":"status-publish","4":"format-standard","5":"has-post-thumbnail","7":"category-bordeaux","8":"tag-actu","9":"tag-actualites","10":"tag-bordeaux","11":"tag-contre","12":"tag-course","13":"tag-crocis","14":"tag-dans","15":"tag-duel","16":"tag-equipe","17":"tag-eu","18":"tag-europe","19":"tag-fait","20":"tag-fr","21":"tag-france","22":"tag-gerardlopez","23":"tag-girondins","24":"tag-journaliste","25":"tag-kahn","26":"tag-laurent","27":"tag-montre","28":"tag-news","29":"tag-nouvelle-aquitaine","30":"tag-oliver","31":"tag-point","32":"tag-pour","33":"tag-present","34":"tag-republique-francaise","35":"tag-talk","36":"tag-webgirondins"},"share_on_mastodon":{"url":"https:\/\/pubeurope.com\/@fr\/114599174044878805","error":""},"_links":{"self":[{"href":"https:\/\/www.europesays.com\/fr\/wp-json\/wp\/v2\/posts\/140268","targetHints":{"allow":["GET"]}}],"collection":[{"href":"https:\/\/www.europesays.com\/fr\/wp-json\/wp\/v2\/posts"}],"about":[{"href":"https:\/\/www.europesays.com\/fr\/wp-json\/wp\/v2\/types\/post"}],"author":[{"embeddable":true,"href":"https:\/\/www.europesays.com\/fr\/wp-json\/wp\/v2\/users\/2"}],"replies":[{"embeddable":true,"href":"https:\/\/www.europesays.com\/fr\/wp-json\/wp\/v2\/comments?post=140268"}],"version-history":[{"count":0,"href":"https:\/\/www.europesays.com\/fr\/wp-json\/wp\/v2\/posts\/140268\/revisions"}],"wp:featuredmedia":[{"embeddable":true,"href":"https:\/\/www.europesays.com\/fr\/wp-json\/wp\/v2\/media\/28067"}],"wp:attachment":[{"href":"https:\/\/www.europesays.com\/fr\/wp-json\/wp\/v2\/media?parent=140268"}],"wp:term":[{"taxonomy":"category","embeddable":true,"href":"https:\/\/www.europesays.com\/fr\/wp-json\/wp\/v2\/categories?post=140268"},{"taxonomy":"post_tag","embeddable":true,"href":"https:\/\/www.europesays.com\/fr\/wp-json\/wp\/v2\/tags?post=140268"}],"curies":[{"name":"wp","href":"https:\/\/api.w.org\/{rel}","templated":true}]}}