{"id":14027,"date":"2025-04-10T02:33:11","date_gmt":"2025-04-10T02:33:11","guid":{"rendered":"https:\/\/www.europesays.com\/fr\/14027\/"},"modified":"2025-04-10T02:33:11","modified_gmt":"2025-04-10T02:33:11","slug":"une-fillette-est-grievement-blessee","status":"publish","type":"post","link":"https:\/\/www.europesays.com\/fr\/14027\/","title":{"rendered":"une fillette est gri\u00e8vement bless\u00e9e"},"content":{"rendered":"<p>            Par<br \/>\n        <strong><br \/>\n            <a href=\"https:\/\/actu.fr\/auteur\/redaction-bordeaux\" title=\"Consulter tous les articles de R\u00e9daction Bordeaux\" rel=\"nofollow noopener\" target=\"_blank\">R\u00e9daction Bordeaux<\/a><br \/>\n        <\/strong><\/p>\n<p>        Publi\u00e9 le<\/p>\n<p>            8 avr. 2025 \u00e0 15h35        <\/p>\n<p>C\u2019est un <strong>grave accident<\/strong> qui est survenu ce mardi 8\u00a0avril 2025 <a href=\"https:\/\/actu.fr\/nouvelle-aquitaine\/gradignan_33192\" rel=\"nofollow noopener\" target=\"_blank\">\u00e0 Gradignan.<\/a>\u00a0Les <a href=\"https:\/\/actu.fr\/tag\/pompiers\" rel=\"nofollow noopener\" target=\"_blank\">pompiers<\/a> de la Gironde sont intervenus \u00e0 8h40 rue de Loustalot.<\/p>\n<p class=\" wall-content\">Deux enfants <strong>\u00e2g\u00e9s de 6\u00a0ans<\/strong> et une femme de 42\u00a0ans ont \u00e9t\u00e9 percut\u00e9s par une automobiliste, sur le chemin de l\u2019\u00e9cole.<\/p>\n<p>Trois pi\u00e9tons renvers\u00e9s<\/p>\n<p class=\" wall-content\">La petite fille a \u00e9t\u00e9 <strong>gri\u00e8vement bless\u00e9e.<\/strong> Elle a \u00e9t\u00e9 \u00e9vacu\u00e9e en urgence absolue aux urgences p\u00e9diatriques <a href=\"https:\/\/actu.fr\/tag\/chu-de-bordeaux\" rel=\"nofollow noopener\" target=\"_blank\">de Pellegrin \u00e0 Bordeaux.<\/a><\/p>\n<p class=\" wall-content\">Son <strong>fr\u00e8re et sa m\u00e8re<\/strong> ont \u00e9t\u00e9 plus l\u00e9g\u00e8rement atteints. Tous deux ont \u00e9t\u00e9 transport\u00e9s \u00e0 l\u2019h\u00f4pital en urgence relative.<\/p>\n<p class=\" wall-content\">La conductrice du v\u00e9hicule, une femme de 70\u00a0ans, \u00e9tait <strong>choqu\u00e9e.<\/strong> Elle n\u2019a pas n\u00e9cessit\u00e9 de transport hospitalier.<\/p>\n<p>Vid\u00e9os : en ce moment sur Actu<\/p>\n<p class=\" wall-content\">L\u2019enqu\u00eate de <a href=\"https:\/\/actu.fr\/tag\/police\" rel=\"nofollow noopener\" target=\"_blank\">police<\/a> devra d\u00e9terminer les circonstances de l\u2019accident. D\u2019apr\u00e8s les premiers \u00e9l\u00e9ments, la conductrice pourrait avoir \u00e9t\u00e9 <strong>\u00e9blouie<\/strong> par le soleil.<\/p>\n<p class=\" wall-content\">Suivez toute l\u2019actualit\u00e9 de vos villes et m\u00e9dias favoris en vous inscrivant \u00e0 <a href=\"https:\/\/moncompte.actu.fr\" title=\"D\u00e9couvez Mon Actu\" rel=\"nofollow noopener\" data-trk=\"{&quot;cta&quot;:{&quot;action&quot;:&quot;https:\\\/\\\/moncompte.actu.fr&quot;,&quot;category&quot;:&quot;mon compte&quot;,&quot;from&quot;:&quot;article footer&quot;,&quot;name&quot;:&quot;Mon actu&quot;,&quot;type&quot;:&quot;cta&quot;}}\" target=\"_blank\">Mon Actu<\/a>.<\/p>\n","protected":false},"excerpt":{"rendered":"Par R\u00e9daction Bordeaux Publi\u00e9 le 8 avr. 2025 \u00e0 15h35 C\u2019est un grave accident qui est survenu ce&hellip;\n","protected":false},"author":2,"featured_media":14028,"comment_status":"","ping_status":"","sticky":false,"template":"","format":"standard","meta":{"footnotes":""},"categories":[2817],"tags":[119,1111,11,1997,1777,674,118,1011,27,12,2219,1072,1311,25],"class_list":{"0":"post-14027","1":"post","2":"type-post","3":"status-publish","4":"format-standard","5":"has-post-thumbnail","7":"category-bordeaux","8":"tag-accident","9":"tag-actu","10":"tag-actualites","11":"tag-bordeaux","12":"tag-eu","13":"tag-europe","14":"tag-faits-divers","15":"tag-fr","16":"tag-france","17":"tag-news","18":"tag-nouvelle-aquitaine","19":"tag-police","20":"tag-pompiers","21":"tag-republique-francaise"},"share_on_mastodon":{"url":"https:\/\/pubeurope.com\/@fr\/114311332187544588","error":""},"_links":{"self":[{"href":"https:\/\/www.europesays.com\/fr\/wp-json\/wp\/v2\/posts\/14027","targetHints":{"allow":["GET"]}}],"collection":[{"href":"https:\/\/www.europesays.com\/fr\/wp-json\/wp\/v2\/posts"}],"about":[{"href":"https:\/\/www.europesays.com\/fr\/wp-json\/wp\/v2\/types\/post"}],"author":[{"embeddable":true,"href":"https:\/\/www.europesays.com\/fr\/wp-json\/wp\/v2\/users\/2"}],"replies":[{"embeddable":true,"href":"https:\/\/www.europesays.com\/fr\/wp-json\/wp\/v2\/comments?post=14027"}],"version-history":[{"count":0,"href":"https:\/\/www.europesays.com\/fr\/wp-json\/wp\/v2\/posts\/14027\/revisions"}],"wp:featuredmedia":[{"embeddable":true,"href":"https:\/\/www.europesays.com\/fr\/wp-json\/wp\/v2\/media\/14028"}],"wp:attachment":[{"href":"https:\/\/www.europesays.com\/fr\/wp-json\/wp\/v2\/media?parent=14027"}],"wp:term":[{"taxonomy":"category","embeddable":true,"href":"https:\/\/www.europesays.com\/fr\/wp-json\/wp\/v2\/categories?post=14027"},{"taxonomy":"post_tag","embeddable":true,"href":"https:\/\/www.europesays.com\/fr\/wp-json\/wp\/v2\/tags?post=14027"}],"curies":[{"name":"wp","href":"https:\/\/api.w.org\/{rel}","templated":true}]}}