{"id":140275,"date":"2025-05-30T22:40:12","date_gmt":"2025-05-30T22:40:12","guid":{"rendered":"https:\/\/www.europesays.com\/fr\/140275\/"},"modified":"2025-05-30T22:40:12","modified_gmt":"2025-05-30T22:40:12","slug":"marseille-une-nouvelle-oeuvre-de-bansky-sous-forme-de-phare-devoilee","status":"publish","type":"post","link":"https:\/\/www.europesays.com\/fr\/140275\/","title":{"rendered":"Marseille. Une nouvelle \u0153uvre de Bansky, sous forme de phare, d\u00e9voil\u00e9e"},"content":{"rendered":"<p>Apr\u00e8s plusieurs mois de silence, <a href=\"http:\/\/www.ledauphine.com\/p\/banksy\" target=\"_blank\" rel=\"nofollow noopener\">Banksy<\/a> refait parler de lui : un pochoir de l&rsquo;\u00e9nigmatique et tr\u00e8s secret street-artiste sous forme de phare a \u00e9t\u00e9 d\u00e9couvert ce vendredi dans une rue discr\u00e8te de Marseille, tout proche de la mer.<\/p>\n<p>Cette repr\u00e9sentation d&rsquo;un phare sombre duquel appara\u00eet une lumi\u00e8re blanche semble jouer avec l&rsquo;ombre d&rsquo;un poteau. Une phrase myst\u00e9rieuse recouvre l&rsquo;\u0153uvre d&rsquo;art : \u00ab I want to be what you saw in me \u00bb (\u00ab Je veux \u00eatre ce que tu as vu en moi \u00bb).\u00a0 L&rsquo;artiste lui-m\u00eame, dont l&rsquo;identit\u00e9 reste myst\u00e9rieuse, a r\u00e9v\u00e9l\u00e9 une photo de son \u0153uvre, sans faire de commentaire, sur son profil Instagram.<\/p>\n<p>  Des pochoirs percutants dans le monde entier<\/p>\n<p>S&rsquo;il est aussi l&rsquo;auteur de tableaux et sculptures, Banksy est principalement connu pour ses pochoirs percutants qu&rsquo;il s\u00e8me dans les rues du monde entier, provoquant souvent l&rsquo;hyst\u00e9rie du public. \u00ab C&rsquo;est fascinant que Banksy ait choisi une ville comme Marseille qui a beaucoup d&rsquo;arts, d&rsquo;\u00e9trangers, de vie \u00bb, a estim\u00e9 Esteban Roldan, artisan-menuisier de 42 ans vivant \u00e0 Marseille qui s&rsquo;est d\u00e9plac\u00e9 pour venir voir l&rsquo;\u0153uvre situ\u00e9e dans une petite rue proche de la plage des Catalans, non-loin du centre ville.<\/p>\n<p>\u00ab C&rsquo;est tr\u00e8s surprenant et c&rsquo;est passionnant. C&rsquo;\u00e9tait agr\u00e9able de faire une petite recherche pour d\u00e9couvrir le lieu o\u00f9 il l&rsquo;a faite. Je suis heureuse de l&rsquo;avoir trouv\u00e9e \u00bb, a expliqu\u00e9 Susan McAllister, enseignante de 60 ans en ing\u00e9nierie.<\/p>\n<p>Une \u0153uvre \u00ab\u00a0li\u00e9 \u00e0 l&rsquo;image de de Marseille\u00a0\u00bb<\/p>\n<p>\u00ab Cela pourrait avoir plusieurs significations: l&rsquo;interpr\u00e9tation d\u00e9pend de ce en quoi vous croyez, comment vous voyez les choses, mais cela pourrait \u00eatre li\u00e9 \u00e0 l&rsquo;image de Marseille \u00bb, a ajout\u00e9 cette Britannique qui r\u00e9side \u00e0 Marseille, en \u00e9voquant l&rsquo;image du phare, possible r\u00e9f\u00e9rence \u00e0 cette ville portuaire du sud de la France.<\/p>\n<p>Les \u0153uvres de Banksy ont rapport\u00e9 plusieurs dizaine de millions de dollars, faisant de lui l&rsquo;un des artistes vivants les plus connus au monde. Elles portent souvent des messages puissants et provocateurs, sur des th\u00e8mes tels que la guerre, le capitalisme, le contr\u00f4le social ou encore les droits de l&rsquo;homme.<\/p>\n","protected":false},"excerpt":{"rendered":"Apr\u00e8s plusieurs mois de silence, Banksy refait parler de lui : un pochoir de l&rsquo;\u00e9nigmatique et tr\u00e8s secret&hellip;\n","protected":false},"author":2,"featured_media":140276,"comment_status":"","ping_status":"","sticky":false,"template":"","format":"standard","meta":{"footnotes":""},"categories":[2814],"tags":[1111,11,1687,1777,674,107,1011,27,329,884,12,882,25],"class_list":{"0":"post-140275","1":"post","2":"type-post","3":"status-publish","4":"format-standard","5":"has-post-thumbnail","7":"category-marseille","8":"tag-actu","9":"tag-actualites","10":"tag-culture-loisirs","11":"tag-eu","12":"tag-europe","13":"tag-fil-info","14":"tag-fr","15":"tag-france","16":"tag-france-monde","17":"tag-marseille","18":"tag-news","19":"tag-provence-alpes-cote-dazur","20":"tag-republique-francaise"},"share_on_mastodon":{"url":"https:\/\/pubeurope.com\/@fr\/114599193708695272","error":""},"_links":{"self":[{"href":"https:\/\/www.europesays.com\/fr\/wp-json\/wp\/v2\/posts\/140275","targetHints":{"allow":["GET"]}}],"collection":[{"href":"https:\/\/www.europesays.com\/fr\/wp-json\/wp\/v2\/posts"}],"about":[{"href":"https:\/\/www.europesays.com\/fr\/wp-json\/wp\/v2\/types\/post"}],"author":[{"embeddable":true,"href":"https:\/\/www.europesays.com\/fr\/wp-json\/wp\/v2\/users\/2"}],"replies":[{"embeddable":true,"href":"https:\/\/www.europesays.com\/fr\/wp-json\/wp\/v2\/comments?post=140275"}],"version-history":[{"count":0,"href":"https:\/\/www.europesays.com\/fr\/wp-json\/wp\/v2\/posts\/140275\/revisions"}],"wp:featuredmedia":[{"embeddable":true,"href":"https:\/\/www.europesays.com\/fr\/wp-json\/wp\/v2\/media\/140276"}],"wp:attachment":[{"href":"https:\/\/www.europesays.com\/fr\/wp-json\/wp\/v2\/media?parent=140275"}],"wp:term":[{"taxonomy":"category","embeddable":true,"href":"https:\/\/www.europesays.com\/fr\/wp-json\/wp\/v2\/categories?post=140275"},{"taxonomy":"post_tag","embeddable":true,"href":"https:\/\/www.europesays.com\/fr\/wp-json\/wp\/v2\/tags?post=140275"}],"curies":[{"name":"wp","href":"https:\/\/api.w.org\/{rel}","templated":true}]}}