{"id":140289,"date":"2025-05-30T22:48:22","date_gmt":"2025-05-30T22:48:22","guid":{"rendered":"https:\/\/www.europesays.com\/fr\/140289\/"},"modified":"2025-05-30T22:48:22","modified_gmt":"2025-05-30T22:48:22","slug":"ici-cest-paris-pas-le-marche-de-bamako-les-identitaires-derriere-la-banderole-anti-aya-nakamura-juges-a-paris","status":"publish","type":"post","link":"https:\/\/www.europesays.com\/fr\/140289\/","title":{"rendered":"\u00ab Ici c\u2019est Paris, pas le march\u00e9 de Bamako\u00a0\u00bb\u00a0: les identitaires derri\u00e8re la banderole anti-Aya Nakamura jug\u00e9s \u00e0 Paris"},"content":{"rendered":"<p><strong>\u00cele Saint-Louis dans le quatri\u00e8me arrondissement de Paris, le 8 mars 2024 \u2013<\/strong> Une quinzaine de personnes se rassemblent \u00e0 la nuit tomb\u00e9e sur la place Louis Aragon, \u00e0 la pointe de l\u2019\u00eele Saint-Louis. Vers 19h25, ils d\u00e9ploient une banderole, prennent quelques photos, puis se s\u00e9parent en petits groupes. L\u2019action discr\u00e8te en bord de Seine fera l\u2019actualit\u00e9\u00a0: la banderole s\u2019en prend \u00e0 la chanteuse Aya Nakamura, alors que les rumeurs de sa participation \u00e0 la c\u00e9r\u00e9monie d\u2019ouverture des Jeux olympiques et paralympiques de Paris 2024 se multiplient. \u00ab\u00a0Y\u2019a pas moyen Aya, ici c\u2019est Paris pas le march\u00e9 de Bamako\u00a0\u00bb, s\u2019\u00e9tale en lettres noires. La photo est d\u2019abord publi\u00e9e sur les r\u00e9seaux sociaux des <a href=\"https:\/\/cartofaf.streetpress.com\/carte#les-natifs\" target=\"_blank\" rel=\"noopener\">Natifs, groupuscule h\u00e9ritier de G\u00e9n\u00e9ration identitaire<\/a> \u2013 dissous en 2021 \u2013, et sur ceux des m\u00e9dias d\u2019extr\u00eame droite Occidentis, convi\u00e9 pour l\u2019occasion, et Livre Noir (aujourd\u2019hui Fronti\u00e8res). Tr\u00e8s vite, la pol\u00e9mique enfle, les r\u00e9actions de personnalit\u00e9s politiques et d\u2019artistes se multiplient. <\/p>\n<p>    <img decoding=\"async\" src=\"https:\/\/www.europesays.com\/fr\/wp-content\/uploads\/2025\/05\/banderole_aya.jpeg\" class=\"img-responsive\" alt=\"https:\/\/www.europesays.com\/fr\/wp-content\/uploads\/2025\/05\/banderole_aya.jpeg\"\/><\/p>\n<p class=\"credit\">\n            La banderole publi\u00e9e sur les r\u00e9seaux sociaux des Natifs, groupuscule h\u00e9ritier de G\u00e9n\u00e9ration identitaire, s\u2019en prend \u00e0 la chanteuse Aya Nakamura, alors que les rumeurs de sa participation \u00e0 la c\u00e9r\u00e9monie d&rsquo;ouverture des Jeux olympiques et paralympiques de Paris 2024 se multiplient. \/<br \/>\n          Cr\u00e9dits : Capture Twitter-X Natifs        <\/p>\n<p>Presque un an apr\u00e8s la c\u00e9r\u00e9monie d\u2019ouverture des JO o\u00f9 Aya Nakamura a bien chant\u00e9, <strong>13 membres des Natifs doivent \u00eatre jug\u00e9s \u00e0 Paris le 4 juin prochain pour provocation \u00e0 la haine, \u00e0 la violence, ou \u00e0 la discrimination envers une personne en raison de son origine<\/strong>, apr\u00e8s une enqu\u00eate particuli\u00e8rement pouss\u00e9e, probablement due au contexte tr\u00e8s politique des JO. <\/p>\n<p>Parmi eux, se trouvent plusieurs cadres de G\u00e9n\u00e9ration identitaire, <strong>mais aussi une attach\u00e9e parlementaire du Rassemblement nationale (RN), une militante RN, ou encore le responsable \u00e0 Paris de G\u00e9n\u00e9ration Z<\/strong>, l\u2019organisation de jeunesse de Reconqu\u00eate, le parti d\u2019\u00c9ric Zemmour. StreetPress et <a href=\"https:\/\/www.mediapart.fr\/journal\/france\/300525\/jo-de-paris-le-racisme-sans-fard-des-identitaires-qui-ont-vise-aya-nakamura?utm_source=global&amp;utm_medium=social&amp;utm_campaign=SharingApp&amp;xtor=CS3-5\" target=\"_blank\" rel=\"noopener\">Mediapart<\/a> ont pu consulter le dossier.<\/p>\n<p>    <img decoding=\"async\" src=\"https:\/\/www.europesays.com\/fr\/wp-content\/uploads\/2025\/05\/petit_groupe_.png\" class=\"img-responsive\" alt=\"https:\/\/www.europesays.com\/fr\/wp-content\/uploads\/2025\/05\/petit_groupe_.png\"\/><\/p>\n<p class=\"credit\">\n            Presque un an apr\u00e8s la c\u00e9r\u00e9monie d\u2019ouverture des JO, 13 membres des Natifs doivent \u00eatre jug\u00e9s \u00e0 Paris le 4 juin prochain pour provocation \u00e0 la haine, \u00e0 la violence, ou \u00e0 la discrimination envers une personne en raison de son origine. \/<br \/>\n          Cr\u00e9dits : Document StreetPress \/ Mediapart        <\/p>\n<p>L\u2019id\u00e9e sort de la t\u00eate d\u2019Antoine Gongora, porte-parole des Natifs, une semaine avant. Sur une conversation Telegram, il \u00e9voque \u00ab\u00a0une banderole marrante\u00a0\u00bb \u00e0 d\u00e9ployer dans un lieu symbolique pour \u00ab\u00a0buzzer\u00a0\u00bb, suivie d\u2019un \u00ab\u00a0communiqu\u00e9 s\u00e9rieux\u00a0\u00bb. Les autres membres de la discussion, tous des cadres des Natifs ou d\u2019Argos, autre <a href=\"https:\/\/www.streetpress.com\/sujet\/1666106342-argos-france-heritiers-generation-identitaire-extreme-droite\" target=\"_blank\" rel=\"noopener\">groupuscule n\u00e9 des cendres de G\u00e9n\u00e9ration identitaire<\/a>, valident l\u2019id\u00e9e. Dans les jours qui suivent, Antoine Gongora, Benjamin Pamiseux, le porte-parole d\u2019Argos, Gr\u00e9goire C., Gwereg L.T. et Martin Escard d\u00e9battent de la formule \u00e0 peindre sur la banderole, et s\u2019organisent pour le jour J, le tout sous les ordres d\u2019Edouard Michaud, un ancien membre du groupuscule n\u00e9onazi <a href=\"https:\/\/www.streetpress.com\/sujet\/1638808521-qui-sont-zouaves-groupuscule-neonazis-lynchage-militants-sos-racisme-meeting-zemmour-extreme-droite\" target=\"_blank\" rel=\"noopener\">Zouaves Paris<\/a> et <a href=\"https:\/\/www.liberation.fr\/politique\/pleure-par-lextreme-droite-le-parrain-defunt-de-la-gud-connexion-jean-francois-michaud-a-deja-ses-successeurs-20241020_MWL7LY7DZZFH3A672WXNVENX2A\/\" target=\"_blank\" rel=\"noopener\">fils d\u2019un riche homme d\u2019affaires tr\u00e8s engag\u00e9 \u00e0 l\u2019extr\u00eame droite<\/a>. \u00ab\u00a0Y\u2019a pas moyen Aya, Paris c\u2019est pas Kinshasa\u00a0\u00bb, propose Antoine Gongora. \u00ab\u00a0Elle est Malienne hein pas Congolaise, t\u2019sais le bandeur d\u2019Afrique [\u2026] mais on peut laisser elle est noire quoi\u00a0\u00bb, lui r\u00e9pond Benjamin Pamiseux. Le groupe finit cependant par s\u2019accorder sur le slogan final, et mobilise ses troupes pour le vendredi soir. \u00ab\u00a0On est d\u2019accord, 0 cagoules\/caches-cou ou autre truc affreux\u00a0\u00bb, questionne Gr\u00e9goire C.. <strong>\u00ab\u00a0Non, non, pourquoi pas des pyjamas du KKK tant qu\u2019on y est\u00a0?\u00a0\u00bb<\/strong>, appuie Edouard Michaud. \u00ab\u00a0Pas chaud niveau risques\u00a0?\u00a0\u00bb s\u2019inqui\u00e8te Antoine Gongora. \u00ab\u00a0Si y\u2019a pas de flics non\u00a0\u00bb, balaye Michaud.<\/p>\n<p>    <img decoding=\"async\" src=\"https:\/\/www.europesays.com\/fr\/wp-content\/uploads\/2025\/05\/debats_slogan.png\" class=\"img-responsive\" alt=\"https:\/\/www.europesays.com\/fr\/wp-content\/uploads\/2025\/05\/debats_slogan.png\"\/><\/p>\n<p class=\"credit\">\n            Antoine Gongora, Benjamin Pamiseux, Gr\u00e9goire C., Gwereg L.T. et Martin Escard d\u00e9battent de la formule \u00e0 peindre sur la banderole. \/<br \/>\n          Cr\u00e9dits : Document StreetPress \/ Mediapart        <\/p>\n<p>    <img decoding=\"async\" src=\"https:\/\/www.europesays.com\/fr\/wp-content\/uploads\/2025\/05\/flics_non.png\" class=\"img-responsive\" alt=\"https:\/\/www.europesays.com\/fr\/wp-content\/uploads\/2025\/05\/flics_non.png\"\/><\/p>\n<p class=\"credit\">\n            Sur une conversation Telegram, Antoine Gongora, Benjamin Pamiseux, Gr\u00e9goire C., Gwereg L.T. et Martin Escard s\u2019organisent pour le jour J. \/<br \/>\n          Cr\u00e9dits : Document StreetPress \/ Mediapart        <\/p>\n<p>Une attach\u00e9e parlementaire RN \u00e0 la com\u2019<\/p>\n<p>Avec cette banderole, les Natifs esp\u00e9raient \u00ab\u00a0buzzer\u00a0\u00bb. Benjamin Pamiseux a invit\u00e9 personnellement David Alaime, qui travaille pour les m\u00e9dias d\u2019extr\u00eame droite Occidentis et Fronti\u00e8res, \u00e0 couvrir l\u2019action. Le 9 mars 2024, tous se disent satisfaits de leur action, malgr\u00e9 quelques couacs. Ils esp\u00e9raient r\u00e9ussir \u00e0 d\u00e9ployer leur banderole place de l\u2019H\u00f4tel de Ville, mais ont chang\u00e9 de lieu pour \u00e9viter une forte pr\u00e9sence polici\u00e8re. Antoine Gongora ajoute une certaine Capucine Colombo au groupe Telegram d\u00e9di\u00e9 \u00e0 la communication pour aller \u00ab\u00a0plus vite\u00a0\u00bb. La jeune femme, alors \u00e2g\u00e9e de 23 ans, est membre de la <a href=\"https:\/\/www.streetpress.com\/sujet\/1734620193-facs-saluts-nazis-agressions-enquete-syndicat-etudiant-cocarde-formation-rassemblement-national\" target=\"_blank\" rel=\"noopener\">Cocarde \u00e9tudiante<\/a>, syndicat \u00e9tudiant d\u2019extr\u00eame droite, et a aussi effectu\u00e9 un bref passage chez les n\u00e9ofascistes de Luminis, qu\u2019elle a quitt\u00e9 par manque d\u2019adh\u00e9sion \u00e0 la doctrine, pour rejoindre les Natifs en octobre 2023. <strong>Elle est aussi \u00e0 l\u2019\u00e9poque attach\u00e9e parlementaire pour trois d\u00e9put\u00e9es Rassemblement national, Monique Griseti, Capucine Colombier et Gis\u00e8le Lelouis<\/strong>. StreetPress vous l\u2019avait d\u00e9j\u00e0 \u2013 partiellement \u2013 pr\u00e9sent\u00e9e pour <a href=\"https:\/\/www.streetpress.com\/sujet\/1728571264-assistants-parlementaires-rn-galerie-horreurs-neonazi-extreme-droite-rassemblement-national-collaborateurs-deputes\" target=\"_blank\" rel=\"noopener\">ses saillies anti-IVG<\/a> il y a quelques mois. Elle a quitt\u00e9 son poste \u00e0 l\u2019Assembl\u00e9e nationale le 25 mars dernier. La jeune militante compose un visuel qui tourne sur les r\u00e9seaux sociaux. \u00ab\u00a0Il y a plein de commentaires en mode \u201cc\u2019est juste raciste\u201d\u00a0\u00bb, constate Constance D., militante des Natifs, mais aussi adh\u00e9rente RN depuis mai 2024. \u00ab\u00a0Ballec \u00e7a nous fait des likes\u00a0\u00bb, lui r\u00e9pond Antoine Gongora, qui insiste\u00a0: \u00ab\u00a0Faut les choquer un peu tous.\u00a0\u00bb \u00ab\u00a0Il y a plein d\u2019Africains qui commentent\u00a0\u00bb, constate un militant. \u00ab\u00a0C\u2019est bien, ils se sentent concern\u00e9s\u00a0\u00bb, se r\u00e9jouit Gr\u00e9goire C.. \u00ab\u00a0Cette action est bien acc\u00e9l\u00e9rationniste comme il faut\u00a0\u00bb, compl\u00e8te Guillaume D., avant d\u2019ajouter\u00a0: <\/p>\n<blockquote>\n<p>\u00ab \u00c7a ne va pas emp\u00eacher Aya de chanter, au contraire, mais \u00e7a va forcer tout le monde \u00e0 prendre position.\u00a0\u00bb <\/p>\n<\/blockquote>\n<p>\u00ab En tous cas, Capucine fait vraiment des visuels quali et rapide, on a pris 450 abonn\u00e9s depuis vendredi sur Insta\u00a0\u00bb, se f\u00e9licite Gwereg L.T. le 11 mars 2024.<\/p>\n<blockquote>\n<p>\u00c0 LIRE AUSSI : <a href=\"https:\/\/www.streetpress.com\/sujet\/1682347242-dissolution-generation-identitaire-jeunesse-extreme-droite-nationaliste-revolutionnaire-radicaux\" target=\"_blank\" rel=\"noopener\">Depuis la dissolution de G\u00e9n\u00e9ration identitaire, la jeunesse d\u2019extr\u00eame droite tent\u00e9e par encore plus radical<\/a><\/p>\n<\/blockquote>\n<p>Le lendemain, l\u2019\u00e9quipe commence toutefois \u00e0 d\u00e9chanter. Deux d\u00e9put\u00e9s France insoumise annoncent saisir le procureur de la R\u00e9publique, et les cadres identitaires sentent le vent tourner. \u00ab\u00a0Y\u2019a aucun d\u00e9lit elle est Malienne c\u2019est juste une blague de beauf mais rien de p\u00e9nalement r\u00e9pr\u00e9hensible\u00a0\u00bb, estime Antoine Gongora. \u00ab\u00a0On va se taper la proc\u00e9dure\u00a0\u00bb, annonce Edouard Michaud. Le m\u00eame jour, celui que Gongora et Michaud avaient charg\u00e9 de la gestion de l\u2019action, <strong>Martin Escard, est plac\u00e9 en garde \u00e0 vue<\/strong>. Il est soup\u00e7onn\u00e9 de reconstitution de groupe dissous, en l\u2019occurrence G\u00e9n\u00e9ration identitaire. Il est, entre autres, pr\u00e9sident de l\u2019association qui sert d\u2019\u00e9cran aux Natifs. Lors de la perquisition de son domicile est retrouv\u00e9e la banderole anti-Aya, qu\u2019il a ramen\u00e9e chez lui le soir m\u00eame. <\/p>\n<p>    <img decoding=\"async\" src=\"https:\/\/www.europesays.com\/fr\/wp-content\/uploads\/2025\/05\/capture_decran_2025-05-30_a_13.07.25.png\" class=\"img-responsive\" alt=\"https:\/\/www.europesays.com\/fr\/wp-content\/uploads\/2025\/05\/capture_decran_2025-05-30_a_13.07.25.png\"\/><\/p>\n<p class=\"credit\">\n            La banderole retrouv\u00e9e lors de la perquisition chez Martin Escard le 12 mars 2024. \/<br \/>\n          Cr\u00e9dits : Document StreetPress \/ Mediapart        <\/p>\n<p>Le 15 mars, l\u2019annonce tombe : <strong>une enqu\u00eate est ouverte pour incitation \u00e0 la haine et injure publique<\/strong>. Tous les militants pr\u00e9sents sont convoqu\u00e9s \u00e0 une formation en interne anti-r\u00e9pression d\u2019urgence trois jours plus tard, et Antoine Gongora leur partage le \u00ab\u00a0Guide du manifestant\u00a0\u00bb, r\u00e9dig\u00e9 par le Syndicat de la Magistrature. \u00ab\u00a0Pour les militants pr\u00e9sents nous vous demandons n\u00e9anmoins de ne rien avoir de compromettant chez vous ou dans vos t\u00e9l\u00e9phones m\u00eame si le risque de perquisition est tr\u00e8s faible.\u00a0\u00bb \u00ab\u00a0S\u2019ils arrivent \u00e0 identifier un responsable de la banderole ou publication r\u00e9seaux sociaux il faudra batailler pour \u00e9chapper \u00e0 la condamnation\u00a0\u00bb, estime Edouard Michaud dans un cercle plus restreint, et ajoute\u00a0: \u00ab\u00a0Faudra bien se tenir en GAV.\u00a0\u00bb<\/p>\n<p>    <img decoding=\"async\" src=\"https:\/\/www.europesays.com\/fr\/wp-content\/uploads\/2025\/05\/magistrature.png\" class=\"img-responsive\" alt=\"https:\/\/www.europesays.com\/fr\/wp-content\/uploads\/2025\/05\/magistrature.png\"\/><\/p>\n<p class=\"credit\">\n            Antoine Gongora partage \u00e0 son groupe le \u00ab\u00a0Guide du manifestant\u00a0\u00bb, r\u00e9dig\u00e9 par le Syndicat de la Magistrature. \/<br \/>\n          Cr\u00e9dits : Document StreetPress \/ Mediapart        <\/p>\n<p>Des dizaines de militants identifi\u00e9s <\/p>\n<p>Les premi\u00e8res perquisitions arrivent quelques mois plus tard, au milieu de la campagne pour les \u00e9lections l\u00e9gislatives anticip\u00e9es. Six des militants d\u2019extr\u00eame droite sont interpell\u00e9s. Parmi eux, Martin Escard, Benjamin Pamiseux, Stanislas Tyl \u2013 depuis promu porte-parole des Natifs \u2013, Constance D. et Gr\u00e9goire C., qui ont bien appliqu\u00e9 les consignes donn\u00e9es en mars. Les perquisitions ne donnent pas grand-chose, et les interrogatoires ou les exploitations de leurs t\u00e9l\u00e9phones non plus. <strong>Tous nient ou minimisent leur implication dans l\u2019action<\/strong>. C\u2019est celui qui avait transmis les consignes de s\u00e9curit\u00e9 qui les trahira\u00a0: Antoine Gongora, qui \u00e9tait \u00e0 l\u2019origine du projet, mais absent lors du d\u00e9ploiement de la banderole, n\u2019a pas fait le m\u00e9nage dans son t\u00e9l\u00e9phone. Les enqu\u00eateurs en extraient l\u2019int\u00e9gralit\u00e9 de ses \u00e9changes sur Telegram, qui d\u00e9voilent l\u2019organisation de l\u2019action, mais aussi du groupuscule entier. Dans ses contacts, des dizaines de militants \u00e9tiquet\u00e9s \u00ab\u00a0Natifs\u00a0\u00bb, des \u00e9changes de pr\u00e9paration des actions pr\u00e9c\u00e9dentes du groupuscule, la gestion de ses r\u00e9seaux sociaux\u2026<\/p>\n<p>\u00c0 partir de ces donn\u00e9es, une seconde vague de convocations plus large est envoy\u00e9e \u00e0 une quinzaine de militants des Natifs le 28 janvier 2025. Parmi eux, se trouvent un certain Thomas Brochant, qui officie comme responsable de la section parisienne de G\u00e9n\u00e9ration Z, l\u2019organisation de jeunesse de Reconqu\u00eate, le parti d\u2019\u00c9ric Zemmour, sous le pseudonyme Thomas Chambord, ou encore <strong>Marine de Cacqueray-Valmenier, la s\u0153ur du leader n\u00e9ofasciste multi-condamn\u00e9<\/strong> <a href=\"https:\/\/www.streetpress.com\/sujet\/1699454359-marc-cacqueray-valmenier-noble-nazi-gud-extreme-droite-division-martel-c9m-chatillon-loustau\" target=\"_blank\" rel=\"noopener\">Marc de Cacqueray-Valmenier<\/a>. Ses \u00e9changes avec Antoine Gongora d\u00e9montrent, selon les enqu\u00eateurs, son implication dans les Natifs, \u00ab\u00a0puisqu\u2019elle invite plusieurs membres \u00e0 son mariage et que son mari Louis-Marie Peyret Lacombe sera l\u2019un des noms communiqu\u00e9s \u00e0 la pr\u00e9fecture de police pour l\u2019organisation de la manifestation des Natifs suite au meurtre de <a href=\"https:\/\/www.streetpress.com\/sujet\/1706632675-fafleaks-audios-racontent-descente-raciste-romans-sur-isere-crepol-thomas-neonazis-darmanin\" target=\"_blank\" rel=\"noopener\">Thomas Perotto<\/a>.\u00a0\u00bb Elle invite m\u00eame les militants du groupuscule \u00e0 un barbecue dans le jardin de ses parents \u00e0 l\u2019\u00e9t\u00e9 2023. En garde \u00e0 vue, tous gardent le silence, \u00e0 l\u2019exception d\u2019un, qui raconte avoir quitt\u00e9 les Natifs suite \u00e0 cette action dont il ne connaissait pas la teneur avant d\u2019y participer. C\u2019est le seul qui ne sera pas jug\u00e9 ce mercredi 4 juin.<\/p>\n<blockquote>\n<p>\u00c0 LIRE AUSSI : <a href=\"https:\/\/www.streetpress.com\/sujet\/1706632675-fafleaks-audios-racontent-descente-raciste-romans-sur-isere-crepol-thomas-neonazis-darmanin\" target=\"_blank\" rel=\"noopener\">FafLeaks : les audios qui racontent la descente raciste de Romans-sur-Is\u00e8re<\/a><\/p>\n<\/blockquote>\n<p>\u00c0 une semaine de leur proc\u00e8s, les Natifs ont d\u00e9ploy\u00e9 une autre banderole \u00e0 Paris le 28 mai dernier\u00a0: \u00ab\u00a0Astrassi bouffon, les gwers te r\u00e9migreront\u00a0\u00bb, contre l\u2019humoriste Mustapha El Atrassi, qu\u2019ils accusent de racisme \u00ab\u00a0anti-blanc\u00a0\u00bb. <strong>C\u2019est Stanislas Tyl, qui doit compara\u00eetre ce mercredi 4 juin<\/strong>, qui s\u2019est pr\u00eat\u00e9 au porte-parolat des Natifs au micro de la station de radio d\u2019extr\u00eame droite Radio Courtoisie.<\/p>\n<p>Contact\u00e9s, Gis\u00e8le Lelouis, Monique Griseti, Caroline Colombier, Capucine Colombo, Constance D., Thomas Brochand et la f\u00e9d\u00e9ration parisienne de Reconqu\u00eate n\u2019ont pas donn\u00e9 suite \u00e0 nos sollicitations.<\/p>\n","protected":false},"excerpt":{"rendered":"\u00cele Saint-Louis dans le quatri\u00e8me arrondissement de Paris, le 8 mars 2024 \u2013 Une quinzaine de personnes se&hellip;\n","protected":false},"author":2,"featured_media":140290,"comment_status":"","ping_status":"","sticky":false,"template":"","format":"standard","meta":{"footnotes":""},"categories":[1888],"tags":[47,11,3625,1777,674,1011,27,1922,5180,12,626,316,25,5181,104,5179,5178],"class_list":{"0":"post-140289","1":"post","2":"type-post","3":"status-publish","4":"format-standard","5":"has-post-thumbnail","7":"category-paris","8":"tag-actualite","9":"tag-actualites","10":"tag-banlieue","11":"tag-eu","12":"tag-europe","13":"tag-fr","14":"tag-france","15":"tag-info","16":"tag-magazine-urbain","17":"tag-news","18":"tag-paris","19":"tag-politique","20":"tag-republique-francaise","21":"tag-site-participatif","22":"tag-societe","23":"tag-street-press","24":"tag-streetpress"},"share_on_mastodon":{"url":"https:\/\/pubeurope.com\/@fr\/114599225433579206","error":""},"_links":{"self":[{"href":"https:\/\/www.europesays.com\/fr\/wp-json\/wp\/v2\/posts\/140289","targetHints":{"allow":["GET"]}}],"collection":[{"href":"https:\/\/www.europesays.com\/fr\/wp-json\/wp\/v2\/posts"}],"about":[{"href":"https:\/\/www.europesays.com\/fr\/wp-json\/wp\/v2\/types\/post"}],"author":[{"embeddable":true,"href":"https:\/\/www.europesays.com\/fr\/wp-json\/wp\/v2\/users\/2"}],"replies":[{"embeddable":true,"href":"https:\/\/www.europesays.com\/fr\/wp-json\/wp\/v2\/comments?post=140289"}],"version-history":[{"count":0,"href":"https:\/\/www.europesays.com\/fr\/wp-json\/wp\/v2\/posts\/140289\/revisions"}],"wp:featuredmedia":[{"embeddable":true,"href":"https:\/\/www.europesays.com\/fr\/wp-json\/wp\/v2\/media\/140290"}],"wp:attachment":[{"href":"https:\/\/www.europesays.com\/fr\/wp-json\/wp\/v2\/media?parent=140289"}],"wp:term":[{"taxonomy":"category","embeddable":true,"href":"https:\/\/www.europesays.com\/fr\/wp-json\/wp\/v2\/categories?post=140289"},{"taxonomy":"post_tag","embeddable":true,"href":"https:\/\/www.europesays.com\/fr\/wp-json\/wp\/v2\/tags?post=140289"}],"curies":[{"name":"wp","href":"https:\/\/api.w.org\/{rel}","templated":true}]}}