{"id":140291,"date":"2025-05-30T22:49:15","date_gmt":"2025-05-30T22:49:15","guid":{"rendered":"https:\/\/www.europesays.com\/fr\/140291\/"},"modified":"2025-05-30T22:49:15","modified_gmt":"2025-05-30T22:49:15","slug":"psg-inter-milan-dispositif-policier-commerces-fermes-a-quoi-sattendre-ce-samedi-a-paris","status":"publish","type":"post","link":"https:\/\/www.europesays.com\/fr\/140291\/","title":{"rendered":"PSG-Inter Milan : dispositif policier, commerces ferm\u00e9s&#8230; \u00c0 quoi s&rsquo;attendre ce samedi \u00e0 Paris ?"},"content":{"rendered":"<p>Le PSG affronte l&rsquo;Inter Milan, ce samedi (21h en live comment\u00e9), pour tenter de remporter sa premi\u00e8re Ligue des champions.\u00c0 Paris, un important dispositif de s\u00e9curit\u00e9 se met en place pour \u00e9viter tout d\u00e9bordement.\u00c0 quoi faut-il s&rsquo;attendre dans la capitale et en \u00cele-de-France ?<a href=\"https:\/\/www.tf1info.fr\/actualite\/football-ligue-des-champions-2024-2025-une-nouvelle-ere-s-ouvre-psg-lille-monaco-brest-real-madrid-machester-city-13795\/\" rel=\"noopener\" class=\"jsx-3118104007 Link jsx-1428418400 jsx-2089987738\" target=\"_blank\"><\/p>\n<p style=\"font-weight:400\" class=\"jsx-1837267516\">Suivez la couverture compl\u00e8te<\/p>\n<p style=\"font-weight:800\" class=\"jsx-1837267516\">Ligue des champions 2024-2025 : le PSG en finale<\/p>\n<p><\/a><\/p>\n<p data-module=\"article-paragraph\" class=\"jsx-362436225 Paragraph\">Un dispositif XXL. Ce samedi 31 mai, le Paris Saint-Germain est \u00e0 Munich (Allemagne) pour y affronter l&rsquo;Inter Milan <a href=\"https:\/\/www.tf1info.fr\/sport\/psg-inter-milan-comment-les-italiens-voient-ils-la-finale-de-la-ligue-des-champions-revue-de-presse-italie-2374075.html\" target=\"_blank\" rel=\"noopener\">en finale de Ligue des champions<\/a> (21h en live comment\u00e9 sur TF1info). En France, et tout particuli\u00e8rement \u00e0 Paris, les autorit\u00e9s se pr\u00e9parent \u00e0 s\u00e9curiser les festivit\u00e9s en cas de premier sacre europ\u00e9en pour le club de la capitale.<\/p>\n<p data-module=\"article-paragraph\" class=\"jsx-362436225 Paragraph Paragraph__End\">Au total, \u00ab\u00a05.400 policiers et gendarmes seront engag\u00e9s sur l&rsquo;agglom\u00e9ration parisienne\u00a0\u00bb, d\u00e9taille la pr\u00e9fecture de police dans un communiqu\u00e9. \u00c0 Paris et en petite couronne, la vente d&rsquo;articles pyrotechniques est d&rsquo;ores et d\u00e9j\u00e0 interdite, tandis que les rassemblements non d\u00e9clar\u00e9s sont proscrits. Les personnes non munies de billets <a href=\"https:\/\/www.tf1info.fr\/sport\/football-psg-inter-milan-la-finale-de-la-ligue-des-champions-le-samedi-31-mai-2025-diffusee-au-parc-des-princes-2371898.html\" target=\"_blank\" rel=\"noopener\">pour le Parc des Princes<\/a>, o\u00f9 la finale sera retransmise sur \u00e9crans g\u00e9ants, sont invit\u00e9es \u00e0 ne pas se rendre au stade.<\/p>\n<p>Les commer\u00e7ants invit\u00e9s \u00e0 fermer<\/p>\n<p data-module=\"article-paragraph\" class=\"jsx-362436225 Paragraph\">Sur <a href=\"https:\/\/www.tf1info.fr\/justice-faits-divers\/supporters-du-psg-paris-sain-germain-ligue-champions-percutes-sur-les-champs-elysees-le-chauffeur-de-vtc-a-panique-et-va-porter-plainte-pour-menaces-2369889.html\" target=\"_blank\" rel=\"noopener\">les Champs-\u00c9lys\u00e9es<\/a>, qui pourraient \u00eatre pris d&rsquo;assaut en cas de sacre du PSG, la vigilance est \u00e9galement de vigueur. \u00ab\u00a0De nombreux contr\u00f4les et fouilles seront effectu\u00e9s\u00a0\u00bb, pr\u00e9vient la pr\u00e9fecture de police. La place de l&rsquo;\u00c9toile sera ferm\u00e9e \u00e0 la circulation comme aux pi\u00e9tons d\u00e8s la mi-journ\u00e9e, puis toute l&rsquo;avenue et les voies adjacentes suivront \u00e0 18h, trois heures avant le coup d&rsquo;envoi.<\/p>\n<p data-module=\"article-paragraph\" class=\"jsx-362436225 Paragraph Paragraph__End\">Face aux risques de d\u00e9bordements, les commer\u00e7ants &#8211; \u00e0 l&rsquo;exception des h\u00f4tels &#8211; devront fermer leurs portes d\u00e8s 19h. \u00ab\u00a0Une s\u00e9curisation fixe et rapproch\u00e9e des commerces de l&rsquo;avenue des Champs-\u00c9lys\u00e9es sera assur\u00e9e avec un positionnement des forces de l&rsquo;ordre en protection directe sur une grande partie des vitrines\u00a0\u00bb, poursuit la pr\u00e9fecture de police. De nombreuses <a href=\"https:\/\/www.tf1info.fr\/transports\/paris-ratp-lignes-de-metro-5-9-11-12-renforcees-le-week-end-face-a-la-hausse-de-la-frequentation-2368049.html\" target=\"_blank\" rel=\"noopener\">stations de m\u00e9tro<\/a> et de RER resteront portes closes et ne seront pas desservies.<\/p>\n<p>1h30 de parade en cas de victoire ?<\/p>\n<p data-module=\"article-paragraph\" class=\"jsx-362436225 Paragraph Paragraph__End\">Outre la capitale, \u00ab\u00a0les forces de l&rsquo;ordre seront \u00e9galement mobilis\u00e9es sur les lieux habituels de rassemblements en petite couronne\u00a0\u00bb, fait-elle savoir. Ce sera aussi le cas \u00ab\u00a0dans les gares, stations et lignes susceptibles d&rsquo;accueillir des supporters\u00a0\u00bb. Des policiers en civil pourront par ailleurs \u00eatre d\u00e9ploy\u00e9s sur la voie publique et dans les transports en commun.<\/p>\n<ul class=\"jsx-3657663356 ReadMoreArticle__List flex flex-column\">\n<li class=\"jsx-3657663356\"><a href=\"https:\/\/www.tf1info.fr\/sport\/football-finale-psg-inter-milan-y-aura-t-il-une-etoile-sur-le-maillot-parisien-si-paris-gagne-la-ligue-des-champions-2373592.html\" rel=\"noopener\" class=\"jsx-4233824444 Link flex\" target=\"_blank\"><img decoding=\"async\" src=\"https:\/\/www.europesays.com\/fr\/wp-content\/uploads\/2025\/05\/fabian-ruiz-psg-arsenal-football-mai-2025-2ae28d-0@1x.jpeg\" alt=\"Fabian Ruiz c\u00e9l\u00e8bre contre Arsenal, le 7 mai 2025, au Parc des Princes.\" loading=\"lazy\" importance=\"low\" fetchpriority=\"low\" class=\"\"\/>\n<p class=\"jsx-3657663356 ReadMoreArticle__Title\">Lire aussi<\/p>\n<p class=\"jsx-3657663356\">Le PSG portera-t-il une \u00e9toile sur son maillot s&rsquo;il gagne la Ligue des champions ?<\/p>\n<p><\/a><\/li>\n<\/ul>\n<p data-module=\"article-paragraph\" class=\"jsx-362436225 Paragraph Paragraph__End\">Le lendemain, si le PSG inscrit pour la premi\u00e8re fois son nom au palmar\u00e8s de la plus prestigieuse des comp\u00e9titions de clubs, une parade sera organis\u00e9e sur les Champs-\u00c9lys\u00e9es. \u00ab\u00a0\u00c0 compter de 17h et jusqu&rsquo;aux environs de 18h30, l&rsquo;\u00e9quipe victorieuse remontera l&rsquo;avenue (&#8230;) en pr\u00e9sence d&rsquo;un public sans invitation\u00a0\u00bb, pr\u00e9cise la pr\u00e9fecture de police. Un p\u00e9rim\u00e8tre sera ainsi mis en place d\u00e8s 6h. Seules les personnes acceptant d&rsquo;\u00eatre fouill\u00e9es, \u00ab\u00a0avec sac ouvert\u00a0\u00bb, pourront s&rsquo;y rendre.<\/p>\n<p>I.N<\/p>\n","protected":false},"excerpt":{"rendered":"Le PSG affronte l&rsquo;Inter Milan, ce samedi (21h en live comment\u00e9), pour tenter de remporter sa premi\u00e8re Ligue&hellip;\n","protected":false},"author":2,"featured_media":140292,"comment_status":"","ping_status":"","sticky":false,"template":"","format":"standard","meta":{"footnotes":""},"categories":[1888],"tags":[1111,11,1921,1777,674,63,1011,27,662,1922,447,24553,12,626,1072,93,25,133,5010],"class_list":{"0":"post-140291","1":"post","2":"type-post","3":"status-publish","4":"format-standard","5":"has-post-thumbnail","7":"category-paris","8":"tag-actu","9":"tag-actualites","10":"tag-article-video","11":"tag-eu","12":"tag-europe","13":"tag-football","14":"tag-fr","15":"tag-france","16":"tag-ile-de-france","17":"tag-info","18":"tag-ligue-des-champions","19":"tag-ligue-des-champions-2024-2025-le-psg-en-finale","20":"tag-news","21":"tag-paris","22":"tag-police","23":"tag-psg","24":"tag-republique-francaise","25":"tag-video","26":"tag-video-sujets-de-societe"},"share_on_mastodon":{"url":"https:\/\/pubeurope.com\/@fr\/114599229112985269","error":""},"_links":{"self":[{"href":"https:\/\/www.europesays.com\/fr\/wp-json\/wp\/v2\/posts\/140291","targetHints":{"allow":["GET"]}}],"collection":[{"href":"https:\/\/www.europesays.com\/fr\/wp-json\/wp\/v2\/posts"}],"about":[{"href":"https:\/\/www.europesays.com\/fr\/wp-json\/wp\/v2\/types\/post"}],"author":[{"embeddable":true,"href":"https:\/\/www.europesays.com\/fr\/wp-json\/wp\/v2\/users\/2"}],"replies":[{"embeddable":true,"href":"https:\/\/www.europesays.com\/fr\/wp-json\/wp\/v2\/comments?post=140291"}],"version-history":[{"count":0,"href":"https:\/\/www.europesays.com\/fr\/wp-json\/wp\/v2\/posts\/140291\/revisions"}],"wp:featuredmedia":[{"embeddable":true,"href":"https:\/\/www.europesays.com\/fr\/wp-json\/wp\/v2\/media\/140292"}],"wp:attachment":[{"href":"https:\/\/www.europesays.com\/fr\/wp-json\/wp\/v2\/media?parent=140291"}],"wp:term":[{"taxonomy":"category","embeddable":true,"href":"https:\/\/www.europesays.com\/fr\/wp-json\/wp\/v2\/categories?post=140291"},{"taxonomy":"post_tag","embeddable":true,"href":"https:\/\/www.europesays.com\/fr\/wp-json\/wp\/v2\/tags?post=140291"}],"curies":[{"name":"wp","href":"https:\/\/api.w.org\/{rel}","templated":true}]}}