{"id":140297,"date":"2025-05-30T22:52:10","date_gmt":"2025-05-30T22:52:10","guid":{"rendered":"https:\/\/www.europesays.com\/fr\/140297\/"},"modified":"2025-05-30T22:52:10","modified_gmt":"2025-05-30T22:52:10","slug":"ce-quil-faut-retenir-de-la-conference-de-presse-commune-avec-trump","status":"publish","type":"post","link":"https:\/\/www.europesays.com\/fr\/140297\/","title":{"rendered":"ce qu&rsquo;il faut retenir de la conf\u00e9rence de presse commune avec Trump"},"content":{"rendered":"<p>  Une cl\u00e9 de remerciement<\/p>\n<p><a href=\"https:\/\/www.ledauphine.com\/p\/donald-trump\" target=\"_blank\" rel=\"nofollow noopener\">Donald Trump<\/a> a d\u00e9clar\u00e9 que selon lui <a href=\"https:\/\/www.ledauphine.com\/p\/elon-musk\" target=\"_blank\" rel=\"nofollow noopener\">Elon Musk<\/a> est \u00ab\u00a0un des plus grands capitaines d&rsquo;industrie du monde \u00bb. \u00ab\u00a0Il a pris les r\u00eanes de notre plus grande r\u00e9forme du pays\u00a0\u00bb, a-t-il ajout\u00e9 en faisant r\u00e9f\u00e9rence aux coupes budg\u00e9taires annonc\u00e9es dans le cadre du programme\u00a0de sa Commission pour l&rsquo;efficacit\u00e9 gouvernementale (Doge).<\/p>\n<p>Selon une estimation de The Atlantic, cette commission n&rsquo;a pourtant permis de r\u00e9aliser que 2 milliards de dollars d&rsquo;\u00e9conomie, soit 1000 fois moins que l&rsquo;objectif fix\u00e9.\u00a0\u00ab\u00a0Cela prendra du temps\u00a0\u00bb, a-t-il cette fois temp\u00e9r\u00e9.<\/p>\n<p>Le propri\u00e9taire du r\u00e9seau social X s&rsquo;est ensuite vu remettre une cl\u00e9 de la Maison Blanche, un cadeau remis \u00e0 certains chefs d&rsquo;\u00c9tat. \u00ab\u00a0C&rsquo;est un g\u00e9nie, le pays tout entier est derri\u00e8re lui\u00a0\u00bb, a d\u00e9clar\u00e9 Donald Trump.<\/p>\n<p>  Musk\u00a0\u00ab continuera \u00e0 \u00eatre un ami et un conseiller \u00bb de Trump<\/p>\n<p>Elon Musk a assur\u00e9 qu&rsquo;il \u00ab\u00a0se r\u00e9jouissait de continuer \u00e0 \u00eatre un ami et un conseiller\u00a0\u00bb. \u00ab\u00a0Je serai toujours l\u00e0 pour le pr\u00e9sident s&rsquo;il le souhaite [&#8230;] S&rsquo;il souhaite me donner une mission je la ferai\u00a0\u00bb, a-t-il ajout\u00e9.<\/p>\n<p>L&rsquo;entrepreneur portait une casquette et affichait un oeil au beurre noir. Interrog\u00e9 sur cette blessure, Elon Musk a affirm\u00e9 qu&rsquo;il a \u00e9t\u00e9 frapp\u00e9 au visage par son fils de cinq ans alors qu&rsquo;ils \u00ab\u00a0s&rsquo;amusaient\u00a0\u00bb.<\/p>\n<p>Les Macron \u00ab\u00a0vont bien\u00a0\u00bb<\/p>\n<p>A un journaliste qui lui demandait quel conseil conjugal il pouvait prodiguer, apr\u00e8s une sc\u00e8ne film\u00e9e \u00e0 la sortie d&rsquo;un avion o\u00f9 on voit les mains de l&rsquo;\u00e9pouse du pr\u00e9sident fran\u00e7ais se tendre vivement vers le visage de son mari, Donald Trump a d&rsquo;abord souri: \u00ab Il faut s&rsquo;assurer que la porte est bien ferm\u00e9e \u00bb, a-t-il d\u00e9clar\u00e9. Puis il a ajout\u00e9: \u00ab Je lui ai parl\u00e9, et il va bien, ils vont bien \u00bb.<\/p>\n<p>Ce contenu est bloqu\u00e9 car vous n&rsquo;avez pas accept\u00e9 les cookies et autres traceurs.<\/p>\n<p>En cliquant sur \u00ab J\u2019accepte \u00bb, les cookies et autres traceurs seront d\u00e9pos\u00e9s et vous pourrez visualiser les contenus  (<a href=\"\" class=\"consentModule_policy\" target=\"_blank\" title=\"Consulter la politique de protection des donn\u00e9es du fournisseur\">plus d&rsquo;informations<\/a>).<\/p>\n<p>En cliquant sur \u00ab J\u2019accepte tous les cookies \u00bb, vous autorisez des d\u00e9p\u00f4ts de cookies et autres traceurs pour le stockage de vos donn\u00e9es sur nos sites et applications \u00e0 des fins de personnalisation et de ciblage publicitaire.<\/p>\n<p class=\"consentModule_secondaryText\">Vous gardez la possibilit\u00e9 de retirer votre consentement \u00e0 tout moment en consultant notre <a href=\"https:\/\/www.ledauphine.com\/protection-des-donnees\" target=\"_blank\" title=\"Consulter notre politique de protection des donn\u00e9es\" rel=\"nofollow noopener\">politique de protection des donn\u00e9es<\/a>. <br \/>&#13;<br \/>\n            <a href=\"https:\/\/www.ledauphine.com\/politique\/2025\/05\/30\/javascript:Didomi.notice.show()\" class=\"consentModule_cmp\" rel=\"nofollow noopener\" target=\"_blank\">G\u00e9rer mes choix<\/a>&#13;\n        <\/p>\n<p>&#13;<br \/>\n                        J&rsquo;accepte&#13;<br \/>\n            J&rsquo;accepte tous les cookies&#13;\n        <\/p>\n<p>\u00ab Ce sont de tr\u00e8s bonnes personnes, je les connais tr\u00e8s bien. Je ne sais pas ce qui s&rsquo;est pass\u00e9&#8230; Mais je les connais tr\u00e8s bien et ils vont bien \u00bb, a poursuivi M. Trump.<\/p>\n<p>Peu apr\u00e8s, Elon Musk, pr\u00e9sent aux c\u00f4t\u00e9s du pr\u00e9sident am\u00e9ricain dans le Bureau ovale, a \u00e9galement plaisant\u00e9 sur la situation. Le milliardaire pr\u00e9sentait en effet un oeil au beurre noir \u00e0 son c\u00f4t\u00e9 droit: \u00ab Je n&rsquo;\u00e9tais pas du tout \u00e0 proximit\u00e9 de la France \u00bb, a-t-il d\u00e9clar\u00e9.<\/p>\n<p>\u00ab Je m&rsquo;amusais avec le petit X (un de ses enfants, ndlr), et je lui ai dit de me frapper au visage. Et il l&rsquo;a fait. Il s&rsquo;av\u00e8re que m\u00eame un enfant de cinq ans qui vous donne un coup de poing au visage, c&rsquo;est&#8230; \u00bb, a-t-il souri en haussant les \u00e9paules. \u00ab C&rsquo;est X qui l&rsquo;a fait ? X pourrait le faire, si vous connaissiez X \u00bb, a encha\u00een\u00e9 Donald Trump.<\/p>\n","protected":false},"excerpt":{"rendered":"Une cl\u00e9 de remerciement Donald Trump a d\u00e9clar\u00e9 que selon lui Elon Musk est \u00ab\u00a0un des plus grands&hellip;\n","protected":false},"author":2,"featured_media":140298,"comment_status":"","ping_status":"","sticky":false,"template":"","format":"standard","meta":{"footnotes":""},"categories":[1589],"tags":[11,73,1866,107,329,12,316,767,1864,1865,1863,308],"class_list":{"0":"post-140297","1":"post","2":"type-post","3":"status-publish","4":"format-standard","5":"has-post-thumbnail","7":"category-etats-unis","8":"tag-actualites","9":"tag-etats-unis","10":"tag-etats-unis-damerique","11":"tag-fil-info","12":"tag-france-monde","13":"tag-news","14":"tag-politique","15":"tag-science-et-technologie","16":"tag-united-states","17":"tag-united-states-of-america","18":"tag-us","19":"tag-usa"},"share_on_mastodon":{"url":"https:\/\/pubeurope.com\/@fr\/114599240886220899","error":""},"_links":{"self":[{"href":"https:\/\/www.europesays.com\/fr\/wp-json\/wp\/v2\/posts\/140297","targetHints":{"allow":["GET"]}}],"collection":[{"href":"https:\/\/www.europesays.com\/fr\/wp-json\/wp\/v2\/posts"}],"about":[{"href":"https:\/\/www.europesays.com\/fr\/wp-json\/wp\/v2\/types\/post"}],"author":[{"embeddable":true,"href":"https:\/\/www.europesays.com\/fr\/wp-json\/wp\/v2\/users\/2"}],"replies":[{"embeddable":true,"href":"https:\/\/www.europesays.com\/fr\/wp-json\/wp\/v2\/comments?post=140297"}],"version-history":[{"count":0,"href":"https:\/\/www.europesays.com\/fr\/wp-json\/wp\/v2\/posts\/140297\/revisions"}],"wp:featuredmedia":[{"embeddable":true,"href":"https:\/\/www.europesays.com\/fr\/wp-json\/wp\/v2\/media\/140298"}],"wp:attachment":[{"href":"https:\/\/www.europesays.com\/fr\/wp-json\/wp\/v2\/media?parent=140297"}],"wp:term":[{"taxonomy":"category","embeddable":true,"href":"https:\/\/www.europesays.com\/fr\/wp-json\/wp\/v2\/categories?post=140297"},{"taxonomy":"post_tag","embeddable":true,"href":"https:\/\/www.europesays.com\/fr\/wp-json\/wp\/v2\/tags?post=140297"}],"curies":[{"name":"wp","href":"https:\/\/api.w.org\/{rel}","templated":true}]}}