{"id":140303,"date":"2025-05-30T22:55:09","date_gmt":"2025-05-30T22:55:09","guid":{"rendered":"https:\/\/www.europesays.com\/fr\/140303\/"},"modified":"2025-05-30T22:55:09","modified_gmt":"2025-05-30T22:55:09","slug":"le-patron-de-ryanair-pourrait-toucher-lun-des-plus-gros-bonus-jamais-verses-en-europe","status":"publish","type":"post","link":"https:\/\/www.europesays.com\/fr\/140303\/","title":{"rendered":"Le patron de Ryanair pourrait toucher l\u2019un des plus gros bonus jamais vers\u00e9s en Europe"},"content":{"rendered":"<p>        <img decoding=\"async\" loading=\"lazy\" src=\"https:\/\/www.europesays.com\/fr\/wp-content\/uploads\/2025\/05\/fafbb91_1658615686148-5e50e365260000fd06b5f819.jpeg\"  width=\"728\" height=\"409\" alt=\"Le patron de Ryanair Michael O\u2019Leary (ici en octobre 2018) pourrait toucher l\u2019un des plus gros bonus jamais vers\u00e9s en Europe\"\/>  <\/p>\n<p>LAURIE DIEFFEMBACQ via Getty Images<\/p>\n<p>Le patron de Ryanair Michael O\u2019Leary (ici en octobre 2018) pourrait toucher l\u2019un des plus gros bonus jamais vers\u00e9s en Europe<\/p>\n<p class=\"asset asset-text\">GRANDS PATRONS &#8211; De quoi se payer de tr\u00e8s belles vacances au soleil. Le directeur g\u00e9n\u00e9ral de la compagnie Ryanair, Michael O\u2019Leary, pourrait toucher une prime \u00e9norme de 100\u00a0millions d\u2019euros s\u2019il va jusqu\u2019au bout de son contrat qui s\u2019ach\u00e8ve en juillet\u00a02028. Il s\u2019agirait d\u2019une des plus grosses r\u00e9mun\u00e9rations pour un dirigeant d\u2019entreprise europ\u00e9enne au cours des derni\u00e8res ann\u00e9es, rapporte l\u2019agence <a href=\"https:\/\/www.bloomberg.com\/news\/articles\/2025-05-29\/ryanair-boss-poised-for-100-million-payout-as-shares-hit-target\" target=\"_blank\" rel=\"noopener\" title=\"Nouvelle fen\u00eatre\">Bloomberg<\/a>.<\/p>\n<p class=\"asset asset-text\">Mais d\u2019o\u00f9 vient ce pactole\u00a0? Il s\u2019explique par une promesse du conseil d\u2019administration de Ryanair qui avait promis au PDG, en 2019\u00a0puis en 2022, une gratification exceptionnelle si l\u2019action de l\u2019entreprise cl\u00f4turait pendant 28\u00a0jours de suite au-dessus des 21\u00a0euros. Dans un contexte \u00e9conomique particulier \u2013 marqu\u00e9 notamment par la baisse du baril de p\u00e9trole avec les annonces de Donald Trump \u2013 Michael O\u2019Leary a remport\u00e9 son pari\u2026 et le gros lot. Il pourra \u00ab\u00a0acheter des actions de l\u2019entreprise \u00e0 prix low cost, mais sans frais additionnels\u00a0\u00bb, r\u00e9sume <a href=\"https:\/\/www.lemonde.fr\/economie\/article\/2025\/05\/30\/pour-michael-o-leary-patron-de-ryanair-un-bonus-bien-parti-pour-etre-l-un-des-plus-plantureux-jamais-alloues-en-europe_6609319_3234.html\" target=\"_blank\" rel=\"noopener\" title=\"Nouvelle fen\u00eatre\">Le Monde<\/a>.<\/p>\n<p class=\"asset asset-text\">Au cours d\u2019une conf\u00e9rence t\u00e9l\u00e9phonique avec des analystes, le patron de Ryanair a fait valoir que \u00ab\u00a0les footballeurs et les dirigeants de Premier League [anglaise] gagnent entre 20\u00a0et 25\u00a0millions par an\u00a0\u00bb, assurant qu\u2019il compte rester \u00ab\u00a0jusqu\u2019en 2028\u00a0pour continuer \u00e0 produire des r\u00e9sultats avant de pouvoir obtenir ces options d\u2019achat d\u2019actions\u00a0\u00bb.<\/p>\n<p>    Plus de 30\u00a0ans pass\u00e9s \u00e0 diriger Ryanair    <\/p>\n<p class=\"asset asset-text\">Michael O\u2019Leary est \u00e0 la t\u00eate de la compagnie a\u00e9rienne depuis d\u00e9j\u00e0 plus de 30\u00a0ans, une long\u00e9vit\u00e9 rare dans le secteur. Sous sa gouvernance, Ryanair est pass\u00e9 de compagnie r\u00e9gionale \u00e0 un v\u00e9ritable leader europ\u00e9en des vols \u00e0 bas co\u00fbts, moyennant des frais suppl\u00e9mentaires qui vont du choix du si\u00e8ge au transport de bagages. Pour autant, l\u2019annonce du bonus de 100\u00a0millions d\u2019euros a fait r\u00e9agir les analystes et les consultants, rel\u00e8ve Bloomberg.<\/p>\n<p class=\"asset asset-text\">\u00ab\u00a0Quelle que soit la r\u00e9ussite d\u2019une entreprise ou l\u2019efficacit\u00e9 de son dirigeant, la contribution d\u2019un individu ne sera jamais assez importante pour m\u00e9riter une prime de 100\u00a0millions d\u2019euros\u00a0\u00bb, a notamment estim\u00e9 le think thank High Pay Center, qui suit les r\u00e9mun\u00e9rations des grands patrons. \u00ab\u00a0C\u2019est d\u2019autant plus vrai que la plupart des employ\u00e9s de Ryanair \u2013 qui jouent \u00e9galement un r\u00f4le crucial dans le succ\u00e8s de l\u2019entreprise, ne gagneront probablement qu\u2019une fraction de cette somme tout au long de leur vie professionnelle\u00a0\u00bb, fait valoir le groupe de r\u00e9flexion.<\/p>\n","protected":false},"excerpt":{"rendered":"LAURIE DIEFFEMBACQ via Getty Images Le patron de Ryanair Michael O\u2019Leary (ici en octobre 2018) pourrait toucher l\u2019un&hellip;\n","protected":false},"author":2,"featured_media":140304,"comment_status":"","ping_status":"","sticky":false,"template":"","format":"standard","meta":{"footnotes":""},"categories":[1586],"tags":[11,33,1777,674,1011,27,346,12,26779,25,8683],"class_list":{"0":"post-140303","1":"post","2":"type-post","3":"status-publish","4":"format-standard","5":"has-post-thumbnail","7":"category-europe","8":"tag-actualites","9":"tag-economie","10":"tag-eu","11":"tag-europe","12":"tag-fr","13":"tag-france","14":"tag-grands-patrons","15":"tag-news","16":"tag-remuneration","17":"tag-republique-francaise","18":"tag-ryanair"},"share_on_mastodon":{"url":"https:\/\/pubeurope.com\/@fr\/114599252771231090","error":""},"_links":{"self":[{"href":"https:\/\/www.europesays.com\/fr\/wp-json\/wp\/v2\/posts\/140303","targetHints":{"allow":["GET"]}}],"collection":[{"href":"https:\/\/www.europesays.com\/fr\/wp-json\/wp\/v2\/posts"}],"about":[{"href":"https:\/\/www.europesays.com\/fr\/wp-json\/wp\/v2\/types\/post"}],"author":[{"embeddable":true,"href":"https:\/\/www.europesays.com\/fr\/wp-json\/wp\/v2\/users\/2"}],"replies":[{"embeddable":true,"href":"https:\/\/www.europesays.com\/fr\/wp-json\/wp\/v2\/comments?post=140303"}],"version-history":[{"count":0,"href":"https:\/\/www.europesays.com\/fr\/wp-json\/wp\/v2\/posts\/140303\/revisions"}],"wp:featuredmedia":[{"embeddable":true,"href":"https:\/\/www.europesays.com\/fr\/wp-json\/wp\/v2\/media\/140304"}],"wp:attachment":[{"href":"https:\/\/www.europesays.com\/fr\/wp-json\/wp\/v2\/media?parent=140303"}],"wp:term":[{"taxonomy":"category","embeddable":true,"href":"https:\/\/www.europesays.com\/fr\/wp-json\/wp\/v2\/categories?post=140303"},{"taxonomy":"post_tag","embeddable":true,"href":"https:\/\/www.europesays.com\/fr\/wp-json\/wp\/v2\/tags?post=140303"}],"curies":[{"name":"wp","href":"https:\/\/api.w.org\/{rel}","templated":true}]}}