{"id":140309,"date":"2025-05-30T22:58:11","date_gmt":"2025-05-30T22:58:11","guid":{"rendered":"https:\/\/www.europesays.com\/fr\/140309\/"},"modified":"2025-05-30T22:58:11","modified_gmt":"2025-05-30T22:58:11","slug":"beaucoup-de-fierte-detre-ici-en-finale","status":"publish","type":"post","link":"https:\/\/www.europesays.com\/fr\/140309\/","title":{"rendered":"\u00ab Beaucoup de fiert\u00e9 d\u2019\u00eatre ici en finale \u00bb &#8211;"},"content":{"rendered":"<p>Demain soir (21 heures, Canal Plus, M6), le PSG affronte<br \/>\nl\u2019Inter Milan en finale de la Ligue des champions. \u00c0 la veille de<br \/>\ncette rencontre, Luis Enrique, Marquinhos et Ousmane Demb\u00e9l\u00e9 se<br \/>\nsont pr\u00e9sent\u00e9s en conf\u00e9rence de presse.\u00a0<\/p>\n<p>Apr\u00e8s avoir \u00e9limin\u00e9 <strong>Arsenal<\/strong> en demi-finale de<br \/>\nla <strong>Ligue des champions<\/strong>, le <strong>PSG<\/strong><br \/>\nretrouve l\u2019<strong><a href=\"https:\/\/canal-supporters.com\/ldc-la-conference-de-presse-de-simone-inzaghi-lautaro-martinez-et-nicolo-barella-avant-la-finale-face-au-psg\/\" title=\"\" rel=\"nofollow noopener\" target=\"_blank\">Inter Milan<\/a><\/strong> en finale. Comme c\u2019est de coutume<br \/>\navant chaque rencontre, <strong>Luis Enrique<\/strong> s\u2019est<br \/>\npr\u00e9sent\u00e9 en <a href=\"https:\/\/www.youtube.com\/watch?v=-8VHTJznOr8\" target=\"_blank\" rel=\"noopener nofollow\" title=\"\">conf\u00e9rence de presse<\/a>.<br \/>\nMais a \u00e9v\u00e8nement exceptionnel, dispositif exceptionnel avec la<br \/>\npr\u00e9sence de deux joueurs au c\u00f4t\u00e9 du coach, <strong>Ousmane<br \/>\nDemb\u00e9l\u00e9<\/strong> et<br \/>\n<strong>Marquinhos<\/strong>.\u00a0L\u2019international fran\u00e7ais a \u00e9voqu\u00e9<br \/>\ncette finale, le <strong>Ballon d\u2019Or<\/strong>, <strong>Khvicha<br \/>\nKvaratskhelia<\/strong>\u2026<\/p>\n<p>L\u2019importance<br \/>\nd\u2019une finale de la Ligue des champions<\/p>\n<p>\u00ab\u00a0Beaucoup de fiert\u00e9 d\u2019\u00eatre ici en finale. On a<br \/>\n\u00e9norm\u00e9ment travaill\u00e9, \u00e7a n\u2019a pas \u00e9t\u00e9 facile, surtout en d\u00e9but de<br \/>\nsaison en <strong>Ligue des champions<\/strong>. On a su changer<br \/>\ncette dynamique, surtout en deuxi\u00e8me partie de saison. C\u2019est que du<br \/>\nplaisir, car tu ne sais pas si tu vivras des moments comme<br \/>\n\u00e7a.\u00a0\u00bb<\/p>\n<p>Le Ballon<br \/>\nd\u2019Or<\/p>\n<p><strong>Demb\u00e9l\u00e9<\/strong> : \u00ab\u00a0La chose la plus<br \/>\nimportante, c\u2019est gagner cette <strong>Ligue des<br \/>\nchampions<\/strong>. Je suis focalis\u00e9 sur l\u2019\u00e9quipe et pas les<br \/>\ntroph\u00e9es individuels. Je pense surtout au<br \/>\ncollectif.\u00a0\u00bb<\/p>\n<p>Ce qui a chang\u00e9<br \/>\ndepuis le match contre le Bayern ?<\/p>\n<p>\u00ab\u00a0C\u2019\u00e9tait un match difficile, surtout dans ce stade.<br \/>\nJ\u2019ai toujours eu des matchs compliqu\u00e9s. Il fallait changer la<br \/>\ndynamique, il fallait \u00e9lever son niveau. Je suis content de ce<br \/>\nqu\u2019on a fait.\u00a0\u00bb<\/p>\n<p>La gestion des<br \/>\n\u00e9motions pour la finale<\/p>\n<p>\u00ab\u00a0Il faudra contr\u00f4ler les \u00e9motions. Il y a \u00e9norm\u00e9ment<br \/>\nd\u2019excitation sur cette finale de <strong>Ligue des<br \/>\nchampions<\/strong>. On est excit\u00e9, mais comme on l\u2019a r\u00e9p\u00e9t\u00e9 cette<br \/>\nsemaine, il faudra contr\u00f4ler ses \u00e9motions avec calme, s\u00e9rieux et le<br \/>\nsourire. Ce sont des moments incroyables. C\u2019est l\u2019une des cl\u00e9s de<br \/>\ndemain.\u00a0\u00bb<\/p>\n<p>La particularit\u00e9<br \/>\nde l\u2019Inter Milan<\/p>\n<p>\u00ab\u00a0C\u2019est une belle \u00e9quipe, ils m\u00e9ritent d\u2019\u00eatre en<br \/>\nfinale. Ils se connaissent par c\u0153ur. Ils savent bien d\u00e9fendre,<br \/>\nattaquer, faire le dos rond pendant le match. Il faudra \u00eatre<br \/>\ns\u00e9rieux jusqu\u2019au bout. Un seul moment de d\u00e9concentration, tu peux<br \/>\nle payer cash.\u00a0\u00bb<\/p>\n<p>Son exp\u00e9rience<br \/>\nen finale<\/p>\n<p>\u00ab\u00a0En 2018, tout s\u2019est bien pass\u00e9. Une autre o\u00f9 j\u2019ai \u00e9t\u00e9<br \/>\nmauvais. Je pr\u00e9pare tr\u00e8s bien cette finale. Depuis tout petit, je<br \/>\nr\u00eave de jouer ces matchs. Je la pr\u00e9pare avec calme, s\u00e9rieux. Je<br \/>\ndois rester concentr\u00e9 sur le jeu, l\u2019\u00e9quipe. Pas que sur moi.<br \/>\nJ\u2019esp\u00e8re faire un grand match.\u00a0\u00bb<\/p>\n<p>Kvaratskhelia<\/p>\n<p>\u00ab\u00a0On ne parlera pas de strat\u00e9gie. <strong><a href=\"https:\/\/canal-supporters.com\/ldc-kvaratskhelia-je-suis-heureux-detre-ici-et-davoir-cette-opportunite-cest-comme-un-reve\/\" title=\"\" rel=\"nofollow noopener\" target=\"_blank\">Kvara<\/a><\/strong> s\u2019est bien adapt\u00e9. C\u2019est un joueur avec<br \/>\nbeaucoup de talent qui comprend vite les choses. Demain sera un<br \/>\nmatch avec beaucoup de tensions. On sait l\u2019excitation, surtout avec<br \/>\nle peuple parisien, pour cette finale.\u00a0\u00bb<\/p>\n<p>A voir aussi : <a href=\"https:\/\/canal-supporters.com\/ldc-un-onze-sans-surprise-du-cote-de-linter-milan\/\" title=\"\" rel=\"nofollow noopener\" target=\"_blank\">LDC \u2013 Un onze sans surprise du c\u00f4t\u00e9 de l\u2019Inter Milan<br \/>\n?<\/a><\/p>\n<p><a href=\"https:\/\/x.com\/CanalSupporters\" target=\"_blank\" rel=\"noopener nofollow\" title=\"\">canalsupporters.com<\/a><\/p>\n<p>Un PSG meilleur<br \/>\nsans Mbapp\u00e9 ?<\/p>\n<p>\u00ab\u00a0Peut-\u00eatre avec <strong>Kylian Mbapp\u00e9<\/strong>, on<br \/>\nserait encore plus fort aussi. On ne sait pas ce qu\u2019il pourrait se<br \/>\npasser. <strong>Mbapp\u00e9<\/strong> avait un r\u00eave : \u00a0jouer au<br \/>\n<strong>Real Madrid<\/strong>. Le <strong>PSG<\/strong> a continu\u00e9<br \/>\nson chemin. Il y a un avant et un apr\u00e8s <strong>Kylian<br \/>\nMbapp\u00e9<\/strong>. On lui souhaite bonne chance. Nous, on s\u2019est<br \/>\nconcentr\u00e9 sur nous, sur la saison qu\u2019on voulait<br \/>\nfaire.\u00a0\u00bb<\/p>\n<p>L\u2019importance de<br \/>\nLuis Enrique<\/p>\n<p>\u00ab\u00a0Avec <strong>Luis Enrique<\/strong>, j\u2019ai toujours eu<br \/>\nsa confiance. Sur la position de 9, je la connais depuis que j\u2019ai<br \/>\nd\u00e9but\u00e9 en pro. Le coach me laisse beaucoup de libert\u00e9s. J\u2019essaie de<br \/>\ncr\u00e9er du d\u00e9s\u00e9quilibre chez l\u2019adversaire. Il faut les rendre fous.<br \/>\nJe me suis bien adapt\u00e9.\u00a0\u00bb<\/p><\/p>\n","protected":false},"excerpt":{"rendered":"Demain soir (21 heures, Canal Plus, M6), le PSG affronte l\u2019Inter Milan en finale de la Ligue des&hellip;\n","protected":false},"author":2,"featured_media":140310,"comment_status":"","ping_status":"","sticky":false,"template":"","format":"standard","meta":{"footnotes":""},"categories":[2],"tags":[11,786,81,448,1153,12732,2396,1011,27,13297,26782,789,447,12,2782,626,91,92,93,25,795,796,96],"class_list":{"0":"post-140309","1":"post","2":"type-post","3":"status-publish","4":"format-standard","5":"has-post-thumbnail","7":"category-actualites","8":"tag-actualites","9":"tag-c1","10":"tag-canal-supporters","11":"tag-champions-league","12":"tag-conference-de-presse","13":"tag-dembele","14":"tag-finale","15":"tag-fr","16":"tag-france","17":"tag-khvicha-kvaratskhelia","18":"tag-kvaratskhelia","19":"tag-ldc","20":"tag-ligue-des-champions","21":"tag-news","22":"tag-ousmane-dembele","23":"tag-paris","24":"tag-paris-saint-germain","25":"tag-paris-sg","26":"tag-psg","27":"tag-republique-francaise","28":"tag-ucl","29":"tag-uefa-champions-league","30":"tag-une"},"share_on_mastodon":{"url":"https:\/\/pubeurope.com\/@fr\/114599264519151677","error":""},"_links":{"self":[{"href":"https:\/\/www.europesays.com\/fr\/wp-json\/wp\/v2\/posts\/140309","targetHints":{"allow":["GET"]}}],"collection":[{"href":"https:\/\/www.europesays.com\/fr\/wp-json\/wp\/v2\/posts"}],"about":[{"href":"https:\/\/www.europesays.com\/fr\/wp-json\/wp\/v2\/types\/post"}],"author":[{"embeddable":true,"href":"https:\/\/www.europesays.com\/fr\/wp-json\/wp\/v2\/users\/2"}],"replies":[{"embeddable":true,"href":"https:\/\/www.europesays.com\/fr\/wp-json\/wp\/v2\/comments?post=140309"}],"version-history":[{"count":0,"href":"https:\/\/www.europesays.com\/fr\/wp-json\/wp\/v2\/posts\/140309\/revisions"}],"wp:featuredmedia":[{"embeddable":true,"href":"https:\/\/www.europesays.com\/fr\/wp-json\/wp\/v2\/media\/140310"}],"wp:attachment":[{"href":"https:\/\/www.europesays.com\/fr\/wp-json\/wp\/v2\/media?parent=140309"}],"wp:term":[{"taxonomy":"category","embeddable":true,"href":"https:\/\/www.europesays.com\/fr\/wp-json\/wp\/v2\/categories?post=140309"},{"taxonomy":"post_tag","embeddable":true,"href":"https:\/\/www.europesays.com\/fr\/wp-json\/wp\/v2\/tags?post=140309"}],"curies":[{"name":"wp","href":"https:\/\/api.w.org\/{rel}","templated":true}]}}