{"id":140328,"date":"2025-05-30T23:10:14","date_gmt":"2025-05-30T23:10:14","guid":{"rendered":"https:\/\/www.europesays.com\/fr\/140328\/"},"modified":"2025-05-30T23:10:14","modified_gmt":"2025-05-30T23:10:14","slug":"allier-03-apres-29-ans-a-accueillir-ses-clients-il-ferme-son-magasin","status":"publish","type":"post","link":"https:\/\/www.europesays.com\/fr\/140328\/","title":{"rendered":"Allier (03)-Apr\u00e8s 29 ans \u00e0 accueillir ses clients, il ferme son magasin"},"content":{"rendered":"<p><strong>Une page se tourne: apr\u00e8s 29 ans comme photographe \u00e0 <a href=\"https:\/\/www.ville-lapalisse.fr\/\" target=\"_blank\" rel=\"noopener\">Lapalisse<\/a>, <a href=\"https:\/\/www.facebook.com\/patrickbodinfotographie\/?locale=fr_FR\" target=\"_blank\" rel=\"noopener\">Patrick Bodin<\/a> ferme son studio<\/strong>.<\/p>\n<p>Depuis le 10 mai et apr\u00e8s 29 ans \u00e0 Lapalisse, le photographe arr\u00eate. Mais, comme il le dit lui-m\u00eame \u201cune page se tourne, mais le livre continue de s\u2019\u00e9crire\u201d, il va en effet devenir enqu\u00eateur pour la <a href=\"https:\/\/www.la-spa.fr\/etablissement\/refuge-spa-de-brugheas-vichy\/\" target=\"_blank\" rel=\"noopener\">SPA de Brugheas<\/a>, pr\u00e8s de Vichy, et ainsi sauver des animaux maltrait\u00e9s.<\/p>\n<p><a href=\"https:\/\/www.lasemainedelallier.fr\/wp-content\/uploads\/2025\/05\/14-copie.jpg\" target=\"_blank\" rel=\"noopener\"><img fetchpriority=\"high\" decoding=\"async\" width=\"1024\" height=\"686\" src=\"data:image\/svg+xml,%3Csvg%20xmlns=\" http:=\"\" alt=\"\" class=\"wp-image-238225 ewww_webp_lazy_load\" data-lazy- data-lazy- data-lazy-src=\"https:\/\/www.europesays.com\/fr\/wp-content\/uploads\/2025\/05\/14-copie-1024x686.jpg\" data-lazy-src-webp=\"https:\/\/www.lasemainedelallier.fr\/wp-content\/uploads\/2025\/05\/14-copie-1024x686.jpg.webp?v=1748466037\" data-lazy-srcset-webp=\"https:\/\/www.lasemainedelallier.fr\/wp-content\/uploads\/2025\/05\/14-copie-1024x686.jpg.webp?v=1748466037 1024w, https:\/\/www.lasemainedelallier.fr\/wp-content\/uploads\/2025\/05\/14-copie-300x201.jpg.webp?v=1748466037 300w, https:\/\/www.lasemainedelallier.fr\/wp-content\/uploads\/2025\/05\/14-copie-768x514.jpg.webp?v=1748466037 768w, https:\/\/www.lasemainedelallier.fr\/wp-content\/uploads\/2025\/05\/14-copie-627x420.jpg.webp?v=1748466037 627w, https:\/\/www.lasemainedelallier.fr\/wp-content\/uploads\/2025\/05\/14-copie-150x100.jpg.webp?v=1748466037 150w, https:\/\/www.lasemainedelallier.fr\/wp-content\/uploads\/2025\/05\/14-copie-696x466.jpg.webp?v=1748466037 696w, https:\/\/www.lasemainedelallier.fr\/wp-content\/uploads\/2025\/05\/14-copie-1068x715.jpg.webp?v=1748466037 1068w, https:\/\/www.lasemainedelallier.fr\/wp-content\/uploads\/2025\/05\/14-copie-270x181.jpg.webp?v=1748466037 270w, https:\/\/www.lasemainedelallier.fr\/wp-content\/uploads\/2025\/05\/14-copie-420x281.jpg.webp?v=1748466037 420w, https:\/\/www.lasemainedelallier.fr\/wp-content\/uploads\/2025\/05\/14-copie.jpg.webp?v=1748466037 1280w\"\/><\/a><\/p>\n<p>\u00a9Patrick Bodin- Vue a\u00e9rienne du <a href=\"https:\/\/www.instagram.com\/chateaudelapalisse\/\" target=\"_blank\" rel=\"noopener\">ch\u00e2teau de La Palice<\/a>, avec le parc floral \u201co\u00f9 je passe tous les jours\u201d dit le photographe.<\/p>\n<p>Un riche parcours pro<\/p>\n<p>\u00c0 67 ans, Patrick Bodin, originaire de Droiturier, a un vaste parcours professionnel. Passionn\u00e9 de photo depuis le jour de sa communion o\u00f9 il re\u00e7oit son 1er appareil, \u201cj\u2019ai vu combien c\u2019\u00e9tait int\u00e9ressant d\u2019\u00e9crire, par la photo, l\u2019histoire de l\u2019humanit\u00e9 \u00e0 mon \u00e9chelle\u201d. Il passe pourtant 20 ans \u00e0 travailler dans une carrosserie. C\u2019est en 1995 qu\u2019il se d\u00e9cide \u00e0 passer son CAP puis son Bac Pro photo dans une \u00e9cole de Montlu\u00e7on \u201cquand j\u2019ai su que Jean Meunier, photographe \u00e0 Lapalisse, partait \u00e0 la retraite, je me suis dit pourquoi pas m\u2019installer\u201d, c\u2019est donc avec les encouragements du photographe retrait\u00e9 qu\u2019il d\u00e9marre \u201cj\u2019ai r\u00e9cup\u00e9r\u00e9 sa client\u00e8le et j\u2019ai ouvert mon magasin en 97, bien entour\u00e9 et conseill\u00e9 par les autres commer\u00e7ants\u201d. Il a d\u2019ailleurs \u00e9t\u00e9 pr\u00e9sident une dizaine d\u2019ann\u00e9es de l\u2019association de commer\u00e7ants. Tr\u00e8s actif et int\u00e9ress\u00e9 par la s\u00e9curit\u00e9 des personnes, il passe aussi le concours pour entrer \u00e0 la police nationale, re\u00e7u en 2009 comme citoyen volontaire, il est r\u00e9serviste civil \u00e0 la DDSP (Direction D\u00e9partementale de la S\u00e9curit\u00e9 Publique). \u201cJe suis toujours int\u00e9ress\u00e9 par ce que je ne connais pas, j\u2019ai fait aussi 2 ans d\u2019\u00e9tude de police scientifique\u201d.<\/p>\n<p><a href=\"https:\/\/www.lasemainedelallier.fr\/wp-content\/uploads\/2025\/05\/15-copie.jpg\" target=\"_blank\" rel=\"noopener\"><img loading=\"lazy\" decoding=\"async\" width=\"1024\" height=\"709\" src=\"data:image\/svg+xml,%3Csvg%20xmlns=\" http:=\"\" alt=\"\" class=\"wp-image-238222 ewww_webp_lazy_load\" data-lazy- data-lazy- data-lazy-src=\"https:\/\/www.europesays.com\/fr\/wp-content\/uploads\/2025\/05\/15-copie-1024x709.jpg\" data-lazy-src-webp=\"https:\/\/www.lasemainedelallier.fr\/wp-content\/uploads\/2025\/05\/15-copie-1024x709.jpg.webp?v=1748465675\" data-lazy-srcset-webp=\"https:\/\/www.lasemainedelallier.fr\/wp-content\/uploads\/2025\/05\/15-copie-1024x709.jpg.webp?v=1748465675 1024w, https:\/\/www.lasemainedelallier.fr\/wp-content\/uploads\/2025\/05\/15-copie-300x208.jpg.webp?v=1748465675 300w, https:\/\/www.lasemainedelallier.fr\/wp-content\/uploads\/2025\/05\/15-copie-768x532.jpg.webp?v=1748465675 768w, https:\/\/www.lasemainedelallier.fr\/wp-content\/uploads\/2025\/05\/15-copie-607x420.jpg.webp?v=1748465675 607w, https:\/\/www.lasemainedelallier.fr\/wp-content\/uploads\/2025\/05\/15-copie-150x104.jpg.webp?v=1748465675 150w, https:\/\/www.lasemainedelallier.fr\/wp-content\/uploads\/2025\/05\/15-copie-218x150.jpg.webp?v=1748465675 218w, https:\/\/www.lasemainedelallier.fr\/wp-content\/uploads\/2025\/05\/15-copie-696x482.jpg.webp?v=1748465675 696w, https:\/\/www.lasemainedelallier.fr\/wp-content\/uploads\/2025\/05\/15-copie-1068x739.jpg.webp?v=1748465675 1068w, https:\/\/www.lasemainedelallier.fr\/wp-content\/uploads\/2025\/05\/15-copie-270x187.jpg.webp?v=1748465675 270w, https:\/\/www.lasemainedelallier.fr\/wp-content\/uploads\/2025\/05\/15-copie-420x291.jpg.webp?v=1748465675 420w, https:\/\/www.lasemainedelallier.fr\/wp-content\/uploads\/2025\/05\/15-copie.jpg.webp?v=1748465675 1280w\"\/><\/a><\/p>\n<p>\u00a9Patrick Bodin- Le groupe des commer\u00e7ants et artisans de Lapalisse lors de la 1\u00e8re \u00e9dition de l\u2019embouteillage de Lapalisse, en 2006, ann\u00e9e de la d\u00e9viation de la cit\u00e9 des v\u00e9rit\u00e9s.<\/p>\n<p>Un m\u00e9tier de contact durant 29 ans<\/p>\n<p>Patrick aime le contact, la relation aux autres, on sent son \u00e9motion quand il parle de ses clients qu\u2019il tient \u00e0 remercier. Photos familiales, portraits d\u2019enfants, reportages, il faisait aussi du d\u00e9veloppement en plus de vendre un peu de mat\u00e9riel. Il s\u2019est form\u00e9 durant un an \u00e0 l\u2019arriv\u00e9e du num\u00e9rique \u201cc\u2019est un bel outil, les gens peuvent capter l\u2019instant pr\u00e9sent avec leur t\u00e9l\u00e9phone\u201d. Il pense \u00e0 sa fermeture depuis 2024, \u201cle m\u00e9tier a \u00e9norm\u00e9ment chang\u00e9, les augmentations des mati\u00e8res premi\u00e8res et la baisse des marges m\u2019ont orient\u00e9 plus rapidement que pr\u00e9vu vers l\u2019arr\u00eat du studio\u201d. Pour cet homme tourn\u00e9 vers les autres, le contact avec la client\u00e8le va lui manquer, \u201cheureusement, je suis bien investi dans plusieurs associations de la ville\u201d.<\/p>\n<p><a href=\"https:\/\/www.lasemainedelallier.fr\/wp-content\/uploads\/2025\/05\/12-copie.jpg\" target=\"_blank\" rel=\"noopener\"><img loading=\"lazy\" decoding=\"async\" width=\"1024\" height=\"709\" src=\"data:image\/svg+xml,%3Csvg%20xmlns=\" http:=\"\" alt=\"\" class=\"wp-image-238223 ewww_webp_lazy_load\" data-lazy- data-lazy- data-lazy-src=\"https:\/\/www.europesays.com\/fr\/wp-content\/uploads\/2025\/05\/12-copie-1024x709.jpg\" data-lazy-src-webp=\"https:\/\/www.lasemainedelallier.fr\/wp-content\/uploads\/2025\/05\/12-copie-1024x709.jpg.webp?v=1748465824\" data-lazy-srcset-webp=\"https:\/\/www.lasemainedelallier.fr\/wp-content\/uploads\/2025\/05\/12-copie-1024x709.jpg.webp?v=1748465824 1024w, https:\/\/www.lasemainedelallier.fr\/wp-content\/uploads\/2025\/05\/12-copie-300x208.jpg.webp?v=1748465824 300w, https:\/\/www.lasemainedelallier.fr\/wp-content\/uploads\/2025\/05\/12-copie-768x532.jpg.webp?v=1748465824 768w, https:\/\/www.lasemainedelallier.fr\/wp-content\/uploads\/2025\/05\/12-copie-607x420.jpg.webp?v=1748465824 607w, https:\/\/www.lasemainedelallier.fr\/wp-content\/uploads\/2025\/05\/12-copie-150x104.jpg.webp?v=1748465824 150w, https:\/\/www.lasemainedelallier.fr\/wp-content\/uploads\/2025\/05\/12-copie-218x150.jpg.webp?v=1748465824 218w, https:\/\/www.lasemainedelallier.fr\/wp-content\/uploads\/2025\/05\/12-copie-696x482.jpg.webp?v=1748465824 696w, https:\/\/www.lasemainedelallier.fr\/wp-content\/uploads\/2025\/05\/12-copie-1068x739.jpg.webp?v=1748465824 1068w, https:\/\/www.lasemainedelallier.fr\/wp-content\/uploads\/2025\/05\/12-copie-270x187.jpg.webp?v=1748465824 270w, https:\/\/www.lasemainedelallier.fr\/wp-content\/uploads\/2025\/05\/12-copie-420x291.jpg.webp?v=1748465824 420w, https:\/\/www.lasemainedelallier.fr\/wp-content\/uploads\/2025\/05\/12-copie.jpg.webp?v=1748465824 1280w\"\/><\/a><\/p>\n<p>\u00a9Patrick Bodin- Le photographe est mont\u00e9 en haut de la grande \u00e9chelle des pompiers pour prendre en photo la place Leclerc lors de la 1\u00e8re \u00e9dition de l\u2019embouteillage de Lapalisse.<\/p>\n<p>\u00c9crire l\u2019histoire de sa commune<\/p>\n<p>Quand on entre dans l\u2019atelier, on ne peut \u00eatre qu\u2019impressionn\u00e9 par la collection d\u2019appareils photo \u201cet j\u2019en ai encore \u00e0 la maison, dit-il. Les clients les trouvent dans les greniers, chez leurs grands-parents et ne veulent pas que \u00e7a disparaisse, alors ils me les apportent, j\u2019en ai de 1900 jusqu\u2019\u00e0 2002\u2033. Gr\u00e2ce \u00e0 un article paru dans nos pages, il a pris contact avec le mus\u00e9e de la photo argentique \u00e0 Ainay-le-Ch\u00e2teau, \u201cIls sont int\u00e9ress\u00e9s alors je leur fais don de toute la collection\u201d. (Retrouvez <a href=\"https:\/\/www.lasemainedelallier.fr\/ainay-le-chateau-creation-dune-maison-de-la-photographie\/\" target=\"_blank\" rel=\"noopener\">notre article <\/a>sur ces 2 passionn\u00e9s de photos et de sauvegarde du patrimoine photographique)<\/p>\n<p>Une multitude de dons<\/p>\n<p>Il en va de m\u00eame pour ses photos \u201cj\u2019en fais\u00a0don \u00e0 la mairie pour alimenter la phototh\u00e8que, elles appartiennent \u00e0 l\u2019histoire de la commune\u201d confie-t-il, \u00e9mu. Ses cartes postales sur l\u2019embouteillage, dont il a fait une r\u00e9trospective de 2006 \u00e0 2024, il les donne \u00e0 l\u2019office de tourisme. Quant aux photos consacr\u00e9es \u00e0 la reconstitution historique de la N7, il en fait don \u00e0 la Borne 334, le mus\u00e9e de v\u00e9hicules anciens. On le sent heureux de faire cette d\u00e9marche et de partager l\u2019histoire de la r\u00e9gion avec d\u2019autres qui continueront. Pour lui, cette g\u00e9n\u00e9rosit\u00e9 est naturelle, de la m\u00eame fa\u00e7on qu\u2019il a donn\u00e9, il y a quelques ann\u00e9es, \u00e0 un coll\u00e8gue du sud dont la maison avait \u00e9t\u00e9 inond\u00e9e, le mat\u00e9riel studio que l\u2019\u00e9cole montlu\u00e7onnaise lui avait donn\u00e9 en fermant. \u201cOn est tous compl\u00e9mentaires les uns des autres, partager son savoir et son enthousiasme envers les autres est une richesse\u201d conclut ce passeur de souvenirs.\u00a0<\/p>\n<p><a href=\"https:\/\/www.lasemainedelallier.fr\/wp-content\/uploads\/2025\/05\/7-copie.jpg\" target=\"_blank\" rel=\"noopener\"><img loading=\"lazy\" decoding=\"async\" width=\"1024\" height=\"662\" src=\"data:image\/svg+xml,%3Csvg%20xmlns=\" http:=\"\" alt=\"\" class=\"wp-image-238224 ewww_webp_lazy_load\" data-lazy- data-lazy- data-lazy-src=\"https:\/\/www.europesays.com\/fr\/wp-content\/uploads\/2025\/05\/7-copie-1024x662.jpg\" data-lazy-src-webp=\"https:\/\/www.lasemainedelallier.fr\/wp-content\/uploads\/2025\/05\/7-copie-1024x662.jpg.webp?v=1748465927\" data-lazy-srcset-webp=\"https:\/\/www.lasemainedelallier.fr\/wp-content\/uploads\/2025\/05\/7-copie-1024x662.jpg.webp?v=1748465927 1024w, https:\/\/www.lasemainedelallier.fr\/wp-content\/uploads\/2025\/05\/7-copie-300x194.jpg.webp?v=1748465927 300w, https:\/\/www.lasemainedelallier.fr\/wp-content\/uploads\/2025\/05\/7-copie-768x497.jpg.webp?v=1748465927 768w, https:\/\/www.lasemainedelallier.fr\/wp-content\/uploads\/2025\/05\/7-copie-649x420.jpg.webp?v=1748465927 649w, https:\/\/www.lasemainedelallier.fr\/wp-content\/uploads\/2025\/05\/7-copie-150x97.jpg.webp?v=1748465927 150w, https:\/\/www.lasemainedelallier.fr\/wp-content\/uploads\/2025\/05\/7-copie-696x450.jpg.webp?v=1748465927 696w, https:\/\/www.lasemainedelallier.fr\/wp-content\/uploads\/2025\/05\/7-copie-1068x691.jpg.webp?v=1748465927 1068w, https:\/\/www.lasemainedelallier.fr\/wp-content\/uploads\/2025\/05\/7-copie-270x175.jpg.webp?v=1748465927 270w, https:\/\/www.lasemainedelallier.fr\/wp-content\/uploads\/2025\/05\/7-copie-420x272.jpg.webp?v=1748465927 420w, https:\/\/www.lasemainedelallier.fr\/wp-content\/uploads\/2025\/05\/7-copie.jpg.webp?v=1748465927 1280w\"\/><\/a><\/p>\n<p>\u00a9Patrick Bodin- Droiturier, son village natal, o\u00f9 il a pris ses premi\u00e8res photos.<\/p>\n<p>A lire aussi dans \u201cLa Semaine de l\u2019Allier\u201d: <strong><a href=\"https:\/\/www.lasemainedelallier.fr\/lallier-clinique-veterinaire\/\" target=\"_blank\" rel=\"noopener\">Dans l\u2019Allier (03), cette clinique v\u00e9t\u00e9rinaire a d\u00e9m\u00e9nag\u00e9<\/a><\/strong><\/p>\n<p><script async src=\"\/\/www.instagram.com\/embed.js\"><\/script><\/p>\n","protected":false},"excerpt":{"rendered":"Une page se tourne: apr\u00e8s 29 ans comme photographe \u00e0 Lapalisse, Patrick Bodin ferme son studio. Depuis le&hellip;\n","protected":false},"author":2,"featured_media":140329,"comment_status":"","ping_status":"","sticky":false,"template":"","format":"standard","meta":{"footnotes":""},"categories":[1358],"tags":[12148,1348,1384,1385,1386,58,59,1011,27,1756],"class_list":{"0":"post-140328","1":"post","2":"type-post","3":"status-publish","4":"format-standard","5":"has-post-thumbnail","7":"category-arts-et-design","8":"tag-allier","9":"tag-arts","10":"tag-arts-and-design","11":"tag-arts-et-design","12":"tag-design","13":"tag-divertissement","14":"tag-entertainment","15":"tag-fr","16":"tag-france","17":"tag-photographie"},"share_on_mastodon":{"url":"https:\/\/pubeurope.com\/@fr\/114599311830343747","error":""},"_links":{"self":[{"href":"https:\/\/www.europesays.com\/fr\/wp-json\/wp\/v2\/posts\/140328","targetHints":{"allow":["GET"]}}],"collection":[{"href":"https:\/\/www.europesays.com\/fr\/wp-json\/wp\/v2\/posts"}],"about":[{"href":"https:\/\/www.europesays.com\/fr\/wp-json\/wp\/v2\/types\/post"}],"author":[{"embeddable":true,"href":"https:\/\/www.europesays.com\/fr\/wp-json\/wp\/v2\/users\/2"}],"replies":[{"embeddable":true,"href":"https:\/\/www.europesays.com\/fr\/wp-json\/wp\/v2\/comments?post=140328"}],"version-history":[{"count":0,"href":"https:\/\/www.europesays.com\/fr\/wp-json\/wp\/v2\/posts\/140328\/revisions"}],"wp:featuredmedia":[{"embeddable":true,"href":"https:\/\/www.europesays.com\/fr\/wp-json\/wp\/v2\/media\/140329"}],"wp:attachment":[{"href":"https:\/\/www.europesays.com\/fr\/wp-json\/wp\/v2\/media?parent=140328"}],"wp:term":[{"taxonomy":"category","embeddable":true,"href":"https:\/\/www.europesays.com\/fr\/wp-json\/wp\/v2\/categories?post=140328"},{"taxonomy":"post_tag","embeddable":true,"href":"https:\/\/www.europesays.com\/fr\/wp-json\/wp\/v2\/tags?post=140328"}],"curies":[{"name":"wp","href":"https:\/\/api.w.org\/{rel}","templated":true}]}}