{"id":140332,"date":"2025-05-30T23:12:14","date_gmt":"2025-05-30T23:12:14","guid":{"rendered":"https:\/\/www.europesays.com\/fr\/140332\/"},"modified":"2025-05-30T23:12:14","modified_gmt":"2025-05-30T23:12:14","slug":"quelle-celebrite-se-cachait-sous-le-costume-du-burger-lenqueteur-mystere-qui-a-rejoint-le-jury-ce-vendredi-30-mai","status":"publish","type":"post","link":"https:\/\/www.europesays.com\/fr\/140332\/","title":{"rendered":"Quelle c\u00e9l\u00e9brit\u00e9 se cachait sous le costume du Burger, l\u2019enqu\u00eateur myst\u00e8re qui a rejoint le jury ce vendredi 30 mai ?"},"content":{"rendered":"<p>Ce vendredi 30 mai, le jury de Mask Singer a d\u00e9couvert, en d\u00e9but d\u2019\u00e9mission, la pr\u00e9sence d\u2019un myst\u00e9rieux Burger, venu leur pr\u00eater main-forte pour d\u00e9couvrir les autres personnalit\u00e9s en lice. De qui s\u2019agit-il ? On vous dit tout !<\/p>\n<p>L\u2019enqu\u00eate continue pour les c\u00e9l\u00e8bres jur\u00e9s de Mask Singer. Depuis le 2\u00a0mai dernier, Chantal Ladesou, \u00c9lodie Poux, Laurent Ruquier et Kev Adams recherchent sans rel\u00e2che<a href=\"https:\/\/www.programme-tv.net\/news\/tv\/378524-mask-singer-2025-quelles-stars-se-cachent-dans-les-costumes-de-cette-saison-7-decouvrez-les-indices-et-nos-pronostics\/\" data-api-deeplink=\"teleloisirs:\/\/news\/378524\" target=\"_blank\" rel=\"noopener\"> l\u2019identit\u00e9 des personnalit\u00e9s pr\u00e9sentes au casting de cette nouvelle saison<\/a>. Et ce vendredi 30\u00a0mai 2025, ils ont eu l\u2019occasion d&rsquo;avancer grandement dans leurs recherches avec l\u2019arriv\u00e9e d\u2019un enqu\u00eateur myst\u00e8re\u00a0! Parfaitement dissimul\u00e9e sous le costume du Burger, cette personnalit\u00e9 myst\u00e8re a non seulement fait une prestation \u00e9poustouflante (en interpr\u00e9tant le titre Pour que tu m&rsquo;aimes encore, de <a href=\"https:\/\/www.programme-tv.net\/biographie\/13146-dion-celine\/\" data-link-people=\"2d276218-2898-44fb-9739-5e391ae09223\" target=\"_blank\" rel=\"noopener\">C\u00e9line Dion<\/a>), mais a \u00e9galement rejoint les autres membres du jury, une fois d\u00e9masqu\u00e9e, afin de les aider dans leur enqu\u00eate. Mais de qui s&rsquo;agissait-il\u00a0?<\/p>\n<p>Mask Singer\u00a0: qui se cachait derri\u00e8re le costume du Burger\u00a0?<\/p>\n<p>Tout comme lors du prime pr\u00e9c\u00e9dent, au cours duquel <a href=\"https:\/\/www.programme-tv.net\/news\/tv\/379787-philippe-candeloro-elimine-de-mask-singer-ne-devait-pas-etre-dans-le-costume-du-fraisier-il-y-a-eu-un-changement-de-derniere-minute\/\" data-api-deeplink=\"teleloisirs:\/\/news\/379787\" target=\"_blank\" rel=\"noopener\">Philippe Candeloro<\/a> et <a href=\"https:\/\/www.programme-tv.net\/news\/tv\/379783-marie-ange-nardi-la-dame-de-coeur-eliminee-de-mask-singer-mon-mari-se-doutait-de-quelque-chose\/\" data-api-deeplink=\"teleloisirs:\/\/news\/379783\" target=\"_blank\" rel=\"noopener\">Marie-Ange Nardi<\/a>, qui \u00e9taient cach\u00e9s respectivement dans les costumes du Fraisier et de la Dame de C\u0153ur, ont \u00e9t\u00e9 d\u00e9masqu\u00e9s, deux personnalit\u00e9s devaient d\u00e9voiler leur identit\u00e9 lors de l&rsquo;\u00e9mission sp\u00e9ciale ann\u00e9es 90 de ce vendredi 30 mai. Et la premi\u00e8re d&rsquo;entre elles n\u2019est autre que le myst\u00e9rieux Burger qui, lors de son passage sur sc\u00e8ne, a beaucoup divis\u00e9 le jury. Car si Laurent Ruquier et Chantal Ladesou pensaient avoir d\u00e9couvert l\u2019humoriste <a href=\"https:\/\/www.programme-tv.net\/biographie\/53152-boublil-max\/\" data-link-people=\"6f61af94-571d-415d-81e0-ebfaf18c9f04\" target=\"_blank\" rel=\"noopener\">Max Boublil<\/a>, \u00c9lodie Poux et Kev Adams ont, quant \u00e0 eux, estim\u00e9 qu\u2019il s\u2019agissait du com\u00e9dien <a href=\"https:\/\/www.programme-tv.net\/biographie\/136618-ducret-arnaud\/\" data-link-people=\"c6ccd587-fb2e-4cc2-accb-79e36dc93d94\" target=\"_blank\" rel=\"noopener\">Arnaud Ducret<\/a>\u00a0! Apr\u00e8s une petite enqu\u00eate express, et une fois le masque enlev\u00e9, on a ainsi pu d\u00e9couvrir qu\u2019il s\u2019agissait d&rsquo;Arnaud Ducret !<\/p>\n<p>                        Mask Singer\u00a0: les personnalit\u00e9s au complet pour la premi\u00e8re fois de la saison\u00a0!<\/p>\n<p>Apr\u00e8s avoir d\u00e9fendu leur place pendant plusieurs primes en petit comit\u00e9, les huit personnalit\u00e9s restantes encore en lice (\u00e0 savoir le Brocoli, la Vache, la Girafe, le Bison, le Panda roux, le Chaton, le Cygne et la Porcelaine, qui a d\u00e9barqu\u00e9 vendredi dernier dans la comp\u00e9tition) sont r\u00e9unies pour la toute premi\u00e8re fois depuis le d\u00e9but de la saison\u00a0! Une d&rsquo;elles devra tomber le masque et quitter l&rsquo;aventure \u00e0 la fin de l&rsquo;\u00e9mission.<\/p>\n<p>Article \u00e9crit en collaboration avec 6M\u00e9dias.<\/p>\n","protected":false},"excerpt":{"rendered":"Ce vendredi 30 mai, le jury de Mask Singer a d\u00e9couvert, en d\u00e9but d\u2019\u00e9mission, la pr\u00e9sence d\u2019un myst\u00e9rieux&hellip;\n","protected":false},"author":2,"featured_media":140333,"comment_status":"","ping_status":"","sticky":false,"template":"","format":"standard","meta":{"footnotes":""},"categories":[1356],"tags":[26783,6788,244,58,59,3483,1011,27,6787,1759,5983,20089,20090,252,199,1364,6789],"class_list":{"0":"post-140332","1":"post","2":"type-post","3":"status-publish","4":"format-standard","5":"has-post-thumbnail","7":"category-television","8":"tag-arnaud-ducret","9":"tag-chantal-ladesou","10":"tag-commentaire","11":"tag-divertissement","12":"tag-entertainment","13":"tag-extrait","14":"tag-fr","15":"tag-france","16":"tag-kev-adams","17":"tag-laurent-ruquier","18":"tag-mask-singer","19":"tag-mask-singer-e02-1098788676","20":"tag-mask-singer-40573405","21":"tag-television","22":"tag-tf1","23":"tag-tv","24":"tag-u00c9lodie-poux"},"share_on_mastodon":{"url":"https:\/\/pubeurope.com\/@fr\/114599319517412985","error":""},"_links":{"self":[{"href":"https:\/\/www.europesays.com\/fr\/wp-json\/wp\/v2\/posts\/140332","targetHints":{"allow":["GET"]}}],"collection":[{"href":"https:\/\/www.europesays.com\/fr\/wp-json\/wp\/v2\/posts"}],"about":[{"href":"https:\/\/www.europesays.com\/fr\/wp-json\/wp\/v2\/types\/post"}],"author":[{"embeddable":true,"href":"https:\/\/www.europesays.com\/fr\/wp-json\/wp\/v2\/users\/2"}],"replies":[{"embeddable":true,"href":"https:\/\/www.europesays.com\/fr\/wp-json\/wp\/v2\/comments?post=140332"}],"version-history":[{"count":0,"href":"https:\/\/www.europesays.com\/fr\/wp-json\/wp\/v2\/posts\/140332\/revisions"}],"wp:featuredmedia":[{"embeddable":true,"href":"https:\/\/www.europesays.com\/fr\/wp-json\/wp\/v2\/media\/140333"}],"wp:attachment":[{"href":"https:\/\/www.europesays.com\/fr\/wp-json\/wp\/v2\/media?parent=140332"}],"wp:term":[{"taxonomy":"category","embeddable":true,"href":"https:\/\/www.europesays.com\/fr\/wp-json\/wp\/v2\/categories?post=140332"},{"taxonomy":"post_tag","embeddable":true,"href":"https:\/\/www.europesays.com\/fr\/wp-json\/wp\/v2\/tags?post=140332"}],"curies":[{"name":"wp","href":"https:\/\/api.w.org\/{rel}","templated":true}]}}