{"id":140343,"date":"2025-05-30T23:18:16","date_gmt":"2025-05-30T23:18:16","guid":{"rendered":"https:\/\/www.europesays.com\/fr\/140343\/"},"modified":"2025-05-30T23:18:16","modified_gmt":"2025-05-30T23:18:16","slug":"oubliez-la-coupe-au-carre-la-topanga-hair-est-la-coupe-mi-longue-ideale-pour-rajeunir-le-visage-apres-50-ans","status":"publish","type":"post","link":"https:\/\/www.europesays.com\/fr\/140343\/","title":{"rendered":"Oubliez la coupe au carr\u00e9, la \u00ab\u00a0topanga hair\u00a0\u00bb est la coupe mi-longue id\u00e9ale pour rajeunir le visage apr\u00e8s 50 ans"},"content":{"rendered":"<p>\n        Ultra flatteuse, pleine de volume et d\u00e9licieusement r\u00e9tro, la \u00ab\u00a0Topanga Hair\u00a0\u00bb signe son grand retour. Et si c\u2019\u00e9tait la coupe parfaite pour adoucir les traits et rajeunir le visage apr\u00e8s 50 ans ?    <\/p>\n<p class=\"standard\">Tir\u00e9e tout droit des ann\u00e9es 90, la coiffure embl\u00e9matique de Topanga, h\u00e9ro\u00efne de la s\u00e9rie Incorrigible Cory, revient en force cet \u00e9t\u00e9. Avec s<strong>on volume naturel, ses m\u00e8ches qui encadrent le visage et son effet bonne mine imm\u00e9diat<\/strong>, cette coupe mi-longue s\u00e9duit aujourd\u2019hui<a href=\"https:\/\/www.aufeminin.com\/cheveux\/ces-5-coupes-peu-flatteuses-que-les-femmes-de-plus-de-50-ans-devraient-eviter-elles-sont-ringardes-s4106105.html\" target=\"_blank\" rel=\"noopener\"> les femmes de plus de 50 ans <\/a>en qu\u00eate d\u2019un look frais, f\u00e9minin et rajeunissant. Et si c\u2019\u00e9tait l\u2019alternative id\u00e9ale au sempiternel carr\u00e9 ?<\/p>\n<p class=\"standard\">Les tendances capillaires vont et viennent, mais certaines ic\u00f4nes des ann\u00e9es 90 n\u2019ont pas dit leur dernier mot. Apr\u00e8s le retour en force de <strong>la frange rideau ou du brushing XXL<\/strong>, une autre coiffure embl\u00e9matique refait surface : <a href=\"https:\/\/www.bustle.com\/beauty\/topanga-hair-trend-90s-blowout\" rel=\"noopener noreferrer nofollow\" target=\"_blank\">la \u00ab\u00a0Topanga Hair\u00a0\u00bb<\/a>. Et contre toute attente, cette coupe r\u00e9tro pourrait bien devenir<strong> le secret jeunesse des femmes de plus de 50 ans<\/strong>.<\/p>\n<p>La suite apr\u00e8s cette publicit\u00e9<\/p>\n<p>Une coupe culte remise au go\u00fbt du jour<\/p>\n<p class=\"standard\">Souvenez-vous de Topanga, personnage phare de la s\u00e9rie am\u00e9ricaine Incorrigible Cory. Avec <strong>sa chevelure mi-longue aux volumes parfaitement ma\u00eetris\u00e9s et ses ondulations <\/strong>dignes d\u2019un brushing de studio, elle a marqu\u00e9 toute une g\u00e9n\u00e9ration. Aujourd\u2019hui, cette coupe fait un retour remarqu\u00e9\u2026 sur les t\u00eates de femmes en qu\u00eate de fra\u00eecheur et de douceur <a href=\"https:\/\/www.aufeminin.com\/cheveux\/cheveux-apres-50-ans-4-astuces-imparables-pour-une-coiffure-rajeunissante-a-toutes-les-longueurs-de-cheveux-s4104315.html\" target=\"_blank\" rel=\"noopener\">pour adoucir les traits<\/a>.<\/p>\n<p class=\"standard\">\u00c0 partir de 50 ans,<strong> les cheveux peuvent perdre en densit\u00e9<\/strong>, le visage change subtilement, et la tentation est grande d\u2019opter pour des coupes plus \u00ab\u00a0pratiques\u00a0\u00bb. Pourtant, la \u00ab\u00a0Topanga Hair\u00a0\u00bb prouve qu\u2019il est possible de conjuguer <strong>volume, f\u00e9minit\u00e9 et modernit\u00e9<\/strong>. En effet, avec<strong> ses longueurs souples et ses m\u00e8ches l\u00e9g\u00e8rement d\u00e9grad\u00e9es autour du visage<\/strong>, cette coiffure permet d&rsquo;<a href=\"https:\/\/www.aufeminin.com\/cheveux\/cheekbone-bob-voici-la-coupe-au-carre-la-plus-rajeunissante-de-toutes-a-porter-en-2025-selon-un-coiffeur-s4100586.html\" target=\"_blank\" rel=\"noopener\">illuminer les traits en encadrant le visage<\/a>, d&rsquo;<strong>apporter du mouvement m\u00eame aux cheveux fins<\/strong>, et enfin, de permettre de gagner quelques ann\u00e9es visuellement sans passer par la case bistouri. Autre avantage : <strong>la coupe se pr\u00eate \u00e0 toutes les textures<\/strong>, du lisse au l\u00e9g\u00e8rement ondul\u00e9, et peut \u00eatre port\u00e9e avec ou sans frange.<\/p>\n<p>La suite apr\u00e8s cette publicit\u00e9<\/p>\n<p>Comment l\u2019adopter aujourd\u2019hui ?<\/p>\n<p class=\"standard\">Plus besoin de passer trois heures sous les rouleaux chauffants comme \u00e0 l\u2019\u00e9poque de Topanga. Aujourd\u2019hui, <strong>un bon brushing \u00e0 la brosse soufflante, quelques produits texturisants, et un soup\u00e7on de spray fixant <\/strong>suffisent \u00e0 recr\u00e9er ce volume signature. Et si vous souhaitez aller encore plus loin, <a href=\"https:\/\/www.aufeminin.com\/cheveux\/cheveux-envie-de-changement-decouvrez-la-couleur-de-cheveux-qui-va-faire-fureur-en-2025-s4105092.html\" target=\"_blank\" rel=\"noopener\">une coloration bronde <\/a>(m\u00e9lange de brun et de blond) peut renforcer l\u2019effet rajeunissant, <strong>en illuminant les longueurs et en donnant de la profondeur<\/strong> \u00e0 la coupe.<\/p>\n<p class=\"standard\">En somme, la \u00ab\u00a0Topanga Hair\u00a0\u00bb coche toutes les cases de la coiffure parfaite \u00e0 50 ans : <strong>f\u00e9minine, facile \u00e0 entretenir et flatteuse pour le visage<\/strong>. Un vrai clin d\u2019oeil \u00e0 notre adolescence\u2026 mais avec une touche de sophistication en plus. Alors, pr\u00eates \u00e0 troquer votre carr\u00e9 embl\u00e9matique contre cette coupe qui fait souffler<strong> un vent de fra\u00eecheur <\/strong>sur toutes les g\u00e9n\u00e9rations ?<\/p>\n<p>La suite apr\u00e8s cette publicit\u00e9<\/p>\n<p>    <a href=\"https:\/\/www.aufeminin.com\/author\/5856\" target=\"_blank\" rel=\"noopener\"><br \/>\n        <img loading=\"lazy\" decoding=\"async\" src=\"https:\/\/www.europesays.com\/fr\/wp-content\/uploads\/2025\/05\/1224314016_s50.jpg\" width=\"50\" height=\"50\" alt=\"Johanna Wozniak\"\/><br \/>\n    <\/a><\/p>\n<p>            R\u00e9dactrice Actus\n    <\/p>\n<p>Dipl\u00f4m\u00e9e de l&rsquo;Ecole de journalisme de Nice, j&rsquo;ai 26 ans et je suis originaire du Sud de la France. Passionn\u00e9e par la lecture et le sport, je suis \u00e9galement une \u2026<\/p>\n","protected":false},"excerpt":{"rendered":"Ultra flatteuse, pleine de volume et d\u00e9licieusement r\u00e9tro, la \u00ab\u00a0Topanga Hair\u00a0\u00bb signe son grand retour. Et si c\u2019\u00e9tait&hellip;\n","protected":false},"author":2,"featured_media":140344,"comment_status":"","ping_status":"","sticky":false,"template":"","format":"standard","meta":{"footnotes":""},"categories":[7],"tags":[19009,26784,11288,6728,1011,27,43,40,41,39,42,44],"class_list":{"0":"post-140343","1":"post","2":"type-post","3":"status-publish","4":"format-standard","5":"has-post-thumbnail","7":"category-sciences-et-technologies","8":"tag-actualitu00e9s","9":"tag-beautu00e9-femme","10":"tag-cheveux","11":"tag-coupe-de-cheveux","12":"tag-fr","13":"tag-france","14":"tag-science","15":"tag-science-and-technology","16":"tag-sciences","17":"tag-sciences-et-technologies","18":"tag-technologies","19":"tag-technology"},"share_on_mastodon":{"url":"https:\/\/pubeurope.com\/@fr\/114599343128733207","error":""},"_links":{"self":[{"href":"https:\/\/www.europesays.com\/fr\/wp-json\/wp\/v2\/posts\/140343","targetHints":{"allow":["GET"]}}],"collection":[{"href":"https:\/\/www.europesays.com\/fr\/wp-json\/wp\/v2\/posts"}],"about":[{"href":"https:\/\/www.europesays.com\/fr\/wp-json\/wp\/v2\/types\/post"}],"author":[{"embeddable":true,"href":"https:\/\/www.europesays.com\/fr\/wp-json\/wp\/v2\/users\/2"}],"replies":[{"embeddable":true,"href":"https:\/\/www.europesays.com\/fr\/wp-json\/wp\/v2\/comments?post=140343"}],"version-history":[{"count":0,"href":"https:\/\/www.europesays.com\/fr\/wp-json\/wp\/v2\/posts\/140343\/revisions"}],"wp:featuredmedia":[{"embeddable":true,"href":"https:\/\/www.europesays.com\/fr\/wp-json\/wp\/v2\/media\/140344"}],"wp:attachment":[{"href":"https:\/\/www.europesays.com\/fr\/wp-json\/wp\/v2\/media?parent=140343"}],"wp:term":[{"taxonomy":"category","embeddable":true,"href":"https:\/\/www.europesays.com\/fr\/wp-json\/wp\/v2\/categories?post=140343"},{"taxonomy":"post_tag","embeddable":true,"href":"https:\/\/www.europesays.com\/fr\/wp-json\/wp\/v2\/tags?post=140343"}],"curies":[{"name":"wp","href":"https:\/\/api.w.org\/{rel}","templated":true}]}}