{"id":140348,"date":"2025-05-30T23:21:09","date_gmt":"2025-05-30T23:21:09","guid":{"rendered":"https:\/\/www.europesays.com\/fr\/140348\/"},"modified":"2025-05-30T23:21:09","modified_gmt":"2025-05-30T23:21:09","slug":"porte-disparu-un-ancien-moniteur-de-judo-de-blois-vise-par-une-enquete-pour-viol","status":"publish","type":"post","link":"https:\/\/www.europesays.com\/fr\/140348\/","title":{"rendered":"Port\u00e9 disparu, un ancien moniteur de judo de Blois vis\u00e9 par une enqu\u00eate pour viol"},"content":{"rendered":"<p>Il n\u2019a plus donn\u00e9 signe de vie depuis le 11\u00a0mai dernier. Christophe Barbereau, 44\u00a0ans, enseigne la philosophie au lyc\u00e9e de Saint-Romain-en-Gal pr\u00e8s de Vienne (Is\u00e8re). Sa moto BMW a \u00e9t\u00e9 d\u00e9couverte dans une for\u00eat proche de Saint-\u00c9tienne (Loire).<\/p>\n<p>Alors que sa s\u0153ur qui demeure en Anjou, a organis\u00e9 une battue pour tenter de le retrouver, <a target=\"_self\" href=\"https:\/\/www.ledauphine.com\/faits-divers-justice\/2025\/05\/28\/le-prof-de-philo-disparu-depuis-le-11-mai-vise-par-deux-plaintes-pour-viol-et-agression-sexuelle\" rel=\"nofollow noopener\">notre confr\u00e8re Le Dauphin\u00e9 Lib\u00e9r\u00e9 a r\u00e9v\u00e9l\u00e9 mercredi 29\u00a0mai<\/a> \u00a0que le disparu faisait l\u2019objet d\u2019une enqu\u00eate pour viol et agression sexuelle sur mineure suite au d\u00e9p\u00f4t de plainte de jeunes femmes \u00e0 qui il avait enseign\u00e9 le judo il y a une dizaine d\u2019ann\u00e9es. L\u2019une de ces plaintes a \u00e9t\u00e9 d\u00e9pos\u00e9e au commissariat de Blois, le 3 f\u00e9vrier 2025.<\/p>\n<p>Christophe Barbereau a en effet \u00e9t\u00e9 moniteur au Blois judo ainsi qu\u2019\u00e0 Mer et Avaray. Dans un article publi\u00e9 dans La Nouvelle R\u00e9publique du 21\u00a0novembre 2005, il y a quasiment vingt ans, on apprend que l\u2019enseignant est n\u00e9 \u00e0 Orl\u00e9ans et qu\u2019il a foul\u00e9 les tatamis d\u00e8s l\u2019\u00e2ge de quatre ans. En 2000, il arrive au club d\u2019Avaray o\u00f9 il d\u00e9croche sa ceinture noire. Tout en se formant, il commence \u00e0 enseigner cet art martial aux plus jeunes. En 2004, on le retrouve \u00e0 l\u2019\u00e9cole de judo d\u2019Orl\u00e9ans o\u00f9 il acquiert son brevet d\u2019\u00c9tat.<\/p>\n<p>Le jeune homme est d\u00e9crit par son professeur de judo comme quelqu\u2019un \u00ab\u00a0de gentil sans un mot plus haut que l\u2019autre\u00a0\u00bb. Sur les tatamis, Christophe Barbereau passe pour un adversaire redoutable. Notre correspondant Alain Amiot \u00e9voque un sportif \u00ab\u00a0qui n\u2019explose pas de joie car partag\u00e9 entre sa timidit\u00e9 et son esprit un peu philosophe sur les bords\u00a0\u00bb. Le jeune homme lui confie alors son d\u00e9sir de poursuivre des \u00e9tudes de philosophie.<\/p>\n<p>Le professeur venait d\u2019apprendre ces accusations<\/p>\n<p>Le moniteur de judo quitte Avaray \u00ab\u00a0pour d\u2019autres horizons professionnels\u00a0\u00bb pr\u00e9cise cette autre archive de la NR en novembre\u00a02014. Un autre article consacr\u00e9 au Blois judo en mars\u00a02018 explique que Christophe Barbereau n\u2019enseigne plus au club. On sait par nos confr\u00e8res de la r\u00e9gion Rh\u00f4ne-Alpes qu\u2019il est un passionn\u00e9 de rugby.<\/p>\n<p>Malgr\u00e9 l\u2019appel \u00e0 t\u00e9moin lanc\u00e9 par la gendarmerie, Christophe Barbereau reste introuvable. L\u2019enseignant s\u2019appr\u00eatait \u00e0 d\u00e9m\u00e9nager en Haute-Savoie o\u00f9 il venait d\u2019\u00eatre affect\u00e9 dans un autre lyc\u00e9e.<\/p>\n<p>Selon le Dauphin\u00e9 lib\u00e9r\u00e9, les plaintes \u00e9manent de deux jeunes femmes qui auraient \u00e9t\u00e9 agress\u00e9es sexuellement par leur moniteur \u00e0 l\u2019\u00e9poque o\u00f9 il leur enseignait le judo. Le professeur venait d\u2019apprendre l\u2019existence de ces accusations et aurait laiss\u00e9 un message \u00e0 l\u2019une des plaignantes avant de dispara\u00eetre.<\/p>\n<p>Une de ces plaintes aurait \u00e9t\u00e9 d\u00e9pos\u00e9e \u00e0 Chartres mais le procureur de la R\u00e9publique, Fr\u00e9d\u00e9ric Chevallier, a indiqu\u00e9 \u00e0 la NR n\u2019avoir pas retrouv\u00e9, sur le seul nom du mis en cause, de proc\u00e9dure en cours. Une enqu\u00eate est toutefois bien en cours en Loir-et-Cher. Non seulement \u00e0 Blois mais aussi \u00e0 Mer et ses environs puisque selon nos informations, les gendarmes de la brigade locale ont \u00e9t\u00e9 charg\u00e9s par le parquet de Blois de mener des investigations. \u00c0 l\u2019heure o\u00f9 nous \u00e9crivons ces lignes, nous n\u2019avons pas pu avoir de confirmation de la part du nouveau procureur de Blois, St\u00e9phane Javet.<\/p>\n<p>La s\u0153ur de Christophe Barbereau a appris <a target=\"_self\" href=\"https:\/\/www.francebleu.fr\/infos\/faits-divers-justice\/je-suis-sous-le-choc-la-soeur-du-prof-disparu-dans-le-pilat-ignorait-que-son-frere-etait-vise-par-2-plaintes-pour-viol-9578145\" rel=\"nofollow noopener\">par la presse ces r\u00e9v\u00e9lations<\/a>. Elle a adress\u00e9 ses excuses, demandant aux internautes de plus relayer son appel \u00e0 t\u00e9moins. La page Facebook consacr\u00e9e au disparu a depuis \u00e9t\u00e9 ferm\u00e9e. \u00ab\u00a0Je laisse \u00e0 pr\u00e9sent la justice faire son travail, indique-t-elle, et j\u2019esp\u00e8re que toute la lumi\u00e8re sera faite sur cette histoire.\u00a0\u00bb<\/p>\n","protected":false},"excerpt":{"rendered":"Il n\u2019a plus donn\u00e9 signe de vie depuis le 11\u00a0mai dernier. Christophe Barbereau, 44\u00a0ans, enseigne la philosophie au&hellip;\n","protected":false},"author":2,"featured_media":140349,"comment_status":"","ping_status":"","sticky":false,"template":"","format":"standard","meta":{"footnotes":""},"categories":[4],"tags":[328,11,26785,3469,274,1011,27,329,4368,6127,12,25],"class_list":{"0":"post-140348","1":"post","2":"type-post","3":"status-publish","4":"format-standard","5":"has-post-thumbnail","7":"category-france","8":"tag-a-la-une","9":"tag-actualites","10":"tag-avaray","11":"tag-blois","12":"tag-faits-divers-justice","13":"tag-fr","14":"tag-france","15":"tag-france-monde","16":"tag-loir-et-cher","17":"tag-mer","18":"tag-news","19":"tag-republique-francaise"},"share_on_mastodon":{"url":"https:\/\/pubeurope.com\/@fr\/114599354943553102","error":""},"_links":{"self":[{"href":"https:\/\/www.europesays.com\/fr\/wp-json\/wp\/v2\/posts\/140348","targetHints":{"allow":["GET"]}}],"collection":[{"href":"https:\/\/www.europesays.com\/fr\/wp-json\/wp\/v2\/posts"}],"about":[{"href":"https:\/\/www.europesays.com\/fr\/wp-json\/wp\/v2\/types\/post"}],"author":[{"embeddable":true,"href":"https:\/\/www.europesays.com\/fr\/wp-json\/wp\/v2\/users\/2"}],"replies":[{"embeddable":true,"href":"https:\/\/www.europesays.com\/fr\/wp-json\/wp\/v2\/comments?post=140348"}],"version-history":[{"count":0,"href":"https:\/\/www.europesays.com\/fr\/wp-json\/wp\/v2\/posts\/140348\/revisions"}],"wp:featuredmedia":[{"embeddable":true,"href":"https:\/\/www.europesays.com\/fr\/wp-json\/wp\/v2\/media\/140349"}],"wp:attachment":[{"href":"https:\/\/www.europesays.com\/fr\/wp-json\/wp\/v2\/media?parent=140348"}],"wp:term":[{"taxonomy":"category","embeddable":true,"href":"https:\/\/www.europesays.com\/fr\/wp-json\/wp\/v2\/categories?post=140348"},{"taxonomy":"post_tag","embeddable":true,"href":"https:\/\/www.europesays.com\/fr\/wp-json\/wp\/v2\/tags?post=140348"}],"curies":[{"name":"wp","href":"https:\/\/api.w.org\/{rel}","templated":true}]}}