{"id":140369,"date":"2025-05-30T23:36:13","date_gmt":"2025-05-30T23:36:13","guid":{"rendered":"https:\/\/www.europesays.com\/fr\/140369\/"},"modified":"2025-05-30T23:36:13","modified_gmt":"2025-05-30T23:36:13","slug":"previsions-du-samedi-31-mai-2025","status":"publish","type":"post","link":"https:\/\/www.europesays.com\/fr\/140369\/","title":{"rendered":"pr\u00e9visions du samedi 31 mai 2025"},"content":{"rendered":"<p>Aujourd&rsquo;hui, les temp\u00e9ratures seront comprises entre 12 et 24\u00b0C \u00e0 Rennes. Un modeste vent de nord sera ressenti par les habitants. La matin\u00e9e qui s&rsquo;annonce, promet d&rsquo;\u00eatre superbe et ensoleill\u00e9e ! L&rsquo;apr\u00e8s-midi, apr\u00e8s un petit passage nuageux, le vent va peu \u00e0 peu chasser la grisaille. C&rsquo;est une hausse de quelques degr\u00e9s que vont conna\u00eetre les temp\u00e9ratures. Les valeurs s&rsquo;\u00e9chelonneront entre 22\u00b0C et 24\u00b0C. Il fera 18\u00b0C en moyenne le soir. Le passage de samedi \u00e0 dimanche se fera sous un ciel d\u00e9pourvu de nuages.<\/p>\n<p>La grisaille ne se disperse toujours pas, il va y avoir encore des nuages demain. Il faudra pr\u00e9voir des perturbations \u00e0 Rennes, les Rennais se retrouveront sous des pluies \u00e9parses. Une chute des temp\u00e9ratures est pr\u00e9vue. Il va faire environ 15\u00b0C. Un vent de nord-ouest rafra\u00eechira sensiblement l&rsquo;atmosph\u00e8re. Un temps voil\u00e9 avec une apparition de nuages est annonc\u00e9 dans la matin\u00e9e. On notera la pr\u00e9sence persistante de nuages demain apr\u00e8s-midi. Les temp\u00e9ratures s&rsquo;\u00e9chelonneront de 18 \u00e0 20\u00b0C. La soir\u00e9e va rester grise \u00e0 cause de nuages qui perdurent dans le ciel. Il va pleuvoir. Les valeurs avoisineront les 14\u00b0C.<\/p>\n<p>Les conditions m\u00e9t\u00e9orologiques seront assez mitig\u00e9es les jours suivants. On pr\u00e9voit une d\u00e9gradation mardi, apr\u00e8s un jour ensoleill\u00e9 lundi.<\/p>\n<p><\/p>\n","protected":false},"excerpt":{"rendered":"Aujourd&rsquo;hui, les temp\u00e9ratures seront comprises entre 12 et 24\u00b0C \u00e0 Rennes. Un modeste vent de nord sera ressenti&hellip;\n","protected":false},"author":2,"featured_media":140370,"comment_status":"","ping_status":"","sticky":false,"template":"","format":"standard","meta":{"footnotes":""},"categories":[2821],"tags":[1111,11,829,1777,674,1011,27,848,12,2119,584,25],"class_list":{"0":"post-140369","1":"post","2":"type-post","3":"status-publish","4":"format-standard","5":"has-post-thumbnail","7":"category-rennes","8":"tag-actu","9":"tag-actualites","10":"tag-bretagne","11":"tag-eu","12":"tag-europe","13":"tag-fr","14":"tag-france","15":"tag-ille-et-vilaine","16":"tag-news","17":"tag-previsions-meteo","18":"tag-rennes","19":"tag-republique-francaise"},"share_on_mastodon":{"url":"https:\/\/pubeurope.com\/@fr\/114599413938274852","error":""},"_links":{"self":[{"href":"https:\/\/www.europesays.com\/fr\/wp-json\/wp\/v2\/posts\/140369","targetHints":{"allow":["GET"]}}],"collection":[{"href":"https:\/\/www.europesays.com\/fr\/wp-json\/wp\/v2\/posts"}],"about":[{"href":"https:\/\/www.europesays.com\/fr\/wp-json\/wp\/v2\/types\/post"}],"author":[{"embeddable":true,"href":"https:\/\/www.europesays.com\/fr\/wp-json\/wp\/v2\/users\/2"}],"replies":[{"embeddable":true,"href":"https:\/\/www.europesays.com\/fr\/wp-json\/wp\/v2\/comments?post=140369"}],"version-history":[{"count":0,"href":"https:\/\/www.europesays.com\/fr\/wp-json\/wp\/v2\/posts\/140369\/revisions"}],"wp:featuredmedia":[{"embeddable":true,"href":"https:\/\/www.europesays.com\/fr\/wp-json\/wp\/v2\/media\/140370"}],"wp:attachment":[{"href":"https:\/\/www.europesays.com\/fr\/wp-json\/wp\/v2\/media?parent=140369"}],"wp:term":[{"taxonomy":"category","embeddable":true,"href":"https:\/\/www.europesays.com\/fr\/wp-json\/wp\/v2\/categories?post=140369"},{"taxonomy":"post_tag","embeddable":true,"href":"https:\/\/www.europesays.com\/fr\/wp-json\/wp\/v2\/tags?post=140369"}],"curies":[{"name":"wp","href":"https:\/\/api.w.org\/{rel}","templated":true}]}}