{"id":140377,"date":"2025-05-30T23:40:10","date_gmt":"2025-05-30T23:40:10","guid":{"rendered":"https:\/\/www.europesays.com\/fr\/140377\/"},"modified":"2025-05-30T23:40:10","modified_gmt":"2025-05-30T23:40:10","slug":"previsions-du-samedi-31-mai-2025-2","status":"publish","type":"post","link":"https:\/\/www.europesays.com\/fr\/140377\/","title":{"rendered":"pr\u00e9visions du samedi 31 mai 2025"},"content":{"rendered":"<p>La journ\u00e9e qui s&rsquo;annonce \u00e0 Nice, promet d&rsquo;\u00eatre superbe et ensoleill\u00e9e ! Il va faire environ 22\u00b0C. Les temp\u00e9ratures afficheront entre 21\u00b0C et 24\u00b0C dans la matin\u00e9e. Une l\u00e9g\u00e8re brise de sud-est soufflera. Les maximales iront jusqu&rsquo;\u00e0 24\u00b0C dans l&rsquo;apr\u00e8s-midi tandis que les minimales seront de 22\u00b0C. Mauvais temps : on pr\u00e9voit des pluies \u00e9parses pour le soir. Les valeurs tourneront autour des 20\u00b0C. Le ciel sera limpide dans la nuit de samedi \u00e0 dimanche.<\/p>\n<p>Demain, les Ni\u00e7ois vont pouvoir b\u00e9n\u00e9ficier d&rsquo;un soleil magnifique. Le mercure va chuter de quelques degr\u00e9s. Les temp\u00e9ratures seront comprises entre 18 et 23\u00b0C. Un modeste vent de sud-est sera ressenti par les habitants. Dans la matin\u00e9e, les temp\u00e9ratures avoisineront les 22\u00b0C. Les valeurs s&rsquo;\u00e9chelonneront entre 21 et 23\u00b0C pendant l&rsquo;apr\u00e8s-midi. Il fera 20\u00b0C en moyenne demain soir.<\/p>\n<p>Les jours passent et se ressemblent. Des temp\u00e9ratures dans les 21\u00b0C iront de pair avec un ciel ensoleill\u00e9.<\/p>\n<p><\/p>\n","protected":false},"excerpt":{"rendered":"La journ\u00e9e qui s&rsquo;annonce \u00e0 Nice, promet d&rsquo;\u00eatre superbe et ensoleill\u00e9e ! Il va faire environ 22\u00b0C. Les&hellip;\n","protected":false},"author":2,"featured_media":140378,"comment_status":"","ping_status":"","sticky":false,"template":"","format":"standard","meta":{"footnotes":""},"categories":[2819],"tags":[1111,11,2898,1777,674,1011,27,12,2401,883,2119,882,25],"class_list":{"0":"post-140377","1":"post","2":"type-post","3":"status-publish","4":"format-standard","5":"has-post-thumbnail","7":"category-nice","8":"tag-actu","9":"tag-actualites","10":"tag-alpes-maritimes","11":"tag-eu","12":"tag-europe","13":"tag-fr","14":"tag-france","15":"tag-news","16":"tag-nice","17":"tag-paca","18":"tag-previsions-meteo","19":"tag-provence-alpes-cote-dazur","20":"tag-republique-francaise"},"share_on_mastodon":{"url":"https:\/\/pubeurope.com\/@fr\/114599429595998802","error":""},"_links":{"self":[{"href":"https:\/\/www.europesays.com\/fr\/wp-json\/wp\/v2\/posts\/140377","targetHints":{"allow":["GET"]}}],"collection":[{"href":"https:\/\/www.europesays.com\/fr\/wp-json\/wp\/v2\/posts"}],"about":[{"href":"https:\/\/www.europesays.com\/fr\/wp-json\/wp\/v2\/types\/post"}],"author":[{"embeddable":true,"href":"https:\/\/www.europesays.com\/fr\/wp-json\/wp\/v2\/users\/2"}],"replies":[{"embeddable":true,"href":"https:\/\/www.europesays.com\/fr\/wp-json\/wp\/v2\/comments?post=140377"}],"version-history":[{"count":0,"href":"https:\/\/www.europesays.com\/fr\/wp-json\/wp\/v2\/posts\/140377\/revisions"}],"wp:featuredmedia":[{"embeddable":true,"href":"https:\/\/www.europesays.com\/fr\/wp-json\/wp\/v2\/media\/140378"}],"wp:attachment":[{"href":"https:\/\/www.europesays.com\/fr\/wp-json\/wp\/v2\/media?parent=140377"}],"wp:term":[{"taxonomy":"category","embeddable":true,"href":"https:\/\/www.europesays.com\/fr\/wp-json\/wp\/v2\/categories?post=140377"},{"taxonomy":"post_tag","embeddable":true,"href":"https:\/\/www.europesays.com\/fr\/wp-json\/wp\/v2\/tags?post=140377"}],"curies":[{"name":"wp","href":"https:\/\/api.w.org\/{rel}","templated":true}]}}