{"id":140379,"date":"2025-05-30T23:41:10","date_gmt":"2025-05-30T23:41:10","guid":{"rendered":"https:\/\/www.europesays.com\/fr\/140379\/"},"modified":"2025-05-30T23:41:10","modified_gmt":"2025-05-30T23:41:10","slug":"semaine-nationale-de-la-prevention-du-diabete-cinq-jours-pour-tout-savoir-et-se-faire-depister-a-nice","status":"publish","type":"post","link":"https:\/\/www.europesays.com\/fr\/140379\/","title":{"rendered":"Semaine nationale de la pr\u00e9vention du diab\u00e8te : cinq jours pour tout savoir et se faire d\u00e9pister \u00e0 Nice"},"content":{"rendered":"<p>Le diab\u00e8te augmente chaque ann\u00e9e. En France, <strong>une personne sur sept en est atteinte au type 2 sans m\u00eame le savoir.<\/strong> Face \u00e0 la prolif\u00e9ration de la maladie, le dispositif Nice Acti\u2019Sant\u00e9 de la Ville de Nice lance une campagne de sensibilisation et de d\u00e9pistage du 2 au 6 juin.<\/p>\n<p>\u00c0 l\u2019occasion de la semaine nationale de pr\u00e9vention du diab\u00e8te, la Ville propose de r\u00e9aliser un bilan de forme gratuitement, sur inscription, et de faire v\u00e9rifier sa tension art\u00e9rielle et sa glyc\u00e9mie.<\/p>\n<p>Il est \u00e9galement possible de participer \u00e0 quatre ateliers fitness pour se remettre en forme (tarif: 2 euros). \u00ab\u00a0\u00c0 Nice, 30% des habitants de plus de 60 ans seraient diab\u00e9tiques ou \u00e0 risque. Cette pr\u00e9occupation augmente de 5% par an depuis 10 ans\u00a0\u00bb, explique la ville de Nice dans un communiqu\u00e9.<\/p>\n<p><strong>Des services dans toute la ville<\/strong><\/p>\n<p>Pour r\u00e9aliser un bilan de forme, des points seront disponibles \u00e0 la maison des associations Garibaldi, le 2 juin de 14h \u00e0 17h; au centre AnimaNice Gorbella, le 3 juin de 14h \u00e0 17h; ainsi qu\u2019\u00e0 la maison des associations Saint-Roch, le 4 juin de 9h \u00e0 12h.<\/p>\n<p>Enfin, pour faire v\u00e9rifier sa glyc\u00e9mie et sa tension art\u00e9rielle gratuitement, il faudra se rendre<strong> au centre de vaccinations rue Hancy<\/strong>, les 2, 3 ou 5 juin de 9h \u00e0 12h30; <strong>au centre social avenue Martin Luther King<\/strong>, le 2 juin de 9h \u00e0 12h; <strong>sur la place de l\u2019\u00c9glise de l\u2019Ariane<\/strong> le 3 juin et <strong>\u00e0 l\u2019Escale de la MJC Agora Nice-Est<\/strong>, le 6 juin aux m\u00eames horaires et <strong>sur la placette Yanis Coviaux<\/strong>, le 4 juin de 9h \u00e0 11h30.<\/p>\n","protected":false},"excerpt":{"rendered":"Le diab\u00e8te augmente chaque ann\u00e9e. En France, une personne sur sept en est atteinte au type 2 sans&hellip;\n","protected":false},"author":2,"featured_media":140380,"comment_status":"","ping_status":"","sticky":false,"template":"","format":"standard","meta":{"footnotes":""},"categories":[2819],"tags":[1111,11,1777,674,1011,27,12,2401,882,25,71,3366],"class_list":{"0":"post-140379","1":"post","2":"type-post","3":"status-publish","4":"format-standard","5":"has-post-thumbnail","7":"category-nice","8":"tag-actu","9":"tag-actualites","10":"tag-eu","11":"tag-europe","12":"tag-fr","13":"tag-france","14":"tag-news","15":"tag-nice","16":"tag-provence-alpes-cote-dazur","17":"tag-republique-francaise","18":"tag-sante","19":"tag-vie-locale"},"share_on_mastodon":{"url":"https:\/\/pubeurope.com\/@fr\/114599433514286286","error":""},"_links":{"self":[{"href":"https:\/\/www.europesays.com\/fr\/wp-json\/wp\/v2\/posts\/140379","targetHints":{"allow":["GET"]}}],"collection":[{"href":"https:\/\/www.europesays.com\/fr\/wp-json\/wp\/v2\/posts"}],"about":[{"href":"https:\/\/www.europesays.com\/fr\/wp-json\/wp\/v2\/types\/post"}],"author":[{"embeddable":true,"href":"https:\/\/www.europesays.com\/fr\/wp-json\/wp\/v2\/users\/2"}],"replies":[{"embeddable":true,"href":"https:\/\/www.europesays.com\/fr\/wp-json\/wp\/v2\/comments?post=140379"}],"version-history":[{"count":0,"href":"https:\/\/www.europesays.com\/fr\/wp-json\/wp\/v2\/posts\/140379\/revisions"}],"wp:featuredmedia":[{"embeddable":true,"href":"https:\/\/www.europesays.com\/fr\/wp-json\/wp\/v2\/media\/140380"}],"wp:attachment":[{"href":"https:\/\/www.europesays.com\/fr\/wp-json\/wp\/v2\/media?parent=140379"}],"wp:term":[{"taxonomy":"category","embeddable":true,"href":"https:\/\/www.europesays.com\/fr\/wp-json\/wp\/v2\/categories?post=140379"},{"taxonomy":"post_tag","embeddable":true,"href":"https:\/\/www.europesays.com\/fr\/wp-json\/wp\/v2\/tags?post=140379"}],"curies":[{"name":"wp","href":"https:\/\/api.w.org\/{rel}","templated":true}]}}