{"id":140381,"date":"2025-05-30T23:42:08","date_gmt":"2025-05-30T23:42:08","guid":{"rendered":"https:\/\/www.europesays.com\/fr\/140381\/"},"modified":"2025-05-30T23:42:08","modified_gmt":"2025-05-30T23:42:08","slug":"previsions-du-samedi-31-mai-2025-3","status":"publish","type":"post","link":"https:\/\/www.europesays.com\/fr\/140381\/","title":{"rendered":"pr\u00e9visions du samedi 31 mai 2025"},"content":{"rendered":"<p>Aujourd&rsquo;hui, les temp\u00e9ratures seront comprises entre 14 et 26\u00b0C \u00e0 Nantes. Le ciel sera relativement lumineux, avec quelques \u00e9claircies le matin. Les temp\u00e9ratures avoisineront les 21\u00b0C. Un vent de nord-ouest soufflera l\u00e9g\u00e8rement, avec 11 km\/h. Un magnifique soleil va briller et ce, tout au long de l&rsquo;apr\u00e8s-midi. Les temp\u00e9ratures vont conna\u00eetre une augmentation de quelques degr\u00e9s. Les valeurs afficheront entre 23 et 26\u00b0C. Pendant votre sommeil, dans la nuit de samedi \u00e0 dimanche, le ciel sera brumeux.<\/p>\n<p>Demain, un ciel avec des \u00e9claircies va progressivement remplacer les nuages \u00e0 Nantes. Les temp\u00e9ratures vont chuter de quelques degr\u00e9s. Les valeurs s&rsquo;\u00e9chelonneront entre 11 et 22\u00b0C. Un vent de nord-ouest rafra\u00eechira sensiblement l&rsquo;atmosph\u00e8re. Les valeurs seront comprises entre 20 et 22\u00b0C demain apr\u00e8s-midi. Il va faire 16\u00b0C en moyenne demain soir.<\/p>\n<p>Pour la suite, la m\u00e9t\u00e9o ne bougera pas. Des temp\u00e9ratures dans les 15\u00b0C iront de pair avec un ciel ensoleill\u00e9.<\/p>\n<p><\/p>\n","protected":false},"excerpt":{"rendered":"Aujourd&rsquo;hui, les temp\u00e9ratures seront comprises entre 14 et 26\u00b0C \u00e0 Nantes. Le ciel sera relativement lumineux, avec quelques&hellip;\n","protected":false},"author":2,"featured_media":140382,"comment_status":"","ping_status":"","sticky":false,"template":"","format":"standard","meta":{"footnotes":""},"categories":[2818],"tags":[1111,11,1777,674,1011,27,3047,766,12,2636,2119,25],"class_list":{"0":"post-140381","1":"post","2":"type-post","3":"status-publish","4":"format-standard","5":"has-post-thumbnail","7":"category-nantes","8":"tag-actu","9":"tag-actualites","10":"tag-eu","11":"tag-europe","12":"tag-fr","13":"tag-france","14":"tag-loire-atlantique","15":"tag-nantes","16":"tag-news","17":"tag-pays-de-la-loire","18":"tag-previsions-meteo","19":"tag-republique-francaise"},"share_on_mastodon":{"url":"https:\/\/pubeurope.com\/@fr\/114599437498560283","error":""},"_links":{"self":[{"href":"https:\/\/www.europesays.com\/fr\/wp-json\/wp\/v2\/posts\/140381","targetHints":{"allow":["GET"]}}],"collection":[{"href":"https:\/\/www.europesays.com\/fr\/wp-json\/wp\/v2\/posts"}],"about":[{"href":"https:\/\/www.europesays.com\/fr\/wp-json\/wp\/v2\/types\/post"}],"author":[{"embeddable":true,"href":"https:\/\/www.europesays.com\/fr\/wp-json\/wp\/v2\/users\/2"}],"replies":[{"embeddable":true,"href":"https:\/\/www.europesays.com\/fr\/wp-json\/wp\/v2\/comments?post=140381"}],"version-history":[{"count":0,"href":"https:\/\/www.europesays.com\/fr\/wp-json\/wp\/v2\/posts\/140381\/revisions"}],"wp:featuredmedia":[{"embeddable":true,"href":"https:\/\/www.europesays.com\/fr\/wp-json\/wp\/v2\/media\/140382"}],"wp:attachment":[{"href":"https:\/\/www.europesays.com\/fr\/wp-json\/wp\/v2\/media?parent=140381"}],"wp:term":[{"taxonomy":"category","embeddable":true,"href":"https:\/\/www.europesays.com\/fr\/wp-json\/wp\/v2\/categories?post=140381"},{"taxonomy":"post_tag","embeddable":true,"href":"https:\/\/www.europesays.com\/fr\/wp-json\/wp\/v2\/tags?post=140381"}],"curies":[{"name":"wp","href":"https:\/\/api.w.org\/{rel}","templated":true}]}}