{"id":140386,"date":"2025-05-30T23:45:10","date_gmt":"2025-05-30T23:45:10","guid":{"rendered":"https:\/\/www.europesays.com\/fr\/140386\/"},"modified":"2025-05-30T23:45:10","modified_gmt":"2025-05-30T23:45:10","slug":"previsions-du-samedi-31-mai-2025-4","status":"publish","type":"post","link":"https:\/\/www.europesays.com\/fr\/140386\/","title":{"rendered":"pr\u00e9visions du samedi 31 mai 2025"},"content":{"rendered":"<p>Aujourd&rsquo;hui, les Bordelais vont pouvoir b\u00e9n\u00e9ficier d&rsquo;un soleil magnifique. Les valeurs seront de 17\u00b0C au plus bas et de 28\u00b0C au plus haut. Il va faire 23\u00b0C en moyenne le matin. Une l\u00e9g\u00e8re brise de sud-ouest soufflera. L&rsquo;apr\u00e8s-midi, c&rsquo;est une hausse de quelques degr\u00e9s que vont enregistrer les temp\u00e9ratures. Ces valeurs s&rsquo;\u00e9chelonneront entre 26 et 28\u00b0C. C&rsquo;est un ciel d\u00e9pourvu de nuages que conna\u00eetra la nuit de samedi \u00e0 dimanche.<\/p>\n<p>On notera la pr\u00e9sence persistante de nuages demain \u00e0 Bordeaux. Il faudra pr\u00e9voir son parapluie pour \u00e9viter les pluies \u00e9parses. Le mercure va chuter de quelques degr\u00e9s. Il fera en moyenne 19\u00b0C. Un petit vent de nord-ouest sera ressenti par les habitants. La matin\u00e9e va rester voil\u00e9e \u00e0 cause de nuages qui persistent dans le ciel. Le mercure affichera 20\u00b0C en moyenne. Demain apr\u00e8s-midi, le soleil sera cach\u00e9 derri\u00e8re des nuages. Les valeurs afficheront entre 21\u00b0C et 23\u00b0C. Les nuages \u00e0 pr\u00e9voir demain soir, et un ciel encore gris.<\/p>\n<p>La m\u00e9t\u00e9o des journ\u00e9es suivantes va changer peu \u00e0 peu. M\u00eame si le mauvais temps perdurera un peu lundi, il faut pr\u00e9voir une am\u00e9lioration par la suite.<\/p>\n<p><\/p>\n","protected":false},"excerpt":{"rendered":"Aujourd&rsquo;hui, les Bordelais vont pouvoir b\u00e9n\u00e9ficier d&rsquo;un soleil magnifique. Les valeurs seront de 17\u00b0C au plus bas et&hellip;\n","protected":false},"author":2,"featured_media":140387,"comment_status":"","ping_status":"","sticky":false,"template":"","format":"standard","meta":{"footnotes":""},"categories":[2817],"tags":[1111,11,3177,1997,1777,674,1011,27,2905,12,2219,2119,25],"class_list":{"0":"post-140386","1":"post","2":"type-post","3":"status-publish","4":"format-standard","5":"has-post-thumbnail","7":"category-bordeaux","8":"tag-actu","9":"tag-actualites","10":"tag-aquitaine","11":"tag-bordeaux","12":"tag-eu","13":"tag-europe","14":"tag-fr","15":"tag-france","16":"tag-gironde","17":"tag-news","18":"tag-nouvelle-aquitaine","19":"tag-previsions-meteo","20":"tag-republique-francaise"},"share_on_mastodon":{"url":"https:\/\/pubeurope.com\/@fr\/114599449281175234","error":""},"_links":{"self":[{"href":"https:\/\/www.europesays.com\/fr\/wp-json\/wp\/v2\/posts\/140386","targetHints":{"allow":["GET"]}}],"collection":[{"href":"https:\/\/www.europesays.com\/fr\/wp-json\/wp\/v2\/posts"}],"about":[{"href":"https:\/\/www.europesays.com\/fr\/wp-json\/wp\/v2\/types\/post"}],"author":[{"embeddable":true,"href":"https:\/\/www.europesays.com\/fr\/wp-json\/wp\/v2\/users\/2"}],"replies":[{"embeddable":true,"href":"https:\/\/www.europesays.com\/fr\/wp-json\/wp\/v2\/comments?post=140386"}],"version-history":[{"count":0,"href":"https:\/\/www.europesays.com\/fr\/wp-json\/wp\/v2\/posts\/140386\/revisions"}],"wp:featuredmedia":[{"embeddable":true,"href":"https:\/\/www.europesays.com\/fr\/wp-json\/wp\/v2\/media\/140387"}],"wp:attachment":[{"href":"https:\/\/www.europesays.com\/fr\/wp-json\/wp\/v2\/media?parent=140386"}],"wp:term":[{"taxonomy":"category","embeddable":true,"href":"https:\/\/www.europesays.com\/fr\/wp-json\/wp\/v2\/categories?post=140386"},{"taxonomy":"post_tag","embeddable":true,"href":"https:\/\/www.europesays.com\/fr\/wp-json\/wp\/v2\/tags?post=140386"}],"curies":[{"name":"wp","href":"https:\/\/api.w.org\/{rel}","templated":true}]}}