{"id":140388,"date":"2025-05-30T23:46:10","date_gmt":"2025-05-30T23:46:10","guid":{"rendered":"https:\/\/www.europesays.com\/fr\/140388\/"},"modified":"2025-05-30T23:46:10","modified_gmt":"2025-05-30T23:46:10","slug":"previsions-du-samedi-31-mai-2025-5","status":"publish","type":"post","link":"https:\/\/www.europesays.com\/fr\/140388\/","title":{"rendered":"pr\u00e9visions du samedi 31 mai 2025"},"content":{"rendered":"<p>Un magnifique soleil va briller sur Toulouse et ce, tout au long de la journ\u00e9e. Les maximales iront jusqu&rsquo;\u00e0 30\u00b0C et les minimales seront de 16\u00b0C. Un vent de nord-ouest soufflera un peu, avec 7 km\/h. Le matin, le thermom\u00e8tre affichera 23\u00b0C en moyenne. Les temp\u00e9ratures vont grimper pendant l&rsquo;apr\u00e8s-midi de plusieurs degr\u00e9s. La ville va ressentir des fortes chaleurs avec des valeurs qui devraient monter jusqu&rsquo;\u00e0 30\u00b0C. Les temp\u00e9ratures afficheront entre 28\u00b0C et 30\u00b0C. Il fera 25\u00b0C en moyenne le soir. Entre samedi et dimanche, la nuit sera claire.<\/p>\n<p>Demain, on pr\u00e9voit pour Toulouse des valeurs d&rsquo;environ 23\u00b0C. Un vent de nord-ouest rafra\u00eechira sensiblement l&rsquo;atmosph\u00e8re. Petits et grands pourront appr\u00e9cier leur matin\u00e9e sous un ciel l\u00e9g\u00e8rement nuageux. Les temp\u00e9ratures seront de 23\u00b0C. Demain apr\u00e8s-midi, un important soleil brillera. C&rsquo;est une hausse de plusieurs degr\u00e9s que vont enregistrer les temp\u00e9ratures. Ces valeurs s&rsquo;\u00e9chelonneront entre 26 et 29\u00b0C. La soir\u00e9e aura lieu sous un ciel mitig\u00e9, marqu\u00e9e par des averses.<\/p>\n<p>Une d\u00e9gradation est attendue les jours suivants. Il va faire un temps plut\u00f4t pluvieux avec des temp\u00e9ratures avoisinant 17\u00b0C.<\/p>\n<p><\/p>\n","protected":false},"excerpt":{"rendered":"Un magnifique soleil va briller sur Toulouse et ce, tout au long de la journ\u00e9e. Les maximales iront&hellip;\n","protected":false},"author":2,"featured_media":140389,"comment_status":"","ping_status":"","sticky":false,"template":"","format":"standard","meta":{"footnotes":""},"categories":[2816],"tags":[1111,11,1777,674,1011,27,2722,2721,12,2680,2119,25,2312],"class_list":{"0":"post-140388","1":"post","2":"type-post","3":"status-publish","4":"format-standard","5":"has-post-thumbnail","7":"category-toulouse","8":"tag-actu","9":"tag-actualites","10":"tag-eu","11":"tag-europe","12":"tag-fr","13":"tag-france","14":"tag-haute-garonne","15":"tag-midi-pyrenees","16":"tag-news","17":"tag-occitanie","18":"tag-previsions-meteo","19":"tag-republique-francaise","20":"tag-toulouse"},"share_on_mastodon":{"url":"https:\/\/pubeurope.com\/@fr\/114599453189376492","error":""},"_links":{"self":[{"href":"https:\/\/www.europesays.com\/fr\/wp-json\/wp\/v2\/posts\/140388","targetHints":{"allow":["GET"]}}],"collection":[{"href":"https:\/\/www.europesays.com\/fr\/wp-json\/wp\/v2\/posts"}],"about":[{"href":"https:\/\/www.europesays.com\/fr\/wp-json\/wp\/v2\/types\/post"}],"author":[{"embeddable":true,"href":"https:\/\/www.europesays.com\/fr\/wp-json\/wp\/v2\/users\/2"}],"replies":[{"embeddable":true,"href":"https:\/\/www.europesays.com\/fr\/wp-json\/wp\/v2\/comments?post=140388"}],"version-history":[{"count":0,"href":"https:\/\/www.europesays.com\/fr\/wp-json\/wp\/v2\/posts\/140388\/revisions"}],"wp:featuredmedia":[{"embeddable":true,"href":"https:\/\/www.europesays.com\/fr\/wp-json\/wp\/v2\/media\/140389"}],"wp:attachment":[{"href":"https:\/\/www.europesays.com\/fr\/wp-json\/wp\/v2\/media?parent=140388"}],"wp:term":[{"taxonomy":"category","embeddable":true,"href":"https:\/\/www.europesays.com\/fr\/wp-json\/wp\/v2\/categories?post=140388"},{"taxonomy":"post_tag","embeddable":true,"href":"https:\/\/www.europesays.com\/fr\/wp-json\/wp\/v2\/tags?post=140388"}],"curies":[{"name":"wp","href":"https:\/\/api.w.org\/{rel}","templated":true}]}}