{"id":140392,"date":"2025-05-30T23:48:09","date_gmt":"2025-05-30T23:48:09","guid":{"rendered":"https:\/\/www.europesays.com\/fr\/140392\/"},"modified":"2025-05-30T23:48:09","modified_gmt":"2025-05-30T23:48:09","slug":"previsions-du-samedi-31-mai-2025-6","status":"publish","type":"post","link":"https:\/\/www.europesays.com\/fr\/140392\/","title":{"rendered":"pr\u00e9visions du samedi 31 mai 2025"},"content":{"rendered":"<p>La journ\u00e9e qui s&rsquo;annonce \u00e0 Lille, promet d&rsquo;\u00eatre belle et ensoleill\u00e9e ! Les temp\u00e9ratures s&rsquo;\u00e9chelonneront de 13 \u00e0 25\u00b0C. Une brise d&rsquo;ouest soufflera l\u00e9g\u00e8rement. Le matin, on pr\u00e9voit des valeurs avoisinant 20\u00b0C. Les temp\u00e9ratures vont enregistrer une hausse de plusieurs degr\u00e9s pendant l&rsquo;apr\u00e8s-midi. Les valeurs afficheront entre 24\u00b0C et 25\u00b0C. Il fera en moyenne 19\u00b0C, le soir. Durant la nuit de samedi \u00e0 dimanche, le ciel sera d\u00e9pourvu de nuages.<\/p>\n<p>Une chute des temp\u00e9ratures est attendue \u00e0 Lille, demain. Il va faire 16\u00b0C en moyenne. Un vent de sud-ouest rafra\u00eechira sensiblement l&rsquo;atmosph\u00e8re. Cette matin\u00e9e rimera avec grand soleil. C&rsquo;est \u00e0 un ciel couvert de nuages qu&rsquo;il faudra s&rsquo;attendre demain apr\u00e8s-midi. Les valeurs seront comprises entre 18 et 21\u00b0C. La soir\u00e9e va rester voil\u00e9e \u00e0 cause de nuages qui persistent dans le ciel.<\/p>\n<p>Des changements sont annonc\u00e9s les jours qui suivent. Le temps sera pluvieux lundi mais il conna\u00eetra une am\u00e9lioration mardi.<\/p>\n<p><\/p>\n","protected":false},"excerpt":{"rendered":"La journ\u00e9e qui s&rsquo;annonce \u00e0 Lille, promet d&rsquo;\u00eatre belle et ensoleill\u00e9e ! Les temp\u00e9ratures s&rsquo;\u00e9chelonneront de 13 \u00e0&hellip;\n","protected":false},"author":2,"featured_media":140393,"comment_status":"","ping_status":"","sticky":false,"template":"","format":"standard","meta":{"footnotes":""},"categories":[2815],"tags":[1111,11,1777,674,1011,27,811,1307,12,1308,1309,2119,25],"class_list":{"0":"post-140392","1":"post","2":"type-post","3":"status-publish","4":"format-standard","5":"has-post-thumbnail","7":"category-lille","8":"tag-actu","9":"tag-actualites","10":"tag-eu","11":"tag-europe","12":"tag-fr","13":"tag-france","14":"tag-hauts-de-france","15":"tag-lille","16":"tag-news","17":"tag-nord","18":"tag-nord-pas-de-calais","19":"tag-previsions-meteo","20":"tag-republique-francaise"},"share_on_mastodon":{"url":"https:\/\/pubeurope.com\/@fr\/114599461057922999","error":""},"_links":{"self":[{"href":"https:\/\/www.europesays.com\/fr\/wp-json\/wp\/v2\/posts\/140392","targetHints":{"allow":["GET"]}}],"collection":[{"href":"https:\/\/www.europesays.com\/fr\/wp-json\/wp\/v2\/posts"}],"about":[{"href":"https:\/\/www.europesays.com\/fr\/wp-json\/wp\/v2\/types\/post"}],"author":[{"embeddable":true,"href":"https:\/\/www.europesays.com\/fr\/wp-json\/wp\/v2\/users\/2"}],"replies":[{"embeddable":true,"href":"https:\/\/www.europesays.com\/fr\/wp-json\/wp\/v2\/comments?post=140392"}],"version-history":[{"count":0,"href":"https:\/\/www.europesays.com\/fr\/wp-json\/wp\/v2\/posts\/140392\/revisions"}],"wp:featuredmedia":[{"embeddable":true,"href":"https:\/\/www.europesays.com\/fr\/wp-json\/wp\/v2\/media\/140393"}],"wp:attachment":[{"href":"https:\/\/www.europesays.com\/fr\/wp-json\/wp\/v2\/media?parent=140392"}],"wp:term":[{"taxonomy":"category","embeddable":true,"href":"https:\/\/www.europesays.com\/fr\/wp-json\/wp\/v2\/categories?post=140392"},{"taxonomy":"post_tag","embeddable":true,"href":"https:\/\/www.europesays.com\/fr\/wp-json\/wp\/v2\/tags?post=140392"}],"curies":[{"name":"wp","href":"https:\/\/api.w.org\/{rel}","templated":true}]}}