{"id":140394,"date":"2025-05-30T23:50:23","date_gmt":"2025-05-30T23:50:23","guid":{"rendered":"https:\/\/www.europesays.com\/fr\/140394\/"},"modified":"2025-05-30T23:50:23","modified_gmt":"2025-05-30T23:50:23","slug":"la-marque-de-casquettes-lxh-prend-un-nouveau-tournant","status":"publish","type":"post","link":"https:\/\/www.europesays.com\/fr\/140394\/","title":{"rendered":"La marque de casquettes LXH prend un nouveau tournant"},"content":{"rendered":"<p>Saint-Tropez, Marseille, la C\u00f4te d&rsquo;Azur (pour ne citer qu\u2019elles) ont longtemps \u00e9t\u00e9 le terrain de jeu de LXH, p\u00e9pite marseillaise qui a lanc\u00e9 la casquette \u00e9ponyme. Depuis un incontestable accessoire de mode, LXH a \u00e9t\u00e9 lanc\u00e9 en\u00a02016 en plein c\u0153ur du centre-ville marseillais. En\u00a02024, l\u2019entreprise marseillaise a pris un nouveau virage avec le d\u00e9part de Lucas Tourrasse, fondateur, ayant choisi d\u2019explorer de nouveaux horizons. Pour assurer la continuit\u00e9 et la croissance de cette belle aventure, il a naturellement confi\u00e9 la pr\u00e9sidence \u00e0 Michel Assadourian, actionnaire historique et fervent d\u00e9fenseur de l\u2019identit\u00e9 de la marque.<br \/>En 2025, LXH a ainsi rejoint le Groupe Wilem. \u00ab\u00a0J\u2019ai l\u2019ambition de pr\u00e9server l\u2019\u00e2me de la marque tout en l\u2019amenant vers une nouvelle dimension. Cette transition se fait dans la continuit\u00e9, avec la volont\u00e9 de pr\u00e9server l\u2019ADN marseillais et haut de gamme de LXH, et d\u2019ancrer la marque vers une nouvelle dynamique de croissance, d\u2019innovation et d\u2019engagement responsable\u00a0\u00bb, confie <a href=\"https:\/\/www.laprovence.com\/article\/economie\/6414027\/michel-assadourian-le-fondateur-marseillais-de-wiko-fait-vibrer-les-pepites.html\" target=\"_blank\" rel=\"noopener\">Michel Assadourian.<\/a> Dans les locaux de la rue Stanislas-Torrens, dans le sixi\u00e8me arrondissement de Marseille, on ne cache pas la satisfaction \u00e0 avoir retravaill\u00e9 le mod\u00e8le \u00e9conomique de la structure.<\/p>\n<p>\u00ab\u00a0Incarner l&rsquo;esprit de Marseille\u00a0\u00bb<\/p>\n<p>D\u00e9sormais, \u00ab\u00a0les salari\u00e9s pourront devenir actionnaires de l\u2019entreprise. Une reconnaissance forte pour ces piliers de l\u2019ombre qui, depuis les d\u00e9buts, ont fa\u00e7onn\u00e9 la r\u00e9ussite de LXH. Cette dynamique collective vise \u00e0 stimuler l\u2019innovation et la cr\u00e9ativit\u00e9 au service de la marque et de ses clients, poursuit le chef d\u2019entreprise. Tr\u00e8s attach\u00e9 \u00e0 ma ville, je veux que LXH incarne l\u2019esprit de Marseille. Marseille, ce n\u2019est pas seulement notre berceau, c\u2019est notre source d\u2019inspiration. Ses couleurs, sa lumi\u00e8re, sa diversit\u00e9 culturelle fa\u00e7onnent notre univers esth\u00e9tique. Nous sommes fiers de porter ses valeurs\u00a0: authenticit\u00e9, audace, ouverture. M\u00eame \u00e0 l\u2019international, cette empreinte marseillaise reste notre signature.\u00a0\u00bb<\/p>\n<p>L\u2019homme est un initi\u00e9 et a notamment \u00e9t\u00e9 \u00e0 l\u2019origine des t\u00e9l\u00e9phones portables <a href=\"https:\/\/www.laprovence.com\/article\/economie\/5668743\/le-marseillais-wiko-reduit-ses-effectifs.html\" target=\"_blank\" rel=\"noopener\">Wiko<\/a>. S\u2019il avoue bien honn\u00eatement ne pas venir du monde de la mode, son esprit visionnaire affiche d\u2019ores et d\u00e9j\u00e0 le plein d\u2019ambitions. C\u00f4t\u00e9 collection, \u00ab\u00a0nous travaillons \u00e0 ce qu\u2019LXH puisse devenir une r\u00e9f\u00e9rence de la casquette et du <a href=\"https:\/\/www.laprovence.com\/article\/edition-alpes\/6867162\/le-sombrero-couvre-chef-officiel-a-barcelonnette.html\" target=\"_blank\" rel=\"noopener\">couvre-chef<\/a>. Pour cela, nous allons lancer des capsules exclusives avec des mod\u00e8les revisit\u00e9s, des produits techniques et des finitions haut de gamme. On garde l\u2019embl\u00e8me avec le lys\u00a0\u00bb. Michel Assadourian \u00e9voque \u00e9galement des \u00ab\u00a0collaborations cibl\u00e9es\u00a0\u00bb mais aussi un \u00ab\u00a0Club LXH, une communaut\u00e9 vivante, engag\u00e9e, qui participe \u00e0 l\u2019\u00e9volution de la marque\u00a0\u00bb.<\/p>\n<p>Lancement au Canada<\/p>\n<p>D\u2019un point de vue commercial, les liens avec les magasins partenaires fran\u00e7ais seront \u00ab\u00a0consolid\u00e9s\u00a0\u00bb pour \u00ab\u00a0allier le digital et l\u2019humain au service de l\u2019exp\u00e9rience client.\u00a0\u00bb Mais, le pari le plus important reste \u00ab\u00a0l\u2019envie de fabriquer une casquette \u00e9co-responsable. C\u2019est un v\u00e9ritable d\u00e9fi, soyons honn\u00eates. Nous \u00e9voluons dans un secteur o\u00f9 la <a href=\"https:\/\/www.laprovence.com\/article\/ecoplanete\/20447066298418\/degats-environnementaux-et-sociaux-le-vrai-cout-de-la-fast-fashion\" target=\"_blank\" rel=\"noopener\">fast fashion<\/a> impose des rythmes effr\u00e9n\u00e9s, des volumes excessifs et des marges souvent obtenues au d\u00e9triment des conditions.\u00a0\u00bb <\/p>\n<p>Comment\u00a0? En optimisant \u00ab\u00a0nos processus de production et de distribution, en choisissant des mati\u00e8res plus responsables quand c\u2019est possible, et en limitant les collections superflues.\u00a0\u00bb Dans un avenir proche, le lancement de la marque se fera au Canada, marquant ainsi le d\u00e9but de l\u2019expansion internationale de LXH et de son identit\u00e9 marseillaise par la m\u00eame occasion.<\/p>\n","protected":false},"excerpt":{"rendered":"Saint-Tropez, Marseille, la C\u00f4te d&rsquo;Azur (pour ne citer qu\u2019elles) ont longtemps \u00e9t\u00e9 le terrain de jeu de LXH,&hellip;\n","protected":false},"author":2,"featured_media":140395,"comment_status":"","ping_status":"","sticky":false,"template":"","format":"standard","meta":{"footnotes":""},"categories":[2814],"tags":[17,1111,11,26786,33,1777,674,1011,27,26787,12141,884,12,4565,6020,882,25,20381],"class_list":{"0":"post-140394","1":"post","2":"type-post","3":"status-publish","4":"format-standard","5":"has-post-thumbnail","7":"category-marseille","8":"tag-17","9":"tag-actu","10":"tag-actualites","11":"tag-casquettes","12":"tag-economie","13":"tag-eu","14":"tag-europe","15":"tag-fr","16":"tag-france","17":"tag-lxh","18":"tag-marque","19":"tag-marseille","20":"tag-news","21":"tag-nouveau","22":"tag-prend","23":"tag-provence-alpes-cote-dazur","24":"tag-republique-francaise","25":"tag-tournant"},"share_on_mastodon":{"url":"https:\/\/pubeurope.com\/@fr\/114599468952550863","error":""},"_links":{"self":[{"href":"https:\/\/www.europesays.com\/fr\/wp-json\/wp\/v2\/posts\/140394","targetHints":{"allow":["GET"]}}],"collection":[{"href":"https:\/\/www.europesays.com\/fr\/wp-json\/wp\/v2\/posts"}],"about":[{"href":"https:\/\/www.europesays.com\/fr\/wp-json\/wp\/v2\/types\/post"}],"author":[{"embeddable":true,"href":"https:\/\/www.europesays.com\/fr\/wp-json\/wp\/v2\/users\/2"}],"replies":[{"embeddable":true,"href":"https:\/\/www.europesays.com\/fr\/wp-json\/wp\/v2\/comments?post=140394"}],"version-history":[{"count":0,"href":"https:\/\/www.europesays.com\/fr\/wp-json\/wp\/v2\/posts\/140394\/revisions"}],"wp:featuredmedia":[{"embeddable":true,"href":"https:\/\/www.europesays.com\/fr\/wp-json\/wp\/v2\/media\/140395"}],"wp:attachment":[{"href":"https:\/\/www.europesays.com\/fr\/wp-json\/wp\/v2\/media?parent=140394"}],"wp:term":[{"taxonomy":"category","embeddable":true,"href":"https:\/\/www.europesays.com\/fr\/wp-json\/wp\/v2\/categories?post=140394"},{"taxonomy":"post_tag","embeddable":true,"href":"https:\/\/www.europesays.com\/fr\/wp-json\/wp\/v2\/tags?post=140394"}],"curies":[{"name":"wp","href":"https:\/\/api.w.org\/{rel}","templated":true}]}}