{"id":140398,"date":"2025-05-30T23:52:09","date_gmt":"2025-05-30T23:52:09","guid":{"rendered":"https:\/\/www.europesays.com\/fr\/140398\/"},"modified":"2025-05-30T23:52:09","modified_gmt":"2025-05-30T23:52:09","slug":"previsions-du-samedi-31-mai-2025-7","status":"publish","type":"post","link":"https:\/\/www.europesays.com\/fr\/140398\/","title":{"rendered":"pr\u00e9visions du samedi 31 mai 2025"},"content":{"rendered":"<p>La journ\u00e9e qui s&rsquo;annonce \u00e0 Lyon, promet d&rsquo;\u00eatre superbe et ensoleill\u00e9e ! Les temp\u00e9ratures seront comprises entre 16 et 30\u00b0C. Un l\u00e9ger vent de sud-est sera ressenti par les habitants. Il va faire environ 24\u00b0C, le matin. La ville va p\u00e2tir des grosses chaleurs avec des valeurs qui pourraient grimper \u00e0 30\u00b0C l&rsquo;apr\u00e8s-midi. Les temp\u00e9ratures s&rsquo;\u00e9chelonneront entre 19\u00b0C et 30\u00b0C. Il va pleuvoir le soir. Le mercure affichera 18\u00b0C en moyenne. C&rsquo;est un ciel d\u00e9pourvu de nuages que conna\u00eetra la nuit de samedi \u00e0 dimanche.<\/p>\n<p>La ville de Lyon va subir, demain, un passage d&rsquo;importantes chaleurs avec des valeurs qui rejoindront parfois les 30\u00b0C. Les temp\u00e9ratures afficheront entre 15 et 30\u00b0C. Un vent de sud-est rafra\u00eechira sensiblement l&rsquo;atmosph\u00e8re. Le soleil sera dominant, la promesse d&rsquo;une magnifique matin\u00e9e ! Les temp\u00e9ratures avoisineront les 23\u00b0C. Malheureusement, il va y avoir encore des nuages demain apr\u00e8s-midi. Intemp\u00e9ries : on annonce des pluies \u00e9parses. La p\u00e9riode de fortes chaleurs est bien l\u00e0, avec des valeurs qui risqueront d&rsquo;aller jusqu&rsquo;\u00e0 30\u00b0C. Les temp\u00e9ratures seront de 21\u00b0C au plus bas et de 30\u00b0C au maximum. La m\u00e9t\u00e9o devrait s&rsquo;am\u00e9liorer durant la soir\u00e9e. Il fera 19\u00b0C en moyenne.<\/p>\n<p>Les conditions m\u00e9t\u00e9orologiques des jours suivants vont se d\u00e9grader. On s&rsquo;attend \u00e0 des journ\u00e9es pluvieuses, avec des temp\u00e9ratures dans les 17\u00b0C en moyenne.<\/p>\n<p><\/p>\n","protected":false},"excerpt":{"rendered":"La journ\u00e9e qui s&rsquo;annonce \u00e0 Lyon, promet d&rsquo;\u00eatre superbe et ensoleill\u00e9e ! Les temp\u00e9ratures seront comprises entre 16&hellip;\n","protected":false},"author":2,"featured_media":140399,"comment_status":"","ping_status":"","sticky":false,"template":"","format":"standard","meta":{"footnotes":""},"categories":[1889],"tags":[1111,11,2430,1777,674,1011,27,2428,12,2119,25],"class_list":{"0":"post-140398","1":"post","2":"type-post","3":"status-publish","4":"format-standard","5":"has-post-thumbnail","7":"category-lyon","8":"tag-actu","9":"tag-actualites","10":"tag-auvergne-rhone-alpes","11":"tag-eu","12":"tag-europe","13":"tag-fr","14":"tag-france","15":"tag-lyon","16":"tag-news","17":"tag-previsions-meteo","18":"tag-republique-francaise"},"share_on_mastodon":{"url":"https:\/\/pubeurope.com\/@fr\/114599476813885922","error":""},"_links":{"self":[{"href":"https:\/\/www.europesays.com\/fr\/wp-json\/wp\/v2\/posts\/140398","targetHints":{"allow":["GET"]}}],"collection":[{"href":"https:\/\/www.europesays.com\/fr\/wp-json\/wp\/v2\/posts"}],"about":[{"href":"https:\/\/www.europesays.com\/fr\/wp-json\/wp\/v2\/types\/post"}],"author":[{"embeddable":true,"href":"https:\/\/www.europesays.com\/fr\/wp-json\/wp\/v2\/users\/2"}],"replies":[{"embeddable":true,"href":"https:\/\/www.europesays.com\/fr\/wp-json\/wp\/v2\/comments?post=140398"}],"version-history":[{"count":0,"href":"https:\/\/www.europesays.com\/fr\/wp-json\/wp\/v2\/posts\/140398\/revisions"}],"wp:featuredmedia":[{"embeddable":true,"href":"https:\/\/www.europesays.com\/fr\/wp-json\/wp\/v2\/media\/140399"}],"wp:attachment":[{"href":"https:\/\/www.europesays.com\/fr\/wp-json\/wp\/v2\/media?parent=140398"}],"wp:term":[{"taxonomy":"category","embeddable":true,"href":"https:\/\/www.europesays.com\/fr\/wp-json\/wp\/v2\/categories?post=140398"},{"taxonomy":"post_tag","embeddable":true,"href":"https:\/\/www.europesays.com\/fr\/wp-json\/wp\/v2\/tags?post=140398"}],"curies":[{"name":"wp","href":"https:\/\/api.w.org\/{rel}","templated":true}]}}