{"id":140406,"date":"2025-05-30T23:59:16","date_gmt":"2025-05-30T23:59:16","guid":{"rendered":"https:\/\/www.europesays.com\/fr\/140406\/"},"modified":"2025-05-30T23:59:16","modified_gmt":"2025-05-30T23:59:16","slug":"paris-se-replie-vers-7750-points-dans-un-climat-attentiste-30-05-2025-a-1754","status":"publish","type":"post","link":"https:\/\/www.europesays.com\/fr\/140406\/","title":{"rendered":"Paris: se replie vers 7750 points dans un climat attentiste &#8211; 30\/05\/2025 \u00e0 17:54"},"content":{"rendered":"<p>                                                                (CercleFinance.com) &#8211; La Bourse de Paris conclut la s\u00e9ance sur un repli de 0,36%, \u00e0 7751 points, p\u00e9nalis\u00e9e par Sanofi (-4,8% apr\u00e8s qu&rsquo;une \u00e9tude de phase 3 n&rsquo;a pas atteint son objectif principal) et STMicro (-1,9%) notamment.<\/p>\n<p>Malgr\u00e9 une 4e s\u00e9ance cons\u00e9cutive en rouge, l&rsquo;indice parisien parvient \u00e0 conclure la semaine avec un gain modeste de 0,2%, s&rsquo;appuyant sur sa performance du d\u00e9but de semaine  (+1,2% lundi).\n<\/p>\n<p>Outre-Atlantique, l&rsquo;ambiance est aussi maussade avec un S&amp;P500 \u00e0 -0,1% et un Nasdaq qui l\u00e2che pr\u00e8s de 0,4%.\n<\/p>\n<p>Les march\u00e9s doivent composer avec le ping-pong judiciaire qui se joue outre-Atlantique entre la Maison Blanche et les juges f\u00e9d\u00e9raux autour de la question des droits de douane.\n<\/p>\n<p>Alors que les investisseurs esp\u00e9raient b\u00e9n\u00e9ficier d&rsquo;un r\u00e9pit sur le front commercial, une cour d&rsquo;appel a finalement d\u00e9cid\u00e9 hier de maintenir en urgence les nouveaux droits de douane impos\u00e9s par Donald Trump, le temps de se prononcer sur le fond.\n<\/p>\n<p>La veille, le Tribunal du commerce international, bas\u00e9 \u00e0 New York, avait lui estim\u00e9 que la l\u00e9gislation invoqu\u00e9e par le pr\u00e9sident am\u00e9ricain pour imposer ses surtaxes douani\u00e8res ne lui permettait pas d&rsquo;imposer de telles sanctions.\n<\/p>\n<p>Cet imbroglio judiciaire vient entretenir le climat de confusion et d&rsquo;interrogations sur le commerce qui r\u00e8gne sur les places boursi\u00e8res mondiales depuis le d\u00e9but de l&rsquo;ann\u00e9e.\n<\/p>\n<p>Selon les analystes, ces incertitudes sont loin d&rsquo;\u00eatre r\u00e9gl\u00e9es, d&rsquo;autant que la Chine viole les r\u00e8gles fix\u00e9es par les USA (contournement des &lsquo;tarifs&rsquo;), et un durcissement de ton de Trump pourrait \u00eatre encore \u00e0 l&rsquo;origine de nouvelles secousses sur les march\u00e9s.\n<\/p>\n<p>Cot\u00e9 statistiques, les d\u00e9penses de consommation des m\u00e9nages am\u00e9ricains ont augment\u00e9 de 0,2% en avril en rythme s\u00e9quentiel, apr\u00e8s +0,7% le mois pr\u00e9c\u00e9dent, tandis que leurs revenus se sont accrus de 0,8%, apr\u00e8s +0,7% en mars, selon le D\u00e9partement du Commerce.\n<\/p>\n<p>Par ailleurs, l&rsquo;indice des prix \u00e0 la consommation dit &lsquo;PCE&rsquo; -tr\u00e8s surveill\u00e9 par la Fed- est ressorti \u00e0 +2,1% en avril en rythme annuel (apr\u00e8s +2,3% en mars). En donn\u00e9es sous-jacentes (hors \u00e9nergie et alimentation), il s&rsquo;est \u00e9tabli \u00e0 +2,5% (apr\u00e8s +2,7%).\n<\/p>\n<p>L&rsquo;inflation PCE d&rsquo;avril, la mesure d&rsquo;inflation pr\u00e9f\u00e9r\u00e9e de la Fed, chute \u00e0 2,1 %, en dessous des attentes de 2,2 %.<br \/>\n<br \/>L&rsquo;inflation &lsquo;core PCE&rsquo; chute \u00e0 2,5 %, conform\u00e9ment aux attentes et reste \u00e0 son plus bas niveau depuis septembre 2024.\n<\/p>\n<p>En Europe, les signaux de r\u00e9cession continuent de se succ\u00e9der : les ventes au d\u00e9tail ont baiss\u00e9 de mani\u00e8re inattendue (-1,1%) en avril en Allemagne, les consommateurs ayant moins achet\u00e9 dans les rayons non alimentaires durant un mois o\u00f9 l&rsquo;inflation a pourtant continu\u00e9 de ralentir.\n<\/p>\n<p>L&rsquo;Office f\u00e9d\u00e9ral de la statistique (Destatis) pr\u00e9cise que les ventes avaient augment\u00e9 de 0,9% sur un mois en mars et progress\u00e9 de 3,3% sur un an.\n<\/p>\n<p>A l&rsquo;issue de sa rencontre avec Donald Trump, hier \u00e0 la Maison Blanche, le pr\u00e9sident de la R\u00e9serve f\u00e9d\u00e9rale, Jerome Powell, a assur\u00e9 ne pas avoir abord\u00e9 la question de l&rsquo;\u00e9volution de la politique mon\u00e9taire\n<\/p>\n<p>Le patron de la Fed s&rsquo;est content\u00e9 de rappeler que les d\u00e9cisions de la banque centrale d\u00e9pendraient enti\u00e8rement des donn\u00e9es \u00e9conomiques \u00e0 venir et de leurs implications sur les perspectives \u00e9conomiques.\n<\/p>\n<p>Sur le march\u00e9 obligataire, les rendements des emprunts d&rsquo;Etat se d\u00e9tendent un peu, les Treasuries am\u00e9ricains \u00e0 10 ans stagnent vers 4,425% apr\u00e8s avoir d\u00e9pass\u00e9 le seuil des 4,60% la semaine pass\u00e9e (et 4,54% hier matin), le &rsquo;30 ans&rsquo; rajoute +1Pt vers 4,943%, le &lsquo;2 ans&rsquo; reste inchang\u00e9.\n<\/p>\n<p>En Europe, le 10 ans allemand, taux de r\u00e9f\u00e9rence de la zone euro, rajoute 0,7Pt \u00e0 2,521%, nos OAT stagnent vers 3,175\/3,18%&#8230; \u00e0 quelques heures de la publication du verdict de Standard &amp; Poors sur notre dette (22H).\n<\/p>\n<p>Le p\u00e9trole chute de -0,5% \u00e0 Londres, vers 63,8$ la baril, alors que l&rsquo;Arabie r\u00e9fl\u00e9chit \u00e0 augmenter sa production de +410.000 barils\/jour.<br \/>\n<br \/>Le Dollar grignote 0,15% face \u00e0 l&rsquo;Euro qui se tasse vers 1,1355$.\n<\/p>\n<p>Dans l&rsquo;actualit\u00e9 des soci\u00e9t\u00e9s tricolores, EssilorLuxottica annonce avoir conclu un accord pr\u00e9voyant l&rsquo;acquisition d&rsquo;Optegra, plateforme d&rsquo;ophtalmologie int\u00e9gr\u00e9e, en forte croissance et op\u00e9rant au Royaume-Uni, en R\u00e9publique Tch\u00e8que, en Pologne, en Slovaquie et aux Pays-Bas.\n<\/p>\n<p>TotalEnergies annonce que l&rsquo;Autorit\u00e9 du march\u00e9 de l&rsquo;\u00e9nergie de Singapour a d\u00e9livr\u00e9 une licence conditionnelle \u00e0 Singa Renewables, sa coentreprise avec RGE, pour importer 1 GW d&rsquo;\u00e9lectricit\u00e9 renouvelable depuis l&rsquo;Indon\u00e9sie.\n<\/p>\n<p>Alstom annonce la mise en service commerciale de l&rsquo;extension de la ligne 1 du m\u00e9tro de Kanpur, avec l&rsquo;ajout de cinq stations souterraines.<\/p>\n","protected":false},"excerpt":{"rendered":"(CercleFinance.com) &#8211; La Bourse de Paris conclut la s\u00e9ance sur un repli de 0,36%, \u00e0 7751 points, p\u00e9nalis\u00e9e&hellip;\n","protected":false},"author":2,"featured_media":9135,"comment_status":"","ping_status":"","sticky":false,"template":"","format":"standard","meta":{"footnotes":""},"categories":[1888],"tags":[400,1111,1928,11,1927,398,408,405,1777,674,1011,27,403,402,399,404,12,1926,626,1925,25,401,406,407],"class_list":{"0":"post-140406","1":"post","2":"type-post","3":"status-publish","4":"format-standard","5":"has-post-thumbnail","7":"category-paris","8":"tag-action-cac-40","9":"tag-actu","10":"tag-actu-paris","11":"tag-actualites","12":"tag-actualites-paris","13":"tag-bourse-de-paris","14":"tag-boursorama","15":"tag-cotations","16":"tag-eu","17":"tag-europe","18":"tag-fr","19":"tag-france","20":"tag-indices-devises","21":"tag-investir","22":"tag-investissement","23":"tag-marche-boursier","24":"tag-news","25":"tag-news-paris","26":"tag-paris","27":"tag-paris-news","28":"tag-republique-francaise","29":"tag-sicav","30":"tag-trackers","31":"tag-warrants"},"share_on_mastodon":{"url":"https:\/\/pubeurope.com\/@fr\/114599504358205124","error":""},"_links":{"self":[{"href":"https:\/\/www.europesays.com\/fr\/wp-json\/wp\/v2\/posts\/140406","targetHints":{"allow":["GET"]}}],"collection":[{"href":"https:\/\/www.europesays.com\/fr\/wp-json\/wp\/v2\/posts"}],"about":[{"href":"https:\/\/www.europesays.com\/fr\/wp-json\/wp\/v2\/types\/post"}],"author":[{"embeddable":true,"href":"https:\/\/www.europesays.com\/fr\/wp-json\/wp\/v2\/users\/2"}],"replies":[{"embeddable":true,"href":"https:\/\/www.europesays.com\/fr\/wp-json\/wp\/v2\/comments?post=140406"}],"version-history":[{"count":0,"href":"https:\/\/www.europesays.com\/fr\/wp-json\/wp\/v2\/posts\/140406\/revisions"}],"wp:featuredmedia":[{"embeddable":true,"href":"https:\/\/www.europesays.com\/fr\/wp-json\/wp\/v2\/media\/9135"}],"wp:attachment":[{"href":"https:\/\/www.europesays.com\/fr\/wp-json\/wp\/v2\/media?parent=140406"}],"wp:term":[{"taxonomy":"category","embeddable":true,"href":"https:\/\/www.europesays.com\/fr\/wp-json\/wp\/v2\/categories?post=140406"},{"taxonomy":"post_tag","embeddable":true,"href":"https:\/\/www.europesays.com\/fr\/wp-json\/wp\/v2\/tags?post=140406"}],"curies":[{"name":"wp","href":"https:\/\/api.w.org\/{rel}","templated":true}]}}