{"id":140407,"date":"2025-05-31T00:00:10","date_gmt":"2025-05-31T00:00:10","guid":{"rendered":"https:\/\/www.europesays.com\/fr\/140407\/"},"modified":"2025-05-31T00:00:10","modified_gmt":"2025-05-31T00:00:10","slug":"previsions-du-samedi-31-mai-2025-8","status":"publish","type":"post","link":"https:\/\/www.europesays.com\/fr\/140407\/","title":{"rendered":"pr\u00e9visions du samedi 31 mai 2025"},"content":{"rendered":"<p>Les nuages \u00e0 pr\u00e9voir aujourd&rsquo;hui, \u00e0 Paris, et un ciel encore maussade. Il faudra emporter son parapluie pour \u00e9viter les pluies \u00e9parses. On pr\u00e9voit des temp\u00e9ratures avoisinant 20\u00b0C. Les valeurs seront de 19\u00b0C dans la matin\u00e9e. Un l\u00e9ger vent de nord-est sera ressenti par les habitants. L&rsquo;apr\u00e8s-midi, des nuages ne voudront pas c\u00e9der leur place au soleil. En revanche, les temp\u00e9ratures vont enregistrer une augmentation de quelques degr\u00e9s. Les valeurs seront de 21\u00b0C au minimum et de 24\u00b0C au maximum. Il faudra s&rsquo;attendre \u00e0 des perturbations le soir, les Parisiens se retrouveront sous de la bruine \u00e9parse. Il va faire 20\u00b0C en moyenne. Durant la nuit de samedi \u00e0 dimanche, le ciel sera clair.<\/p>\n<p>Demain, Paris devra encore patienter avant que les nuages ne se dissipent. Une diminution du mercure est \u00e0 pr\u00e9voir. Il fera en moyenne 19\u00b0C. Le matin, encore des nuages dans le ciel qui emp\u00eachent le soleil d&rsquo;appara\u00eetre. Le mercure affichera 19\u00b0C en moyenne. Un vent de nord-ouest rafra\u00eechira un peu l&rsquo;atmosph\u00e8re. Le soleil peinera \u00e0 percer au milieu des nuages qui persisteront dans l&rsquo;apr\u00e8s-midi. Le temps sera ponctu\u00e9 par des pluies \u00e9parses. Les valeurs seront comprises entre 21 et 23\u00b0C. Demain soir, le vent va progressivement chasser les nuages. Une petite brise de nord-ouest soufflera.<\/p>\n<p>Le temps des jours qui suivent va s&rsquo;am\u00e9liorer. Un ciel ensoleill\u00e9, avec des temp\u00e9ratures de 18\u00b0C environ, est pr\u00e9vu.<\/p>\n<p><\/p>\n","protected":false},"excerpt":{"rendered":"Les nuages \u00e0 pr\u00e9voir aujourd&rsquo;hui, \u00e0 Paris, et un ciel encore maussade. Il faudra emporter son parapluie pour&hellip;\n","protected":false},"author":2,"featured_media":140408,"comment_status":"","ping_status":"","sticky":false,"template":"","format":"standard","meta":{"footnotes":""},"categories":[1888],"tags":[11,1777,674,1011,27,662,12,626,2119,25],"class_list":{"0":"post-140407","1":"post","2":"type-post","3":"status-publish","4":"format-standard","5":"has-post-thumbnail","7":"category-paris","8":"tag-actualites","9":"tag-eu","10":"tag-europe","11":"tag-fr","12":"tag-france","13":"tag-ile-de-france","14":"tag-news","15":"tag-paris","16":"tag-previsions-meteo","17":"tag-republique-francaise"},"share_on_mastodon":{"url":"https:\/\/pubeurope.com\/@fr\/114599509589817353","error":""},"_links":{"self":[{"href":"https:\/\/www.europesays.com\/fr\/wp-json\/wp\/v2\/posts\/140407","targetHints":{"allow":["GET"]}}],"collection":[{"href":"https:\/\/www.europesays.com\/fr\/wp-json\/wp\/v2\/posts"}],"about":[{"href":"https:\/\/www.europesays.com\/fr\/wp-json\/wp\/v2\/types\/post"}],"author":[{"embeddable":true,"href":"https:\/\/www.europesays.com\/fr\/wp-json\/wp\/v2\/users\/2"}],"replies":[{"embeddable":true,"href":"https:\/\/www.europesays.com\/fr\/wp-json\/wp\/v2\/comments?post=140407"}],"version-history":[{"count":0,"href":"https:\/\/www.europesays.com\/fr\/wp-json\/wp\/v2\/posts\/140407\/revisions"}],"wp:featuredmedia":[{"embeddable":true,"href":"https:\/\/www.europesays.com\/fr\/wp-json\/wp\/v2\/media\/140408"}],"wp:attachment":[{"href":"https:\/\/www.europesays.com\/fr\/wp-json\/wp\/v2\/media?parent=140407"}],"wp:term":[{"taxonomy":"category","embeddable":true,"href":"https:\/\/www.europesays.com\/fr\/wp-json\/wp\/v2\/categories?post=140407"},{"taxonomy":"post_tag","embeddable":true,"href":"https:\/\/www.europesays.com\/fr\/wp-json\/wp\/v2\/tags?post=140407"}],"curies":[{"name":"wp","href":"https:\/\/api.w.org\/{rel}","templated":true}]}}