{"id":140429,"date":"2025-05-31T00:11:10","date_gmt":"2025-05-31T00:11:10","guid":{"rendered":"https:\/\/www.europesays.com\/fr\/140429\/"},"modified":"2025-05-31T00:11:10","modified_gmt":"2025-05-31T00:11:10","slug":"lagence-americaine-s-p-laisse-un-repit-a-la-france-en-laissant-sa-note-inchangee","status":"publish","type":"post","link":"https:\/\/www.europesays.com\/fr\/140429\/","title":{"rendered":"l\u2019agence am\u00e9ricaine S &#038; P laisse un r\u00e9pit \u00e0 la France en laissant sa note inchang\u00e9e"},"content":{"rendered":"<p>Un r\u00e9pit pour la France\u00a0: l\u2019agence de notation am\u00e9ricaine S &amp; P n\u2019a pas modifi\u00e9 vendredi 30\u00a0mai 2025 la note de la dette fran\u00e7aise, \u00e9valu\u00e9e \u00e0 AA-\u00a0et assortie depuis f\u00e9vrier d\u2019une perspective n\u00e9gative, ce qui signifie qu\u2019elle pourrait \u00eatre r\u00e9trograd\u00e9e. L\u2019agence n\u2019a publi\u00e9 aucun commentaire, laissant sa notation telle quelle. Le minist\u00e8re de l\u2019\u00c9conomie \u00ab\u00a0prend bonne note\u00a0\u00bb de cette d\u00e9cision, sans plus de d\u00e9tail.<\/p>\n<p>Le 28\u00a0f\u00e9vrier, S &amp; P avait assorti la note AA- (\u00ab\u00a0bonne qualit\u00e9\u00a0\u00bb de cr\u00e9dit) du pays d\u2019une perspective n\u00e9gative, \u00e9voquant des finances publiques \u00ab\u00a0sous pression\u00a0\u00bb et un \u00ab\u00a0soutien politique aux r\u00e9formes limit\u00e9\u00a0\u00bb malgr\u00e9 l\u2019adoption du budget 2025, une menace d\u2019abaissement qui ne s\u2019est pas concr\u00e9tis\u00e9e vendredi m\u00eame si la situation n\u2019a gu\u00e8re chang\u00e9 depuis.<\/p>\n<p>Le premier ministre Fran\u00e7ois Bayrou a averti en d\u00e9but de semaine qu\u2019il allait demander \u00ab\u00a0un effort \u00e0 tous les Fran\u00e7ais\u00a0\u00bb, en n\u2019excluant pas une hausse g\u00e9n\u00e9rale de la TVA pour financer des d\u00e9penses sociales, la \u00ab\u00a0TVA sociale\u00a0\u00bb. Il doit trouver 40\u00a0milliards d\u2019euros l\u2019an prochain entre l\u2019Etat, la S\u00e9curit\u00e9 sociale et les collectivit\u00e9s locales.<\/p>\n<p>Il a admis, mercredi devant le S\u00e9nat, \u00ab\u00a0qu\u2019aucune des mesures\u00a0\u00bb qui composeront le plan g\u00e9n\u00e9ral de retour \u00e0 l\u2019\u00e9quilibre des finances publiques que proposera le gouvernement \u00ab\u00a0avant le 14\u00a0juillet\u00a0\u00bb, n\u2019\u00e9tait encore arr\u00eat\u00e9e. Une m\u00e9thode de concertation avec les partenaires sociaux et surtout les partis politiques assum\u00e9e, pour \u00e9viter une nouvelle censure parlementaire, mais qui laisse planer l\u2019incertitude sur la force des mesures qui peuvent \u00eatre prises d\u2019ici fin septembre lors de la pr\u00e9sentation des budgets.<\/p>\n<p>Lundi, la Cour des comptes avait averti par ailleurs d\u2019un risque de \u00ab\u00a0crise de liquidit\u00e9\u00a0\u00bb de la S\u00e9curit\u00e9 sociale l\u2019an prochain en raison du d\u00e9rapage \u00ab\u00a0hors de contr\u00f4le\u00a0\u00bb de ses d\u00e9penses. Par deux fois devant le Parlement mercredi, la ministre des Comptes publics Am\u00e9lie de Montchalin a surpris en affichant fermement l\u2019objectif d\u2019un retour \u00e0 l\u2019\u00e9quilibre de la S\u00e9curit\u00e9 sociale en 2029.<\/p>\n<p>Selon les projections \u00e9conomiques r\u00e9vis\u00e9es de la Commission europ\u00e9enne, publi\u00e9es le 19\u00a0mai, la France enregistrera le pire d\u00e9ficit public de la zone euro en\u00a02025 et\u00a02026, \u00e0 respectivement 5,6\u00a0% et 5,7\u00a0% du PIB. Le gouvernement quant \u00e0 lui table encore sur 5,4\u00a0% en 2025 et 4,6\u00a0% en 2026, pour revenir sous 3\u00a0% en 2029.<\/p>\n<p>Prochaine \u00e9ch\u00e9ance le 28\u00a0novembre<\/p>\n<p>Ces projections de la Commission, souligne Eric Dor, directeur des \u00e9tudes \u00e9conomiques \u00e0 l\u2019IESEG School of Management, \u00ab\u00a0montrent l\u2019extr\u00eame insuffisance des mesures d\u00e9j\u00e0 vot\u00e9es pour assainir les finances publiques\u00a0\u00bb. La charge des int\u00e9r\u00eats annuels de la dette, qui est \u00e0 113\u00a0% du PIB, est selon lui \u00ab\u00a0presque hors de contr\u00f4le\u00a0\u00bb et repr\u00e9sente d\u00e9sormais 5,6\u00a0% des recettes fiscales en 2025, contre 2\u00a0% aux Pays Bas ou 2,7\u00a0% en Allemagne\u00a0\u2013 deux pays not\u00e9s AAA, la note maximum.<\/p>\n<p>\u00c0 l\u2019instar d\u2019Eric Dor, les \u00e9conomistes interrog\u00e9s par l\u2019AFP avaient pourtant estim\u00e9 qu\u2019il \u00e9tait peu probable que la note de la France soit r\u00e9trograd\u00e9e vendredi, tablant plut\u00f4t sur l\u2019\u00e9ch\u00e9ance du 28\u00a0novembre, prochain passage en revue par l\u2019agence am\u00e9ricaine. \u00ab\u00a0Ils vont attendre de voir ce qui arrivera avec les discussions budg\u00e9taires pour 2026, avec cette volont\u00e9 de faire des \u00e9conomies\u00a0\u00bb, avait soulign\u00e9 Charlotte de Montpellier, \u00e9conomiste d\u2019ING.<\/p>\n<p><a target=\"_self\" href=\"https:\/\/www.lanouvellerepublique.fr\/a-la-une\/dette-la-note-de-la-france-degradee-par-l-agence-de-notation-s-p\" rel=\"nofollow noopener\">L\u2019agence am\u00e9ricaine avait d\u00e9j\u00e0 abaiss\u00e9 le 31\u00a0mai 2024 la note du pays, pass\u00e9e de \u00ab\u00a0AA\u00a0\u00bb \u00e0 \u00ab\u00a0AA-\u00a0\u00bb,<\/a> sanctionnant la \u00ab\u00a0d\u00e9t\u00e9rioration de la position budg\u00e9taire\u00a0\u00bb du pays, une premi\u00e8re r\u00e9trogradation depuis 2013.<\/p>\n<p>Parmi les autres agences de notation, <a target=\"_self\" href=\"https:\/\/www.lanouvellerepublique.fr\/a-la-une\/note-souveraine-fitch-maintient-le-aa-de-la-france-et-sa-perspective-negative-1741988877\" rel=\"nofollow noopener\">Fitch, qui classe \u00e9galement la France AA- avec perspective n\u00e9gative<\/a>, avait confirm\u00e9 sa notation lors de sa derni\u00e8re revue mi-mars. <a target=\"_self\" href=\"https:\/\/www.lanouvellerepublique.fr\/a-la-une\/moody-s-degrade-la-note-souveraine-de-la-france-cadeau-d-arrivee-amer-pour-francois-bayrou\" rel=\"nofollow noopener\">Moody\u2019s<\/a>, qui avait abaiss\u00e9 d\u2019un cran la note du pays en d\u00e9cembre, la classe Aa3, l\u2019\u00e9quivalent de AA-, mais avec perspective stable, et n\u2019a pas actualis\u00e9 cette note lors de sa revue en avril.<\/p>\n","protected":false},"excerpt":{"rendered":"Un r\u00e9pit pour la France\u00a0: l\u2019agence de notation am\u00e9ricaine S &amp; P n\u2019a pas modifi\u00e9 vendredi 30\u00a0mai 2025&hellip;\n","protected":false},"author":2,"featured_media":140430,"comment_status":"","ping_status":"","sticky":false,"template":"","format":"standard","meta":{"footnotes":""},"categories":[4],"tags":[328,11,33,1011,27,329,12,25],"class_list":{"0":"post-140429","1":"post","2":"type-post","3":"status-publish","4":"format-standard","5":"has-post-thumbnail","7":"category-france","8":"tag-a-la-une","9":"tag-actualites","10":"tag-economie","11":"tag-fr","12":"tag-france","13":"tag-france-monde","14":"tag-news","15":"tag-republique-francaise"},"share_on_mastodon":{"url":"https:\/\/pubeurope.com\/@fr\/114599551514007197","error":""},"_links":{"self":[{"href":"https:\/\/www.europesays.com\/fr\/wp-json\/wp\/v2\/posts\/140429","targetHints":{"allow":["GET"]}}],"collection":[{"href":"https:\/\/www.europesays.com\/fr\/wp-json\/wp\/v2\/posts"}],"about":[{"href":"https:\/\/www.europesays.com\/fr\/wp-json\/wp\/v2\/types\/post"}],"author":[{"embeddable":true,"href":"https:\/\/www.europesays.com\/fr\/wp-json\/wp\/v2\/users\/2"}],"replies":[{"embeddable":true,"href":"https:\/\/www.europesays.com\/fr\/wp-json\/wp\/v2\/comments?post=140429"}],"version-history":[{"count":0,"href":"https:\/\/www.europesays.com\/fr\/wp-json\/wp\/v2\/posts\/140429\/revisions"}],"wp:featuredmedia":[{"embeddable":true,"href":"https:\/\/www.europesays.com\/fr\/wp-json\/wp\/v2\/media\/140430"}],"wp:attachment":[{"href":"https:\/\/www.europesays.com\/fr\/wp-json\/wp\/v2\/media?parent=140429"}],"wp:term":[{"taxonomy":"category","embeddable":true,"href":"https:\/\/www.europesays.com\/fr\/wp-json\/wp\/v2\/categories?post=140429"},{"taxonomy":"post_tag","embeddable":true,"href":"https:\/\/www.europesays.com\/fr\/wp-json\/wp\/v2\/tags?post=140429"}],"curies":[{"name":"wp","href":"https:\/\/api.w.org\/{rel}","templated":true}]}}