{"id":14046,"date":"2025-04-10T02:47:21","date_gmt":"2025-04-10T02:47:21","guid":{"rendered":"https:\/\/www.europesays.com\/fr\/14046\/"},"modified":"2025-04-10T02:47:21","modified_gmt":"2025-04-10T02:47:21","slug":"une-tourangelle-disputera-la-finale-des-olympiades-de-chimie-a-paris","status":"publish","type":"post","link":"https:\/\/www.europesays.com\/fr\/14046\/","title":{"rendered":"Une Tourangelle disputera la finale des Olympiades de chimie \u00e0 Paris"},"content":{"rendered":"<p>Comme en 2024, l\u2019\u00e9dition 2025 des Olympiades de la chimie c\u00e9l\u00e9brait le th\u00e8me \u00ab\u00a0Sport et chimie\u00a0\u00bb. Et comme en 2024, c\u2019est une fille qui a \u00e9t\u00e9 s\u00e9lectionn\u00e9e pour la finale nationale.<br \/>\u00c0 Tours, la 41e \u00e9dition de ce concours organis\u00e9 par les professionnels de la chimie, l\u2019\u00c9ducation nationale, la Soci\u00e9t\u00e9 chimique de France et l\u2019Union des professeurs de physique-chimie, a vu la qualification de quatre lyc\u00e9ens en terminale du lyc\u00e9e Vaucanson et trois de Descartes, lors de la finale acad\u00e9mique \u00e0 l\u2019IUT de chimie d\u2019Orl\u00e9ans.<\/p>\n<p>Vaucanson bien class\u00e9 en finale acad\u00e9mique<\/p>\n<p>\u00ab\u00a0Sur les 200 inscrits, dont 70 en Indre-et-Loire, 18 avaient \u00e9t\u00e9 retenus\u00a0\u00bb, r\u00e9v\u00e8le Emmanuel Thibault, professeur de physique-chimie \u00e0 Vaucanson.<\/p>\n<p>Le 12\u00a0mars, Emma Coutelet, Nicolas Diard, Kalvyn Martin et Bastien Gaffet avaient\u00a0concouru durant trois heures de travaux pratiques, assortis d\u2019une \u00e9preuve collaborative et d\u2019un oral. \u00ab\u00a0Nos \u00e9l\u00e8ves sont toujours un peu d\u00e9savantag\u00e9s \u00e0 Orl\u00e9ans, car tous les autres centres s\u2019y entra\u00eenent. Nous n\u2019avons pas le m\u00eame mat\u00e9riel, cela peut \u00eatre un peu d\u00e9routant. C\u2019est pourquoi, chaque ann\u00e9e, on entreprend une s\u00e9ance de travaux pratiques\u00a0\u00e0 la facult\u00e9 de Tours.\u00a0\u00bb<\/p>\n<p>C\u2019est la Tourangelle Emma Coutelet qui s\u2019en sort haut la main\u00a0: son organisation pr\u00e9cise et sa pr\u00e9paration pouss\u00e9e ayant fait la diff\u00e9rence. Elle repr\u00e9sentera donc l\u2019acad\u00e9mie Orl\u00e9ans-Tours \u00e0 Paris, les 12, 13 et 14\u00a0mai prochains. Ses trois camarades, Nicolas Diard, Bastien Gaffet et Kalvyn Martin, se sont class\u00e9s car ils ont fini parmi les neuf premiers.<\/p>\n<p>La remise des prix aura lieu le 21\u00a0mai, \u00e0 Paris. Tous les quatre se pr\u00e9parent \u00e0 de brillantes \u00e9tudes, en d\u00e9butant par une pr\u00e9pa physique, chimie et sciences de l\u2019ing\u00e9nieur au lyc\u00e9e Descartes, ou en formation ing\u00e9nieur sport automobile \u00e0 l\u2019Estaca de Laval (Mayenne).<\/p>\n","protected":false},"excerpt":{"rendered":"Comme en 2024, l\u2019\u00e9dition 2025 des Olympiades de la chimie c\u00e9l\u00e9brait le th\u00e8me \u00ab\u00a0Sport et chimie\u00a0\u00bb. Et comme&hellip;\n","protected":false},"author":2,"featured_media":14047,"comment_status":"","ping_status":"","sticky":false,"template":"","format":"standard","meta":{"footnotes":""},"categories":[1888],"tags":[11,1777,674,1011,27,12,626,5116,25,6179],"class_list":{"0":"post-14046","1":"post","2":"type-post","3":"status-publish","4":"format-standard","5":"has-post-thumbnail","7":"category-paris","8":"tag-actualites","9":"tag-eu","10":"tag-europe","11":"tag-fr","12":"tag-france","13":"tag-news","14":"tag-paris","15":"tag-quartiers","16":"tag-republique-francaise","17":"tag-tours-la-chambrerie"},"share_on_mastodon":{"url":"https:\/\/pubeurope.com\/@fr\/114311387151558223","error":""},"_links":{"self":[{"href":"https:\/\/www.europesays.com\/fr\/wp-json\/wp\/v2\/posts\/14046","targetHints":{"allow":["GET"]}}],"collection":[{"href":"https:\/\/www.europesays.com\/fr\/wp-json\/wp\/v2\/posts"}],"about":[{"href":"https:\/\/www.europesays.com\/fr\/wp-json\/wp\/v2\/types\/post"}],"author":[{"embeddable":true,"href":"https:\/\/www.europesays.com\/fr\/wp-json\/wp\/v2\/users\/2"}],"replies":[{"embeddable":true,"href":"https:\/\/www.europesays.com\/fr\/wp-json\/wp\/v2\/comments?post=14046"}],"version-history":[{"count":0,"href":"https:\/\/www.europesays.com\/fr\/wp-json\/wp\/v2\/posts\/14046\/revisions"}],"wp:featuredmedia":[{"embeddable":true,"href":"https:\/\/www.europesays.com\/fr\/wp-json\/wp\/v2\/media\/14047"}],"wp:attachment":[{"href":"https:\/\/www.europesays.com\/fr\/wp-json\/wp\/v2\/media?parent=14046"}],"wp:term":[{"taxonomy":"category","embeddable":true,"href":"https:\/\/www.europesays.com\/fr\/wp-json\/wp\/v2\/categories?post=14046"},{"taxonomy":"post_tag","embeddable":true,"href":"https:\/\/www.europesays.com\/fr\/wp-json\/wp\/v2\/tags?post=14046"}],"curies":[{"name":"wp","href":"https:\/\/api.w.org\/{rel}","templated":true}]}}