{"id":140460,"date":"2025-05-31T00:32:08","date_gmt":"2025-05-31T00:32:08","guid":{"rendered":"https:\/\/www.europesays.com\/fr\/140460\/"},"modified":"2025-05-31T00:32:08","modified_gmt":"2025-05-31T00:32:08","slug":"joe-biden-prend-la-parole-pour-la-premiere-fois-depuis-lannonce-de-son-cancer-de-la-prostate","status":"publish","type":"post","link":"https:\/\/www.europesays.com\/fr\/140460\/","title":{"rendered":"Joe Biden prend la parole pour la premi\u00e8re fois depuis l\u2019annonce de son cancer de la prostate"},"content":{"rendered":"<p>L\u2019annonce de son cancer a raviv\u00e9 les sp\u00e9culations, aliment\u00e9es par son successeur Donald Trump et le camp r\u00e9publicain, autour d\u2019une possible dissimulation de l\u2019\u00e9tat de sant\u00e9 d\u00e9clinant du d\u00e9mocrate.<\/p>\n<p class=\"fig-paragraph\">L&rsquo;ancien pr\u00e9sident am\u00e9ricain\u00a0<a href=\"https:\/\/www.lefigaro.fr\/tag\/joe-biden\" target=\"_blank\" rel=\"noopener nofollow\" data-gtm-custom-categorie=\"navigation\" data-gtm-custom-action=\"crossclick\" data-gtm-custom-label=\"Contextuel\" data-gtm-event=\"customEventSPE\">Joe Biden<\/a>\u00a0a affirm\u00e9 vendredi 30 mai \u00e0 la presse se sentir \u00abbien\u00bb et \u00aboptimiste\u00bb pour l&rsquo;avenir, dans sa premi\u00e8re d\u00e9claration publique depuis l&rsquo;annonce de son cancer de la prostate. \u00abEt bien, le pronostic est bon. Vous savez, on travaille sur tout. \u00c7a avance. Donc, je me sens bien\u00bb, a d\u00e9clar\u00e9 Joe Biden, 82 ans, apr\u00e8s un \u00e9v\u00e9nement marquant tardivement le \u00abMemorial Day\u00bb, jour f\u00e9ri\u00e9 honorant chaque ann\u00e9e le dernier lundi de mai les soldats am\u00e9ricains morts en mission. \u00abNous sommes tous optimistes sur le diagnostic. En fait, l&rsquo;un des meilleurs chirurgiens au monde travaille avec moi\u00bb, a-t-il ajout\u00e9.<\/p>\n<p class=\"fig-paragraph\">Le d\u00e9mocrate a expliqu\u00e9 vendredi avoir d\u00e9cid\u00e9 de suivre un r\u00e9gime dans le cadre de son traitement. \u00abNotre pr\u00e9vision, c\u2019est que nous allons battre\u00bb ce cancer, a-t-il ajout\u00e9. \u00abCe n\u2019est dans aucun organe, mes os sont solides, \u00e7a n\u2019a pas p\u00e9n\u00e9tr\u00e9. Donc, je me sens bien\u00bb, a-t-il r\u00e9p\u00e9t\u00e9. Les services de Joe Biden avaient annonc\u00e9 le 18 mai que l&rsquo;ancien pr\u00e9sident d\u00e9mocrate avait \u00e9t\u00e9 diagnostiqu\u00e9 quelques jours plus t\u00f4t d&rsquo;une forme \u00abagressive\u00bb de cancer de la prostate avec des \u00abm\u00e9tastases osseuses\u00bb. Ce cancer est de niveau 9 sur le score de Gleason, qui \u00e9value les niveaux d&rsquo;agressivit\u00e9 de cancers de la prostate sur une \u00e9chelle allant jusqu&rsquo;\u00e0 10.<\/p>\n<p>\u00abC\u2019est un jour difficile\u00bb<\/p>\n<p class=\"fig-paragraph\">L&rsquo;annonce de son cancer a raviv\u00e9 les sp\u00e9culations, aliment\u00e9es par son successeur Donald Trump et le camp r\u00e9publicain, autour d&rsquo;une possible dissimulation de l&rsquo;\u00e9tat de sant\u00e9 d\u00e9clinant du d\u00e9mocrate par son entourage au cours de son mandat. Joe Biden s&rsquo;\u00e9tait retir\u00e9 tardivement de la course \u00e0 la pr\u00e9sidentielle de 2024, sur fond d&rsquo;inqui\u00e9tudes quant \u00e0 son \u00e9tat de sant\u00e9 apr\u00e8s un d\u00e9bat calamiteux face \u00e0 Donald Trump.<\/p>\n<p class=\"fig-paragraph\">Interrog\u00e9 vendredi sur cette controverse, l&rsquo;ancien pr\u00e9sident a r\u00e9pondu avec sarcasme: \u00abJe suis mentalement incomp\u00e9tent et je ne peux pas marcher.\u00bb Il a assur\u00e9 ne pas regretter s&rsquo;\u00eatre initialement pr\u00e9sent\u00e9 \u00e0 la pr\u00e9sidentielle pour un second mandat et a estim\u00e9 que ses opposants d\u00e9mocrates auraient d\u00fb le d\u00e9fier mais y avaient renonc\u00e9 car il les \u00abaurait battus\u00bb. Joe Biden a \u00e9galement assist\u00e9 vendredi \u00e0 une messe comm\u00e9morant le 10e anniversaire de la mort de son fils a\u00een\u00e9, Beau, d\u00e9c\u00e9d\u00e9 en 2015 d&rsquo;un cancer du cerveau \u00e0 46 ans. \u00abPour \u00eatre honn\u00eate, c&rsquo;est un jour difficile\u00bb, a-t-il reconnu.<\/p>\n","protected":false},"excerpt":{"rendered":"L\u2019annonce de son cancer a raviv\u00e9 les sp\u00e9culations, aliment\u00e9es par son successeur Donald Trump et le camp r\u00e9publicain,&hellip;\n","protected":false},"author":2,"featured_media":140461,"comment_status":"","ping_status":"","sticky":false,"template":"","format":"standard","meta":{"footnotes":""},"categories":[5],"tags":[259,11,260,1011,27,14,457,261,12,262,28],"class_list":{"0":"post-140460","1":"post","2":"type-post","3":"status-publish","4":"format-standard","5":"has-post-thumbnail","7":"category-international","8":"tag-actualite-internationale","9":"tag-actualites","10":"tag-affaires-etrangeres","11":"tag-fr","12":"tag-france","13":"tag-international","14":"tag-joe-biden","15":"tag-ministere-des-affaires-etrangeres","16":"tag-news","17":"tag-politique-etrangere","18":"tag-world"},"share_on_mastodon":{"url":"https:\/\/pubeurope.com\/@fr\/114599634105670854","error":""},"_links":{"self":[{"href":"https:\/\/www.europesays.com\/fr\/wp-json\/wp\/v2\/posts\/140460","targetHints":{"allow":["GET"]}}],"collection":[{"href":"https:\/\/www.europesays.com\/fr\/wp-json\/wp\/v2\/posts"}],"about":[{"href":"https:\/\/www.europesays.com\/fr\/wp-json\/wp\/v2\/types\/post"}],"author":[{"embeddable":true,"href":"https:\/\/www.europesays.com\/fr\/wp-json\/wp\/v2\/users\/2"}],"replies":[{"embeddable":true,"href":"https:\/\/www.europesays.com\/fr\/wp-json\/wp\/v2\/comments?post=140460"}],"version-history":[{"count":0,"href":"https:\/\/www.europesays.com\/fr\/wp-json\/wp\/v2\/posts\/140460\/revisions"}],"wp:featuredmedia":[{"embeddable":true,"href":"https:\/\/www.europesays.com\/fr\/wp-json\/wp\/v2\/media\/140461"}],"wp:attachment":[{"href":"https:\/\/www.europesays.com\/fr\/wp-json\/wp\/v2\/media?parent=140460"}],"wp:term":[{"taxonomy":"category","embeddable":true,"href":"https:\/\/www.europesays.com\/fr\/wp-json\/wp\/v2\/categories?post=140460"},{"taxonomy":"post_tag","embeddable":true,"href":"https:\/\/www.europesays.com\/fr\/wp-json\/wp\/v2\/tags?post=140460"}],"curies":[{"name":"wp","href":"https:\/\/api.w.org\/{rel}","templated":true}]}}