{"id":140462,"date":"2025-05-31T00:33:09","date_gmt":"2025-05-31T00:33:09","guid":{"rendered":"https:\/\/www.europesays.com\/fr\/140462\/"},"modified":"2025-05-31T00:33:09","modified_gmt":"2025-05-31T00:33:09","slug":"jordan-bardella-le-plan-b-qui-aimait-trop-la-droite","status":"publish","type":"post","link":"https:\/\/www.europesays.com\/fr\/140462\/","title":{"rendered":"Jordan Bardella, le \u00ab\u00a0plan B\u00a0\u00bb qui aimait trop la droite\u00a0?"},"content":{"rendered":"<p><strong>D\u00c9CRYPTAGE &#8211;<\/strong> Le pr\u00e9sident du RN, candidat de secours en cas d\u2019emp\u00eachement de Marine Le\u00a0Pen \u00e0 la prochaine pr\u00e9sidentielle, se dit clairement \u00ab\u00a0de droite\u00a0\u00bb, quitte \u00e0 perturber son propre parti.<\/p>\n<p class=\"fig-paragraph\">Comme un rendez-vous classique pr\u00e8s du si\u00e8ge du Rassemblement national (RN). Un froid lundi matin d\u2019octobre, tr\u00e8s t\u00f4t, \u00e0 la brasserie Le Cardinal,\u00a0<a href=\"http:\/\/www.lefigaro.fr\/actualite-france\/entre-marine-le-pen-et-jordan-bardella-l-inconfortable-cohabitation-20250514\" data-fig-type=\"Article\" data-gtm-custom-categorie=\"navigation\" data-gtm-custom-action=\"crossclick\" data-gtm-custom-label=\"Contextuel\" data-gtm-event=\"customEventSPE\" data-fig-domain=\"LEFIGARO\" target=\"_blank\" rel=\"noopener\">Jordan Bardella<\/a>\u00a0encha\u00eene les rendez-vous. Dans quelques semaines, il publie son premier livre,\u00a0<a href=\"http:\/\/www.lefigaro.fr\/politique\/les-extraits-exclusifs-du-livre-de-jordan-bardella-son-enfance-son-prenom-ses-relations-avec-macron-la-ceremonie-d-ouverture-des-jo-20241105\" data-fig-type=\"Article\" data-gtm-custom-categorie=\"navigation\" data-gtm-custom-action=\"crossclick\" data-gtm-custom-label=\"Contextuel\" data-gtm-event=\"customEventSPE\" data-fig-domain=\"LEFIGARO\" target=\"_blank\" rel=\"noopener\">Ce que je cherche, chez Fayard<\/a>. Un accouchement retard\u00e9, dans la douleur de la d\u00e9faite aux derni\u00e8res \u00e9lections l\u00e9gislatives, mais qui se r\u00e9v\u00e9lera \u00eatre un succ\u00e8s\u00a0: 250.000 exemplaires vendus, selon les chiffres du parti nationaliste. \u00c0 l\u2019origine, le pr\u00e9sident du RN aurait voulu le sortir au lendemain du scrutin europ\u00e9en, apr\u00e8s une victoire. Mais comme dit souvent\u00a0<a href=\"http:\/\/www.lefigaro.fr\/politique\/1er-mai-a-narbonne-marine-le-pen-reaffirme-sa-stature-presidentielle-20250501\" data-fig-type=\"Article\" data-gtm-custom-categorie=\"navigation\" data-gtm-custom-action=\"crossclick\" data-gtm-custom-label=\"Contextuel\" data-gtm-event=\"customEventSPE\" data-fig-domain=\"LEFIGARO\" target=\"_blank\" rel=\"noopener\">Marine Le\u00a0Pen<\/a>, \u00abla vie est plus surprenante qu\u2019on ne le pense\u00a0\u00bb.<\/p>\n<p class=\"fig-paragraph\">Ce matin-l\u00e0, le jeune eurod\u00e9put\u00e9 r\u00e9fl\u00e9chit \u00e0 voix haute. En \u00e9conomie, et m\u00eame en politique, ne faut-il pas \u00eatre \u00ab\u00a0pragmatique\u00a0\u00bb\u00a0? Il voit cela comme une parfaite opposition \u00e0 \u00ab\u00a0l\u2019id\u00e9ologie\u00a0\u00bb qui r\u00e8gne un peu partout, chez les Insoumis, chez les \u00e9cologistes, voire au sein de la Macronie, ou encore, dans son\u2026<\/p>\n<p class=\"fig-premium-paywall__infos\">\n        Cet article est r\u00e9serv\u00e9 aux abonn\u00e9s.        Il vous reste 85% \u00e0 d\u00e9couvrir.\n    <\/p>\n<p>                <img  data- alt=\"Le Figaro\" class=\"fig-img--complete fig-img\"\/><\/p>\n<p class=\"fig-premium-paywall__title\">Vente Flash<\/p>\n<p class=\"fig-premium-paywall__subtitle\">4,99\u20ac par mois pendant 12 mois. Sans engagement.<\/p>\n<p class=\"fig-premium-paywall__connect\">\n                D\u00e9j\u00e0 abonn\u00e9\u00a0?                <a class=\"fig-premium-paywall__connect-link\" href=\"https:\/\/connect.lefigaro.fr\/login?client=horizon_web&amp;type=main&amp;redirect_uri=https%3A%2F%2Fwww.lefigaro.fr%2Fpolitique%2Fjordan-bardella-le-plan-b-qui-aimait-trop-la-droite-20250530\" data-js-gtm=\"{&quot;customCategorie&quot;: &quot;conversion&quot;, &quot;customAction&quot;: &quot;before_Landing_Connexion_paywall_auto&quot;, &quot;customLabel&quot;: &quot;bGVmaWdhcm8uZnJfXzFmMDNkMjVhLWY4NDEtNjA1OC1iNGZlLWU3MmNmNzY0N2NmZV9fQXJ0aWNsZQ==_Jordan Bardella, le \u00ab\u00a0plan B\u00a0\u00bb qui aimait trop la droite\u00a0?_319&quot;, &quot;customIDSPE&quot;: &quot;bGVmaWdhcm8uZnJfXzFmMDNkMjVhLWY4NDEtNjA1OC1iNGZlLWU3MmNmNzY0N2NmZV9fQXJ0aWNsZQ==&quot;, &quot;event&quot;: &quot;customEventSPE&quot;}\" target=\"_blank\" rel=\"noopener\"><br \/>\n                    Connectez-vous<br \/>\n                <\/a>\n            <\/p>\n","protected":false},"excerpt":{"rendered":"D\u00c9CRYPTAGE &#8211; Le pr\u00e9sident du RN, candidat de secours en cas d\u2019emp\u00eachement de Marine Le\u00a0Pen \u00e0 la prochaine&hellip;\n","protected":false},"author":2,"featured_media":140463,"comment_status":"","ping_status":"","sticky":false,"template":"","format":"standard","meta":{"footnotes":""},"categories":[4],"tags":[11,426,427,422,423,1011,27,418,424,425,1077,420,421,430,12,419,316,429,1078,25,428],"class_list":{"0":"post-140462","1":"post","2":"type-post","3":"status-publish","4":"format-standard","5":"has-post-thumbnail","7":"category-france","8":"tag-actualites","9":"tag-candidat","10":"tag-candidats","11":"tag-depute","12":"tag-deputes","13":"tag-fr","14":"tag-france","15":"tag-gouvernement","16":"tag-institution","17":"tag-institutions","18":"tag-jordan-bardella","19":"tag-loi","20":"tag-lois","21":"tag-marine-le-pen","22":"tag-news","23":"tag-opposition","24":"tag-politique","25":"tag-ps","26":"tag-rassemblement-national","27":"tag-republique-francaise","28":"tag-ump"},"share_on_mastodon":{"url":"https:\/\/pubeurope.com\/@fr\/114599638067931349","error":""},"_links":{"self":[{"href":"https:\/\/www.europesays.com\/fr\/wp-json\/wp\/v2\/posts\/140462","targetHints":{"allow":["GET"]}}],"collection":[{"href":"https:\/\/www.europesays.com\/fr\/wp-json\/wp\/v2\/posts"}],"about":[{"href":"https:\/\/www.europesays.com\/fr\/wp-json\/wp\/v2\/types\/post"}],"author":[{"embeddable":true,"href":"https:\/\/www.europesays.com\/fr\/wp-json\/wp\/v2\/users\/2"}],"replies":[{"embeddable":true,"href":"https:\/\/www.europesays.com\/fr\/wp-json\/wp\/v2\/comments?post=140462"}],"version-history":[{"count":0,"href":"https:\/\/www.europesays.com\/fr\/wp-json\/wp\/v2\/posts\/140462\/revisions"}],"wp:featuredmedia":[{"embeddable":true,"href":"https:\/\/www.europesays.com\/fr\/wp-json\/wp\/v2\/media\/140463"}],"wp:attachment":[{"href":"https:\/\/www.europesays.com\/fr\/wp-json\/wp\/v2\/media?parent=140462"}],"wp:term":[{"taxonomy":"category","embeddable":true,"href":"https:\/\/www.europesays.com\/fr\/wp-json\/wp\/v2\/categories?post=140462"},{"taxonomy":"post_tag","embeddable":true,"href":"https:\/\/www.europesays.com\/fr\/wp-json\/wp\/v2\/tags?post=140462"}],"curies":[{"name":"wp","href":"https:\/\/api.w.org\/{rel}","templated":true}]}}