{"id":140478,"date":"2025-05-31T00:42:09","date_gmt":"2025-05-31T00:42:09","guid":{"rendered":"https:\/\/www.europesays.com\/fr\/140478\/"},"modified":"2025-05-31T00:42:09","modified_gmt":"2025-05-31T00:42:09","slug":"previsions-du-samedi-31-mai-2025-9","status":"publish","type":"post","link":"https:\/\/www.europesays.com\/fr\/140478\/","title":{"rendered":"pr\u00e9visions du samedi 31 mai 2025"},"content":{"rendered":"<p>\u00c0 Montpellier, les maximales pourront atteindre 24\u00b0C dans la journ\u00e9e alors que les minimales seront de 18\u00b0C. Un vent de sud soufflera l\u00e9g\u00e8rement. Le soleil sera dominant, la promesse d&rsquo;une magnifique matin\u00e9e ! Les temp\u00e9ratures tourneront autour des 22\u00b0C. Les nuages dans le ciel de l&rsquo;apr\u00e8s-midi retardent l&rsquo;apparition du soleil. Il va pleuvoir. Les valeurs iront de 22 \u00e0 24\u00b0C. Le soir, on anticipe des temp\u00e9ratures d&rsquo;environ 20\u00b0C. Un ciel d\u00e9pourvu de nuages est \u00e0 pr\u00e9voir dans la nuit reliant samedi et dimanche.<\/p>\n<p>Demain, les Montpelli\u00e9rains vont pouvoir b\u00e9n\u00e9ficier d&rsquo;un soleil radieux. L&rsquo;air ambiant va se r\u00e9chauffer avec une augmentation de quelques degr\u00e9s. Il va faire environ 22\u00b0C. Une modeste brise de sud sera ressentie par les habitants. Les valeurs tourneront autour des 23\u00b0C au cours de la matin\u00e9e. Demain apr\u00e8s-midi, les temp\u00e9ratures afficheront entre 22 et 25\u00b0C. Il fera 20\u00b0C en moyenne demain soir.<\/p>\n<p>Des changements sont pr\u00e9vus les jours suivants. Les conditions m\u00e9t\u00e9orologiques seront pluvieuses lundi mais elles conna\u00eetront une am\u00e9lioration mardi.<\/p>\n<p><\/p>\n","protected":false},"excerpt":{"rendered":"\u00c0 Montpellier, les maximales pourront atteindre 24\u00b0C dans la journ\u00e9e alors que les minimales seront de 18\u00b0C. Un&hellip;\n","protected":false},"author":2,"featured_media":140479,"comment_status":"","ping_status":"","sticky":false,"template":"","format":"standard","meta":{"footnotes":""},"categories":[9599],"tags":[1111,11,1777,674,1011,27,7089,2681,2208,12,2680,2119,25],"class_list":{"0":"post-140478","1":"post","2":"type-post","3":"status-publish","4":"format-standard","5":"has-post-thumbnail","7":"category-montpellier","8":"tag-actu","9":"tag-actualites","10":"tag-eu","11":"tag-europe","12":"tag-fr","13":"tag-france","14":"tag-herault","15":"tag-languedoc-roussillon","16":"tag-montpellier","17":"tag-news","18":"tag-occitanie","19":"tag-previsions-meteo","20":"tag-republique-francaise"},"share_on_mastodon":{"url":"https:\/\/pubeurope.com\/@fr\/114599673378317914","error":""},"_links":{"self":[{"href":"https:\/\/www.europesays.com\/fr\/wp-json\/wp\/v2\/posts\/140478","targetHints":{"allow":["GET"]}}],"collection":[{"href":"https:\/\/www.europesays.com\/fr\/wp-json\/wp\/v2\/posts"}],"about":[{"href":"https:\/\/www.europesays.com\/fr\/wp-json\/wp\/v2\/types\/post"}],"author":[{"embeddable":true,"href":"https:\/\/www.europesays.com\/fr\/wp-json\/wp\/v2\/users\/2"}],"replies":[{"embeddable":true,"href":"https:\/\/www.europesays.com\/fr\/wp-json\/wp\/v2\/comments?post=140478"}],"version-history":[{"count":0,"href":"https:\/\/www.europesays.com\/fr\/wp-json\/wp\/v2\/posts\/140478\/revisions"}],"wp:featuredmedia":[{"embeddable":true,"href":"https:\/\/www.europesays.com\/fr\/wp-json\/wp\/v2\/media\/140479"}],"wp:attachment":[{"href":"https:\/\/www.europesays.com\/fr\/wp-json\/wp\/v2\/media?parent=140478"}],"wp:term":[{"taxonomy":"category","embeddable":true,"href":"https:\/\/www.europesays.com\/fr\/wp-json\/wp\/v2\/categories?post=140478"},{"taxonomy":"post_tag","embeddable":true,"href":"https:\/\/www.europesays.com\/fr\/wp-json\/wp\/v2\/tags?post=140478"}],"curies":[{"name":"wp","href":"https:\/\/api.w.org\/{rel}","templated":true}]}}