{"id":140493,"date":"2025-05-31T00:55:28","date_gmt":"2025-05-31T00:55:28","guid":{"rendered":"https:\/\/www.europesays.com\/fr\/140493\/"},"modified":"2025-05-31T00:55:28","modified_gmt":"2025-05-31T00:55:28","slug":"programme-acces-autorisations-tout-savoir-sur-le-festival-charivari-pres-de-nantes","status":"publish","type":"post","link":"https:\/\/www.europesays.com\/fr\/140493\/","title":{"rendered":"Programme, acc\u00e8s, autorisations\u2026 tout savoir sur le festival Charivari pr\u00e8s de Nantes"},"content":{"rendered":"<p>            Par<br \/>\n        <strong><br \/>\n            <a href=\"https:\/\/actu.fr\/auteur\/journaliste-sm\" title=\"Consulter tous les articles de R\u00e9daction Clisson\" rel=\"nofollow noopener\" target=\"_blank\">R\u00e9daction Clisson<\/a><br \/>\n        <\/strong><\/p>\n<p>        Publi\u00e9 le<\/p>\n<p>            30 mai 2025 \u00e0 16h07        <\/p>\n<p><b>\u00c9v\u00e9nement phare de la ville de <a href=\"https:\/\/actu.fr\/pays-de-la-loire\/vertou_44215\" rel=\"nofollow noopener\" target=\"_blank\">Vertou<\/a>,<\/b> ce festival gratuit, festif et familial s\u2019installe comme chaque ann\u00e9e, ou presque (annulations en\u00a02020 et\u00a02021 \u00e0 cause de la crise sanitaire, en 2022, \u00e0 cause des travaux et en 2024, en raison du passage de la flamme olympique), dans le cadre verdoyant du <a href=\"https:\/\/www.google.com\/maps\/place\/Parc+de+la+S%C3%A8vre\/data=!4m2!3m1!1s0x0:0xc652623963f384ce?sa=X&amp;ved=1t:2428&amp;ictx=111\" rel=\"nofollow noopener\" target=\"_blank\">Parc de la S\u00e8vre<\/a>.<\/p>\n<p class=\" wall-content\"><b>Concerts en plein air,<\/b> spectacles pour tous les \u00e2ges, artistes locaux et b\u00e9n\u00e9voles passionn\u00e9s\u2009:<\/p>\n<blockquote class=\"ac-article-quote wall-content\">\n<p>Charivari est devenu, depuis sa cr\u00e9ation en 2009, une v\u00e9ritable fiert\u00e9 vertavienne.<\/p>\n<p>La municipalit\u00e9 organisatrice<\/p><\/blockquote>\n<p class=\" wall-content\">Manifestation tout public, con\u00e7ue pour \u00eatre aussi bien un rendez-vous musical qu\u2019un moment de partage, il aura lieu les <a href=\"https:\/\/vertou.fr\/se-divertir\/festival-charivari\/programme\/samedi-31-mai\/\" rel=\"nofollow noopener\" target=\"_blank\"><b>samedi 31\u00a0mai <\/b><\/a>et <a href=\"https:\/\/vertou.fr\/se-divertir\/festival-charivari\/programme\/dimanche-1-juin\/\" rel=\"nofollow noopener\" target=\"_blank\"><b>dimanche 1er\u00a0juin.<\/b><\/a><\/p>\n<p class=\" wall-content\"><b>Deux sc\u00e8nes accueilleront plus d\u2019une vingtaine de spectacles<\/b> m\u00ealant talents \u00e9mergents et artistes confirm\u00e9s. Le programme fait la part belle aux musiques actuelles\u2009: pop, rock, \u00e9lectro, afro-cubain, hip-hop\u2026 avec toujours une attention particuli\u00e8re port\u00e9e aux artistes issus du territoire. La sc\u00e8ne de la Clairi\u00e8re mettra en avant les associations vertaviennes ainsi que des groupes accompagn\u00e9s par les studios Cour et Jardin.<\/p>\n<p>Vid\u00e9os : en ce moment sur Actu<\/p>\n<blockquote class=\"ac-article-quote wall-content\">\n<p>\u00c0 Vertou, nous avons toujours d\u00e9fendu une culture accessible, vivante et f\u00e9d\u00e9ratrice. Charivari en est l\u2019incarnation, en transformant la ville en sc\u00e8ne \u00e0 ciel ouvert et en cr\u00e9ant du lien entre les habitants, les artistes, les associations et les entreprises partenaires.<\/p>\n<p>Rodolphe Amailland, maire de Vertou<\/p><\/blockquote>\n<p class=\" wall-content\">Le festival, qui rassemble<b> chaque ann\u00e9e plus de 25\u2009000 festivaliers,<\/b> s\u2019appuie sur l\u2019\u00e9nergie de pr\u00e8s de 100\u00a0b\u00e9n\u00e9voles. <b>L\u2019\u00e9v\u00e9nement est enti\u00e8rement gratuit,<\/b> sans r\u00e9servation n\u00e9cessaire, et propose \u00e9galement une offre de r<b>estauration sur place avec food-trucks et buvettes<\/b>. L\u2019acc\u00e8s est possible \u00e0 pied, \u00e0 v\u00e9lo, en bus (lignes TAN et Al\u00e9op) ou en voiture (parkings sur le boulevard Guichet-S\u00e9rex ferm\u00e9 pour l\u2019occasion avec une cinquantaine de places PMR, les autres parkings du centre-ville dont S\u00e8vre et Maine, Dix otages, place du march\u00e9\u2026).<\/p>\n<p>De jeunes talents \u00e0 l\u2019honneur<\/p>\n<p class=\" wall-content\">La sc\u00e8ne du Parc accueillera notamment <a href=\"https:\/\/actu.fr\/pays-de-la-loire\/vertou_44215\/pour-le-festival-charivari-pres-de-nantes-noee-revient-avec-encore-plus-de-maturite_62704305.html\" rel=\"nofollow noopener\" target=\"_blank\">No\u00e9e<\/a>, jeune artiste vertavienne \u00e0 la pop alternative intense, <a href=\"https:\/\/actu.fr\/pays-de-la-loire\/vertou_44215\/le-duo-elephanz-revient-a-la-maison-pour-le-festival-charivari_62699748.html\" rel=\"nofollow noopener\" target=\"_blank\">Elephanz<\/a>, duo \u00e9lectro-pop originaire de Vertou, <a href=\"https:\/\/daydream-music.fr\/artistes\/archimede\/\" rel=\"nofollow noopener\" target=\"_blank\">Archim\u00e8de<\/a>, le duo lavallois adul\u00e9 par RTL2, et le <a href=\"https:\/\/www.facebook.com\/lebaldesvarietistes\/?locale=fr_FR\" rel=\"nofollow noopener\" target=\"_blank\">Bal des Vari\u00e9tistes<\/a> pour une soir\u00e9e de cl\u00f4ture d\u00e9lirante le samedi soir.<\/p>\n<p class=\" wall-content\">Le dimanche, place \u00e0 la musique cubaine avec <a href=\"https:\/\/losduendes.fr\/\" rel=\"nofollow noopener\" target=\"_blank\">Los Duendes<\/a>, aux tubes pop du groupe <a href=\"https:\/\/www.facebook.com\/leonieofficiel\/?locale=fr_FR\" rel=\"nofollow noopener\" target=\"_blank\">L\u00e9onie<\/a>, et au rock britannique revisit\u00e9 par <a href=\"https:\/\/arsenal-prod.com\/uk-on-the-rocks\/\" rel=\"nofollow noopener\" target=\"_blank\">UK On The Rocks<\/a>. Ce dernier m\u00eale performance live et anecdotes historiques pour un hommage vibrant aux radios pirates d\u2019outre-Manche.<\/p>\n<p class=\" wall-content\">La sc\u00e8ne de la Clairi\u00e8re valorisera quant \u00e0 elle les talents locaux\u2009: \u00e9coles de musique et de danse, associations de danse ou de cirque, collectifs amateurs\u2026 sans oublier les laur\u00e9ats du tremplin Sc\u00e8ne 2 Demain, avec <a href=\"https:\/\/www.youtube.com\/watch?v=2mlmAzwh9q4\" rel=\"nofollow noopener\" target=\"_blank\">Vilmos Live Club<\/a> (vainqueur 2024) et<a href=\"https:\/\/www.youtube.com\/@immense_et_rouge\" rel=\"nofollow noopener\" target=\"_blank\"> Immense et Rouge<\/a> (finaliste 2025).<\/p>\n<p class=\" wall-content\">Virginie Cl\u00e9net pr\u00e9sentera \u00e9galement sa nouvelle cr\u00e9ation po\u00e9tique Fronti\u00e8res, n\u00e9e d\u2019une r\u00e9sidence \u00e0 Cour et Jardin, tandis que le groupe <a href=\"https:\/\/www.facebook.com\/thenatasband\/\" rel=\"nofollow noopener\" target=\"_blank\">The Nata<\/a>s apportera sa touche surf-rock instrumentale pour conclure le festival.<\/p>\n<p>Un \u00e9v\u00e9nement gratuit<\/p>\n<p class=\" wall-content\">Dans le d\u00e9tail, le samedi, les animations et concerts d\u00e9buteront \u00e0 17\u2009h\u200915 et se poursuivront jusqu\u2019\u00e0 minuit. Le dimanche, les spectacles commenceront \u00e0 13\u2009h\u200945 pour s\u2019achever aux alentours de 19\u2009h.<\/p>\n<p class=\" wall-content\"><a href=\"http:\/\/umap.openstreetmap.fr\/fr\/map\/festival-charivari-2025-by-transway_1203656?scaleControl=false&amp;miniMap=false&amp;scrollWheelZoom=true&amp;zoomControl=true&amp;editMode=disabled&amp;moreControl=false&amp;searchControl=null&amp;tilelayersControl=null&amp;embedControl=null&amp;datalayersControl=false&amp;onLoadPanel=none&amp;captionBar=false&amp;captionMenus=false&amp;homeControl=false#16\/47.1674\/-1.4767\" rel=\"nofollow noopener\" target=\"_blank\">L\u2019\u00e9v\u00e9nement se d\u00e9roulera dans le Parc de la S\u00e8vre,<\/a> accessible par l\u2019avenue du Loiry ou le chemin des Rivi\u00e8res. L\u2019acc\u00e8s peut se faire en bus via les lignes TAN 97, 28 et Al\u00e9op, avec des arr\u00eats \u00e0 proximit\u00e9 tels que \u00ab\u2009Vertou Mairie\u2009\u00bb ou \u00ab\u2009Le Ch\u00eane\u2009\u00bb.<b> La ville demande de favoriser les mobilit\u00e9s douces<\/b> avec la mise en place de trois parkings v\u00e9lo et la pr\u00e9sence de <a href=\"https:\/\/www.atelierdupignon.fr\/\" rel=\"nofollow noopener\" target=\"_blank\">l\u2019atelier du Pignon<\/a> le dimanche, de 11h \u00e0 15h, pour le contr\u00f4le technique des v\u00e9los.<\/p>\n<p class=\" wall-content\"><b>L\u2019acc\u00e8s est interdit \u00e0 l\u2019enceinte du festival aux chiens m\u00eame tenus en laisse. <\/b>Il est conseill\u00e9 d\u2019apporter une couverture ou des coussins pour s\u2019installer confortablement dans l\u2019herbe.\u00a0<b>Des bouchons d\u2019oreilles et des casques pour les enfants<\/b>, avec une caution, seront mis \u00e0 disposition et des bracelets permettant d\u2019inscrire nom et t\u00e9l\u00e9phone des parents pour les enfants seront aussi propos\u00e9s pour en cas d\u2019\u00e9garement.<\/p>\n<p>    <a href=\"https:\/\/www.facebook.com\/plugins\/post.php?href=https%3A%2F%2Fwww.facebook.com%2FVilleDeVertou%2Fposts%2Fpfbid02PyiQqvFoVxWMbPnwPXEahbabhW5H8vaNCvAfPqBRaiPfxyrjTAR2ZZgrxubR1A59l&amp;show_text=true&amp;width=350\" title=\"Ouvrie le lien\" rel=\"nofollow noopener\" target=\"_blank\">Cliquez ici pour visualiser le contenu<\/a><\/p>\n<p class=\" wall-content\">Enfin, en mati\u00e8re d\u2019accompagnement, l\u2019association <a href=\"https:\/\/arche-france.org\/\" rel=\"nofollow noopener\" target=\"_blank\">l\u2019Arche<\/a>, qui <b>accueille des adultes ayant un handicap mental<\/b>, sera pr\u00e9sente pour aider des personnes d\u00e9ficientes.<\/p>\n<p class=\" wall-content\">Quant \u00e0 l\u2019association <a href=\"https:\/\/www.entraidaddict.fr\/page\/1932897-l-association\" rel=\"nofollow noopener\" target=\"_blank\">Entraid\u2019Addict, <\/a>elle <b>proposera des \u00e9thylotests le samedi soir<\/b> et fera de la pr\u00e9vention aupr\u00e8s des festivaliers.<\/p>\n<p>Des petits trucs en plus<\/p>\n<p class=\" wall-content\">M\u00eame si l\u2019accueil d\u2019une telle densit\u00e9 de population sur le site laisse forc\u00e9ment des traces<b>, le festival essaye d\u2019\u00eatre le plus \u00e9cologique possible<\/b>\u2009: par exemple, avec l\u2019utilisation de<b> <\/b>bo\u00eetes dans les food-truck et de gobelets consign\u00e9s au bar \u00e0 rapporter aux stands d\u00e9di\u00e9s pour limiter les d\u00e9chets\u2009; et<b> <\/b>la suppression de vaisselle plastique<b> <\/b>sur le festival et dans le village des artistes remplac\u00e9e par des couverts en durs ou en carton recyclable.<\/p>\n<p>    <a href=\"https:\/\/www.youtube.com\/embed\/NZ8NIEGYjUc\" title=\"Ouvrie le lien\" rel=\"nofollow noopener\" target=\"_blank\">Cliquez ici pour visualiser le contenu<\/a><\/p>\n<p class=\" wall-content\">Pour le tri, <a href=\"https:\/\/www.ecopole.org\/adherents\/aremacs-pays-de-la-loire-nantesaremacs-com\/\" rel=\"nofollow noopener\" target=\"_blank\">l\u2019association Aremacs<\/a> propose des actions de sensibilisation avec les festivaliers et <b>une brigade verte de 8 jeunes <\/b>est <b>mise en place,<\/b> avec le<a href=\"https:\/\/vertou.fr\/vivre\/famille-et-jeunesse\/jeunesse-11-a-21-ans\/soutien-a-lautonomie\/mon-passeport-liberte\/\" rel=\"nofollow noopener\" target=\"_blank\"> Passeport libert\u00e9<\/a> (\u00e9change de temps pour la collectivit\u00e9 contre une aide financi\u00e8re du permis de conduire ou du Bafa), pour <b>inciter au tri <\/b>(plus de 13\u2009945 litres de d\u00e9chets ont \u00e9t\u00e9 tri\u00e9s dont 72\u2009% revaloris\u00e9s en 2023). De m\u00eame, le festival installe <b>des\u00a0toilettes et produits sanitaires respectueux de l\u2019environnement <\/b>et<b> surveille les consommations \u00e9lectriques avec du mat\u00e9riel moins \u00e9nergivore<\/b> (\u00e9clairage LED, choix de r\u00e9gies \u00e9co-responsables\u2026).\u00a0<\/p>\n<p class=\" wall-content\">Enfin, pour rendre encore plus convivial ces deux jours, un <b>pique-nique dominical,<\/b> en musique aux abords de la sc\u00e8ne de la Clairi\u00e8re aura lieu dimanche midi.<\/p>\n<p class=\" wall-content\">Suivez toute l\u2019actualit\u00e9 de vos villes et m\u00e9dias favoris en vous inscrivant \u00e0 <a href=\"https:\/\/moncompte.actu.fr\" title=\"D\u00e9couvez Mon Actu\" rel=\"nofollow noopener\" data-trk=\"{&quot;cta&quot;:{&quot;action&quot;:&quot;https:\\\/\\\/moncompte.actu.fr&quot;,&quot;category&quot;:&quot;mon compte&quot;,&quot;from&quot;:&quot;article footer&quot;,&quot;name&quot;:&quot;Mon actu&quot;,&quot;type&quot;:&quot;cta&quot;}}\" target=\"_blank\">Mon Actu<\/a>.<\/p>\n","protected":false},"excerpt":{"rendered":"Par R\u00e9daction Clisson Publi\u00e9 le 30 mai 2025 \u00e0 16h07 \u00c9v\u00e9nement phare de la ville de Vertou, ce&hellip;\n","protected":false},"author":2,"featured_media":140494,"comment_status":"","ping_status":"","sticky":false,"template":"","format":"standard","meta":{"footnotes":""},"categories":[2818],"tags":[1111,11,1697,1777,674,1011,27,1652,873,766,12,2636,25,2900],"class_list":{"0":"post-140493","1":"post","2":"type-post","3":"status-publish","4":"format-standard","5":"has-post-thumbnail","7":"category-nantes","8":"tag-actu","9":"tag-actualites","10":"tag-concert","11":"tag-eu","12":"tag-europe","13":"tag-fr","14":"tag-france","15":"tag-loisirs-culture","16":"tag-musique","17":"tag-nantes","18":"tag-news","19":"tag-pays-de-la-loire","20":"tag-republique-francaise","21":"tag-vignoble-nantais"},"share_on_mastodon":{"url":"https:\/\/pubeurope.com\/@fr\/114599724494822610","error":""},"_links":{"self":[{"href":"https:\/\/www.europesays.com\/fr\/wp-json\/wp\/v2\/posts\/140493","targetHints":{"allow":["GET"]}}],"collection":[{"href":"https:\/\/www.europesays.com\/fr\/wp-json\/wp\/v2\/posts"}],"about":[{"href":"https:\/\/www.europesays.com\/fr\/wp-json\/wp\/v2\/types\/post"}],"author":[{"embeddable":true,"href":"https:\/\/www.europesays.com\/fr\/wp-json\/wp\/v2\/users\/2"}],"replies":[{"embeddable":true,"href":"https:\/\/www.europesays.com\/fr\/wp-json\/wp\/v2\/comments?post=140493"}],"version-history":[{"count":0,"href":"https:\/\/www.europesays.com\/fr\/wp-json\/wp\/v2\/posts\/140493\/revisions"}],"wp:featuredmedia":[{"embeddable":true,"href":"https:\/\/www.europesays.com\/fr\/wp-json\/wp\/v2\/media\/140494"}],"wp:attachment":[{"href":"https:\/\/www.europesays.com\/fr\/wp-json\/wp\/v2\/media?parent=140493"}],"wp:term":[{"taxonomy":"category","embeddable":true,"href":"https:\/\/www.europesays.com\/fr\/wp-json\/wp\/v2\/categories?post=140493"},{"taxonomy":"post_tag","embeddable":true,"href":"https:\/\/www.europesays.com\/fr\/wp-json\/wp\/v2\/tags?post=140493"}],"curies":[{"name":"wp","href":"https:\/\/api.w.org\/{rel}","templated":true}]}}