{"id":140500,"date":"2025-05-31T00:59:10","date_gmt":"2025-05-31T00:59:10","guid":{"rendered":"https:\/\/www.europesays.com\/fr\/140500\/"},"modified":"2025-05-31T00:59:10","modified_gmt":"2025-05-31T00:59:10","slug":"345c-a-toulouse-346c-a-pau-des-records-de-chaleur-pour-un-mois-de-mai-dans-le-sud-ouest","status":"publish","type":"post","link":"https:\/\/www.europesays.com\/fr\/140500\/","title":{"rendered":"34,5\u00b0C \u00e0 Toulouse, 34,6\u00b0C \u00e0 Pau&#8230; des records de chaleur pour un mois de mai dans le Sud-Ouest"},"content":{"rendered":"<p>Le mercure est ainsi mont\u00e9 jusqu&rsquo;\u00e0 34,5\u00b0C \u00e0 Toulouse, soit 1,1 degr\u00e9 de plus que lors du pr\u00e9c\u00e9dent record, \u00e9tabli le 18 mai 2022. Dans la Ville rose, \u00ab\u00a0la temp\u00e9rature n&rsquo;avait encore jamais atteint 34\u00b0C avant le 11 juin\u00a0\u00bb, ce qui avait \u00e9t\u00e9 le cas en 2017, note par ailleurs M\u00e9t\u00e9o-France.<\/p>\n<p>30\u00b0C m\u00eame \u00e0 Paris<\/p>\n<p>Lors de ce pont de l&rsquo;Ascension \u00ab\u00a0marqu\u00e9 par un soleil g\u00e9n\u00e9reux et de fortes chaleurs sur l&rsquo;Hexagone\u00a0\u00bb, il a fait jusqu&rsquo;\u00e0 34,6\u00b0C \u00e0 Pau (un demi-degr\u00e9 de plus que le 30 mai 1996), 33,3\u00b0C \u00e0 Brive-la-Gaillarde (0,4 degr\u00e9 de plus que le 30 mai 2021) ou encore 33,5\u00b0C \u00e0 Royan (0,8 degr\u00e9 de plus que le 16 mai 1992), note le pr\u00e9visionniste.<\/p>\n<p>\u00c0 Bordeaux, bien que le record n&rsquo;ait pas \u00e9t\u00e9 battu, \u00ab\u00a0la maximale provisoire de 34.8\u00b0C d\u00e9passe les normales de saison d&rsquo;environ 11 degr\u00e9s\u00a0\u00bb, d\u00e9taille encore M\u00e9t\u00e9o-France.<\/p>\n<p>Le quart sud-ouest n&rsquo;est pas le seul concern\u00e9 par ces temp\u00e9ratures plus hautes que de saison, \u00ab\u00a0en moyenne 5\u00b0C au-dessus des normales de saison\u00a0\u00bb.<\/p>\n<p>Paris a par exemple pour la premi\u00e8re fois de l&rsquo;ann\u00e9e d\u00e9pass\u00e9 les 30 degr\u00e9s (30.5\u00b0C), et Royan (33.5\u00b0C), Niort (33.5\u00b0C), Cholet (31.3\u00b0C) et Limoges (30.7\u00b0C) ont \u00e9galement \u00e9tabli de nouveaux records pour un mois de mai.<\/p>\n<p>Samedi sera par ailleurs orageux un peu partout dans le pays avec 51 d\u00e9partements en vigilance jaune, notamment dans le sud-ouest et le nord-est de l&rsquo;Hexagone.<\/p>\n","protected":false},"excerpt":{"rendered":"Le mercure est ainsi mont\u00e9 jusqu&rsquo;\u00e0 34,5\u00b0C \u00e0 Toulouse, soit 1,1 degr\u00e9 de plus que lors du pr\u00e9c\u00e9dent&hellip;\n","protected":false},"author":2,"featured_media":140501,"comment_status":"","ping_status":"","sticky":false,"template":"","format":"standard","meta":{"footnotes":""},"categories":[2816],"tags":[17,26792,26793,26794,1111,11,13208,154,1777,674,1011,27,12,2680,6374,16659,25,104,2312],"class_list":{"0":"post-140500","1":"post","2":"type-post","3":"status-publish","4":"format-standard","5":"has-post-thumbnail","7":"category-toulouse","8":"tag-17","9":"tag-26792","10":"tag-5c","11":"tag-6c","12":"tag-actu","13":"tag-actualites","14":"tag-chaleur","15":"tag-des","16":"tag-eu","17":"tag-europe","18":"tag-fr","19":"tag-france","20":"tag-news","21":"tag-occitanie","22":"tag-pau","23":"tag-records","24":"tag-republique-francaise","25":"tag-societe","26":"tag-toulouse"},"share_on_mastodon":{"url":"https:\/\/pubeurope.com\/@fr\/114599740249201601","error":""},"_links":{"self":[{"href":"https:\/\/www.europesays.com\/fr\/wp-json\/wp\/v2\/posts\/140500","targetHints":{"allow":["GET"]}}],"collection":[{"href":"https:\/\/www.europesays.com\/fr\/wp-json\/wp\/v2\/posts"}],"about":[{"href":"https:\/\/www.europesays.com\/fr\/wp-json\/wp\/v2\/types\/post"}],"author":[{"embeddable":true,"href":"https:\/\/www.europesays.com\/fr\/wp-json\/wp\/v2\/users\/2"}],"replies":[{"embeddable":true,"href":"https:\/\/www.europesays.com\/fr\/wp-json\/wp\/v2\/comments?post=140500"}],"version-history":[{"count":0,"href":"https:\/\/www.europesays.com\/fr\/wp-json\/wp\/v2\/posts\/140500\/revisions"}],"wp:featuredmedia":[{"embeddable":true,"href":"https:\/\/www.europesays.com\/fr\/wp-json\/wp\/v2\/media\/140501"}],"wp:attachment":[{"href":"https:\/\/www.europesays.com\/fr\/wp-json\/wp\/v2\/media?parent=140500"}],"wp:term":[{"taxonomy":"category","embeddable":true,"href":"https:\/\/www.europesays.com\/fr\/wp-json\/wp\/v2\/categories?post=140500"},{"taxonomy":"post_tag","embeddable":true,"href":"https:\/\/www.europesays.com\/fr\/wp-json\/wp\/v2\/tags?post=140500"}],"curies":[{"name":"wp","href":"https:\/\/api.w.org\/{rel}","templated":true}]}}